{"id":46417,"date":"2025-06-03T20:26:54","date_gmt":"2025-06-03T20:26:54","guid":{"rendered":"https:\/\/armstrongyregion.com.ar\/diario\/?p=46417"},"modified":"2025-06-03T20:26:56","modified_gmt":"2025-06-03T20:26:56","slug":"agroactiva-2025-provincia-lidera-la-muestra-con-hitos-clave-para-la-produccion","status":"publish","type":"post","link":"https:\/\/armstrongyregion.com.ar\/diario\/agroactiva-2025-provincia-lidera-la-muestra-con-hitos-clave-para-la-produccion\/","title":{"rendered":"Agroactiva 2025: Provincia lidera la muestra con hitos clave para la producci\u00f3n."},"content":{"rendered":"\n<figure class=\"wp-block-image size-full\"><img loading=\"lazy\" decoding=\"async\" width=\"640\" height=\"360\" src=\"http:\/\/armstrongyregion.com.ar\/diario\/wp-content\/uploads\/2025\/06\/GOBERNADOR.jpg\" alt=\"\" class=\"wp-image-46418\" srcset=\"https:\/\/armstrongyregion.com.ar\/diario\/wp-content\/uploads\/2025\/06\/GOBERNADOR.jpg 640w, https:\/\/armstrongyregion.com.ar\/diario\/wp-content\/uploads\/2025\/06\/GOBERNADOR-300x169.jpg 300w\" sizes=\"auto, (max-width: 640px) 100vw, 640px\" \/><\/figure>\n\n\n\n<h2 class=\"wp-block-heading\">La megamuestra se pone en marcha ma\u00f1ana, en Armstrong. \u201cDise\u00f1amos una estrategia integral que abarca financiamiento, innovaci\u00f3n tecnol\u00f3gica, fortalecimiento de la industria y expansi\u00f3n de mercados internacionales en un espacio institucional de 15.600 metros cuadrados\u201d, afirm\u00f3 el titular de la cartera productiva, Gustavo Puccini.<\/h2>\n\n\n\n<p>La Provincia de Santa Fe se presentar\u00e1 en la megamuestra Agroactiva 2025, del 4 al 7 de junio en Armstrong, con una participaci\u00f3n sin precedentes, consolidando su liderazgo en innovaci\u00f3n agroindustrial, financiamiento y servicios para la comunidad.<br><br>Uno de los pilares fundamentales de la participaci\u00f3n del Gobierno de Santa Fe es la presentaci\u00f3n de un esquema de financiamiento productivo, que alcanza los 66.800 millones de pesos destinados a la adquisici\u00f3n de maquinaria agr\u00edcola, tecnolog\u00eda y proyectos estrat\u00e9gicos. Este lanzamiento tendr\u00e1 lugar el mi\u00e9rcoles 7, a las 12, junto con la inauguraci\u00f3n oficial del stand provincial, con la presencia del gobernador Maximiliano Pullaro.<br><br>Con 26 l\u00edneas de financiamiento, de las cuales 17 son nuevas, el Gobierno santafesino busca facilitar el acceso a recursos claves para la modernizaci\u00f3n del agro y la industria. Entidades como el Banco de Santa Fe, Banco Naci\u00f3n, el Consejo Federal de Inversiones y las Agencias de Desarrollo sumaron esfuerzos para garantizar condiciones accesibles y fomentar la inversi\u00f3n en sectores estrat\u00e9gicos.<br><br>Asimismo, Santa Fe reafirma su compromiso con la internacionalizaci\u00f3n de la producci\u00f3n, promoviendo rondas de negocios con 15 compradores internacionales, 115 empresas nacionales (78 de ellas santafesinas) y m\u00e1s de 300 encuentros comerciales. Este espacio, que tendr\u00e1 su apertura el mi\u00e9rcoles 7 a las 9, fortalecer\u00e1 la exportaci\u00f3n de productos y generar\u00e1 nuevas alianzas comerciales para potenciar el sector agroindustrial.<\/p>\n\n\n\n<p><strong>Agenda de actividades<\/strong><br>La identidad gastron\u00f3mica provincial estar\u00e1 representada en el ciclo \u201cSabores de Santa Fe\u201d, que comenzar\u00e1 el mi\u00e9rcoles 7, a las 13, en el Escenario 360. Este espacio permitir\u00e1 conocer y disfrutar las tradiciones culinarias santafesinas.<br><br>Adem\u00e1s, los puertos santafesinos desplegar\u00e1n su potencial con una presentaci\u00f3n especial el mi\u00e9rcoles 7, a las 16, donde se destacar\u00e1n las oportunidades log\u00edsticas y comerciales que ofrece la provincia.<br><br>La inauguraci\u00f3n oficial de la feria ser\u00e1 el jueves 8 a las 10.30, en el p\u00f3rtico de ingreso. Seguidamente, se presentar\u00e1 el Congreso Internacional de Ma\u00edz, que se celebrar\u00e1 los d\u00edas 28 y 29 de agosto en C\u00f3rdoba, evento clave para la cadena productiva del cereal.<br><br>El programa Exporta Simple, que busca simplificar los tr\u00e1mites de exportaci\u00f3n para peque\u00f1as y medianas empresas, tendr\u00e1 su presentaci\u00f3n el jueves 8 a las 9:30, destacando el papel de Rosario como centro estrat\u00e9gico para el comercio internacional.<br><br>A nivel energ\u00e9tico, la provincia dar\u00e1 un paso fundamental con la firma del inicio de obra de cinco gasoductos, el mi\u00e9rcoles 7 a las 14. Se trata de una inversi\u00f3n estrat\u00e9gica que mejorar\u00e1 la infraestructura y garantizar\u00e1 el abastecimiento energ\u00e9tico para la producci\u00f3n, fortaleciendo la competitividad industrial.<br><br>El jueves a las 13, se llevar\u00e1 a cabo la reuni\u00f3n de la Mesa de Gas, Petr\u00f3leo y Miner\u00eda, un espacio clave para la econom\u00eda santafesina.<br><br><img decoding=\"async\" alt=\"\" src=\"https:\/\/ci3.googleusercontent.com\/meips\/ADKq_NbwLsVV-dOzfWjLtJBDHZpR0-xXSxV3igjTdv66BjCRLJt-ZZMaIoupCiKK1yGXWmubVQ1Wqff4dNvZMQEIHQ-n0t8lt83_q3cqgQxpMQwc5vebC5Tq_oimu9Y2EwdhECqu2IopLYrk_1-MnDY=s0-d-e1-ft#https:\/\/www.santafe.gov.ar\/noticias\/recursos\/fotos\/2025\/06\/2025-06-03NID_283221O_2.jpeg\"><\/p>\n\n\n\n<p><strong>Participaci\u00f3n y atracciones<\/strong><br>El compromiso con la educaci\u00f3n y la formaci\u00f3n de talento tambi\u00e9n estar\u00e1 presente en Agroactiva, con la participaci\u00f3n de m\u00e1s de 1200 estudiantes de 33 escuelas agrot\u00e9cnicas, fomentando el aprendizaje y garantizando la evoluci\u00f3n del sector agroindustrial.<br><br>Para los fan\u00e1ticos del f\u00fatbol, uno de los hitos destacados ser\u00e1 la exhibici\u00f3n de la r\u00e9plica de la Copa del Mundo, disponible durante toda la muestra. Este atractivo busca conectar la identidad santafesina con el orgullo nacional.<br><br>As\u00ed, Agroactiva 2025 ser\u00e1 el escenario donde Santa Fe demostrar\u00e1 su capacidad de liderazgo, innovaci\u00f3n y crecimiento, consolid\u00e1ndose como un actor clave en el desarrollo productivo del pa\u00eds..<\/p>\n","protected":false},"excerpt":{"rendered":"<p>Agroactiva 2025: Provincia lidera la muestra con hitos clave para la producci\u00f3n.<\/p>\n","protected":false},"author":1,"featured_media":46418,"comment_status":"open","ping_status":"open","sticky":false,"template":"","format":"image","meta":{"_jetpack_memberships_contains_paid_content":false,"footnotes":"","jetpack_publicize_message":"","jetpack_publicize_feature_enabled":true,"jetpack_social_post_already_shared":true,"jetpack_social_options":{"image_generator_settings":{"template":"highway","default_image_id":0,"enabled":false},"version":2}},"categories":[8,1,2,7,3],"tags":[8750,5030,8777,1358,282,8640],"class_list":["post-46417","post","type-post","status-publish","format-image","has-post-thumbnail","hentry","category-deliberando","category-diario-armstrong","category-locales","category-politica","category-region","tag-agroactiva-2","tag-diario-armstrong","tag-lic-graciela-de-la-casa","tag-muestra","tag-produccion","tag-provincia-2","post_format-post-format-image"],"jetpack_publicize_connections":[],"jetpack_featured_media_url":"https:\/\/armstrongyregion.com.ar\/diario\/wp-content\/uploads\/2025\/06\/GOBERNADOR.jpg","jetpack_shortlink":"https:\/\/wp.me\/p62QDO-c4F","jetpack_sharing_enabled":true,"amp_enabled":true,"_links":{"self":[{"href":"https:\/\/armstrongyregion.com.ar\/diario\/wp-json\/wp\/v2\/posts\/46417","targetHints":{"allow":["GET"]}}],"collection":[{"href":"https:\/\/armstrongyregion.com.ar\/diario\/wp-json\/wp\/v2\/posts"}],"about":[{"href":"https:\/\/armstrongyregion.com.ar\/diario\/wp-json\/wp\/v2\/types\/post"}],"author":[{"embeddable":true,"href":"https:\/\/armstrongyregion.com.ar\/diario\/wp-json\/wp\/v2\/users\/1"}],"replies":[{"embeddable":true,"href":"https:\/\/armstrongyregion.com.ar\/diario\/wp-json\/wp\/v2\/comments?post=46417"}],"version-history":[{"count":1,"href":"https:\/\/armstrongyregion.com.ar\/diario\/wp-json\/wp\/v2\/posts\/46417\/revisions"}],"predecessor-version":[{"id":46419,"href":"https:\/\/armstrongyregion.com.ar\/diario\/wp-json\/wp\/v2\/posts\/46417\/revisions\/46419"}],"wp:featuredmedia":[{"embeddable":true,"href":"https:\/\/armstrongyregion.com.ar\/diario\/wp-json\/wp\/v2\/media\/46418"}],"wp:attachment":[{"href":"https:\/\/armstrongyregion.com.ar\/diario\/wp-json\/wp\/v2\/media?parent=46417"}],"wp:term":[{"taxonomy":"category","embeddable":true,"href":"https:\/\/armstrongyregion.com.ar\/diario\/wp-json\/wp\/v2\/categories?post=46417"},{"taxonomy":"post_tag","embeddable":true,"href":"https:\/\/armstrongyregion.com.ar\/diario\/wp-json\/wp\/v2\/tags?post=46417"}],"curies":[{"name":"wp","href":"https:\/\/api.w.org\/{rel}","templated":true}]}}