{"id":46411,"date":"2025-06-03T15:29:00","date_gmt":"2025-06-03T15:29:00","guid":{"rendered":"https:\/\/armstrongyregion.com.ar\/diario\/?p=46411"},"modified":"2025-06-03T15:29:02","modified_gmt":"2025-06-03T15:29:02","slug":"deliberando-con-la-participacion-especial-del-intendente-guillermo-luzzi","status":"publish","type":"post","link":"https:\/\/armstrongyregion.com.ar\/diario\/deliberando-con-la-participacion-especial-del-intendente-guillermo-luzzi\/","title":{"rendered":"\u00abDeliberando\u00bb con la participaci\u00f3n especial del Intendente Guillermo Luzzi."},"content":{"rendered":"\n<figure class=\"wp-block-image size-large\"><img loading=\"lazy\" decoding=\"async\" width=\"360\" height=\"480\" src=\"http:\/\/armstrongyregion.com.ar\/diario\/wp-content\/uploads\/2025\/06\/GUILLE-LUZZI-3-06-25-360x480.jpg\" alt=\"\" class=\"wp-image-46412\" srcset=\"https:\/\/armstrongyregion.com.ar\/diario\/wp-content\/uploads\/2025\/06\/GUILLE-LUZZI-3-06-25-360x480.jpg 360w, https:\/\/armstrongyregion.com.ar\/diario\/wp-content\/uploads\/2025\/06\/GUILLE-LUZZI-3-06-25-225x300.jpg 225w, https:\/\/armstrongyregion.com.ar\/diario\/wp-content\/uploads\/2025\/06\/GUILLE-LUZZI-3-06-25.jpg 536w\" sizes=\"auto, (max-width: 360px) 100vw, 360px\" \/><\/figure>\n\n\n\n<p>A solo horas de que Armstrong se convierta en el centro de atenci\u00f3n del pa\u00eds al ser anfitriona e inaugurar la mega muestra <strong>Agroactiva<\/strong>, el Intendente nos abrir\u00e1 las puertas de los preparativos.<\/p>\n\n\n\n<p>Luzzi nos brindar\u00e1 detalles exclusivos sobre la <strong>seguridad<\/strong> del evento, la organizaci\u00f3n de la <strong>Carpa de Armstrong<\/strong> y todo lo que la ciudad tiene preparado para recibir a miles de visitantes.<\/p>\n\n\n\n<p>Adem\u00e1s, el programa abordar\u00e1 los importantes avances en <strong>obras p\u00fablicas<\/strong> que se est\u00e1n llevando a cabo en nuestra ciudad. El Intendente nos informar\u00e1 sobre las <strong>nuevas calles de pavimento<\/strong> en diferentes puntos de la ciudad, las mejoras en las <strong>luminarias<\/strong> y los trabajos en el <strong>acceso por Ruta 15<\/strong>, transformando la infraestructura de Armstrong.<\/p>\n\n\n\n<p>Finalmente, en un a\u00f1o electoral, Guillermo Luzzi tambi\u00e9n se referir\u00e1 a la pr\u00f3xima contienda. Aunque no tiene contrincantes pol\u00edticos para la elecci\u00f3n de Intendente, nos hablar\u00e1 sobre el <strong>trabajo, la transparencia y la gesti\u00f3n<\/strong> que caracterizan su labor y la de su equipo.<\/p>\n\n\n\n<p>\u00a1No te pierdas esta oportunidad de informarte de primera mano sobre todo lo que est\u00e1 sucediendo y lo que se viene para Armstrong! Te esperamos este martes a las 21 hs en \u00abDeliberando\u00bb por Cable Imagen Armstrong.<\/p>\n","protected":false},"excerpt":{"rendered":"<p>\u00abDeliberando\u00bb con la participaci\u00f3n especial del Intendente Guillermo Luzzi.<\/p>\n","protected":false},"author":1,"featured_media":46412,"comment_status":"open","ping_status":"open","sticky":false,"template":"","format":"image","meta":{"_jetpack_memberships_contains_paid_content":false,"footnotes":"","jetpack_publicize_message":"","jetpack_publicize_feature_enabled":true,"jetpack_social_post_already_shared":true,"jetpack_social_options":{"image_generator_settings":{"template":"highway","default_image_id":0,"enabled":false},"version":2}},"categories":[8,1,2,7,3],"tags":[8750,20,44,5030,10050],"class_list":["post-46411","post","type-post","status-publish","format-image","has-post-thumbnail","hentry","category-deliberando","category-diario-armstrong","category-locales","category-politica","category-region","tag-agroactiva-2","tag-armstrong","tag-deliberando-2","tag-diario-armstrong","tag-guillermo-luzzi","post_format-post-format-image"],"jetpack_publicize_connections":[],"jetpack_featured_media_url":"https:\/\/armstrongyregion.com.ar\/diario\/wp-content\/uploads\/2025\/06\/GUILLE-LUZZI-3-06-25.jpg","jetpack_shortlink":"https:\/\/wp.me\/p62QDO-c4z","jetpack_sharing_enabled":true,"amp_enabled":true,"_links":{"self":[{"href":"https:\/\/armstrongyregion.com.ar\/diario\/wp-json\/wp\/v2\/posts\/46411","targetHints":{"allow":["GET"]}}],"collection":[{"href":"https:\/\/armstrongyregion.com.ar\/diario\/wp-json\/wp\/v2\/posts"}],"about":[{"href":"https:\/\/armstrongyregion.com.ar\/diario\/wp-json\/wp\/v2\/types\/post"}],"author":[{"embeddable":true,"href":"https:\/\/armstrongyregion.com.ar\/diario\/wp-json\/wp\/v2\/users\/1"}],"replies":[{"embeddable":true,"href":"https:\/\/armstrongyregion.com.ar\/diario\/wp-json\/wp\/v2\/comments?post=46411"}],"version-history":[{"count":1,"href":"https:\/\/armstrongyregion.com.ar\/diario\/wp-json\/wp\/v2\/posts\/46411\/revisions"}],"predecessor-version":[{"id":46413,"href":"https:\/\/armstrongyregion.com.ar\/diario\/wp-json\/wp\/v2\/posts\/46411\/revisions\/46413"}],"wp:featuredmedia":[{"embeddable":true,"href":"https:\/\/armstrongyregion.com.ar\/diario\/wp-json\/wp\/v2\/media\/46412"}],"wp:attachment":[{"href":"https:\/\/armstrongyregion.com.ar\/diario\/wp-json\/wp\/v2\/media?parent=46411"}],"wp:term":[{"taxonomy":"category","embeddable":true,"href":"https:\/\/armstrongyregion.com.ar\/diario\/wp-json\/wp\/v2\/categories?post=46411"},{"taxonomy":"post_tag","embeddable":true,"href":"https:\/\/armstrongyregion.com.ar\/diario\/wp-json\/wp\/v2\/tags?post=46411"}],"curies":[{"name":"wp","href":"https:\/\/api.w.org\/{rel}","templated":true}]}}