{"id":46390,"date":"2025-06-02T13:47:06","date_gmt":"2025-06-02T13:47:06","guid":{"rendered":"https:\/\/armstrongyregion.com.ar\/diario\/?p=46390"},"modified":"2025-06-02T13:47:13","modified_gmt":"2025-06-02T13:47:13","slug":"importante-reunion-de-seguridad-por-agroactiva-2025","status":"publish","type":"post","link":"https:\/\/armstrongyregion.com.ar\/diario\/importante-reunion-de-seguridad-por-agroactiva-2025\/","title":{"rendered":"Importante reuni\u00f3n de Seguridad por AgroActiva 2025."},"content":{"rendered":"\n<figure class=\"wp-block-image size-large\"><img loading=\"lazy\" decoding=\"async\" width=\"640\" height=\"480\" src=\"http:\/\/armstrongyregion.com.ar\/diario\/wp-content\/uploads\/2025\/06\/SEGURIDAD-AGROACTIVA-2--640x480.jpg\" alt=\"\" class=\"wp-image-46391\" srcset=\"https:\/\/armstrongyregion.com.ar\/diario\/wp-content\/uploads\/2025\/06\/SEGURIDAD-AGROACTIVA-2--640x480.jpg 640w, https:\/\/armstrongyregion.com.ar\/diario\/wp-content\/uploads\/2025\/06\/SEGURIDAD-AGROACTIVA-2--300x225.jpg 300w, https:\/\/armstrongyregion.com.ar\/diario\/wp-content\/uploads\/2025\/06\/SEGURIDAD-AGROACTIVA-2-.jpg 714w\" sizes=\"auto, (max-width: 640px) 100vw, 640px\" \/><\/figure>\n\n\n\n<p>El viernes 30 de mayo, en el sal\u00f3n auditorio Delmo Dar\u00f3 de a Municipalidad de Armstrong se<br>concret\u00f3 una importante reuni\u00f3n referente a la seguridad, con motivo de la nueva edici\u00f3n de<br>AgroActiva 2025, que se realizar\u00e1 del 4 al 7 de junio en nuestra ciudad.<\/p>\n\n\n\n<figure class=\"wp-block-image size-large\"><img loading=\"lazy\" decoding=\"async\" width=\"640\" height=\"480\" src=\"http:\/\/armstrongyregion.com.ar\/diario\/wp-content\/uploads\/2025\/06\/SEGURIDAD-AGROACTIVA-1--640x480.jpg\" alt=\"\" class=\"wp-image-46392\" srcset=\"https:\/\/armstrongyregion.com.ar\/diario\/wp-content\/uploads\/2025\/06\/SEGURIDAD-AGROACTIVA-1--640x480.jpg 640w, https:\/\/armstrongyregion.com.ar\/diario\/wp-content\/uploads\/2025\/06\/SEGURIDAD-AGROACTIVA-1--300x225.jpg 300w, https:\/\/armstrongyregion.com.ar\/diario\/wp-content\/uploads\/2025\/06\/SEGURIDAD-AGROACTIVA-1--768x576.jpg 768w, https:\/\/armstrongyregion.com.ar\/diario\/wp-content\/uploads\/2025\/06\/SEGURIDAD-AGROACTIVA-1-.jpg 800w\" sizes=\"auto, (max-width: 640px) 100vw, 640px\" \/><\/figure>\n\n\n\n<p><br>Las distintas fuerzas de seguridad que estar\u00e1n presentes en este evento que recibe p\u00fablico nacional<br>y extranjero se dieron cita en el lugar junto a las autoridades locales, departamentales y provinciales,<br>y autoridades de AgroActiva para coordinar los operativos y protocolos establecidos para los d\u00edas de<br>la muestra.<\/p>\n\n\n\n<figure class=\"wp-block-image size-large\"><img loading=\"lazy\" decoding=\"async\" width=\"640\" height=\"480\" src=\"http:\/\/armstrongyregion.com.ar\/diario\/wp-content\/uploads\/2025\/06\/SEGURIDAD-AGROACTIVA-5--640x480.jpg\" alt=\"\" class=\"wp-image-46393\" srcset=\"https:\/\/armstrongyregion.com.ar\/diario\/wp-content\/uploads\/2025\/06\/SEGURIDAD-AGROACTIVA-5--640x480.jpg 640w, https:\/\/armstrongyregion.com.ar\/diario\/wp-content\/uploads\/2025\/06\/SEGURIDAD-AGROACTIVA-5--300x225.jpg 300w, https:\/\/armstrongyregion.com.ar\/diario\/wp-content\/uploads\/2025\/06\/SEGURIDAD-AGROACTIVA-5--768x576.jpg 768w, https:\/\/armstrongyregion.com.ar\/diario\/wp-content\/uploads\/2025\/06\/SEGURIDAD-AGROACTIVA-5-.jpg 800w\" sizes=\"auto, (max-width: 640px) 100vw, 640px\" \/><\/figure>\n\n\n\n<p><br>Para disfrute y tranquilidad de los visitantes, este a\u00f1o se reforzar\u00e1 la presencia policial tanto en los<br>distintos puntos de accesos as\u00ed como en el predio.\u00a0<\/p>\n\n\n\n<figure class=\"wp-block-image size-large\"><img loading=\"lazy\" decoding=\"async\" width=\"640\" height=\"480\" src=\"http:\/\/armstrongyregion.com.ar\/diario\/wp-content\/uploads\/2025\/06\/SEGURIDAD-AGROACTIVA-3--640x480.jpg\" alt=\"\" class=\"wp-image-46394\" srcset=\"https:\/\/armstrongyregion.com.ar\/diario\/wp-content\/uploads\/2025\/06\/SEGURIDAD-AGROACTIVA-3--640x480.jpg 640w, https:\/\/armstrongyregion.com.ar\/diario\/wp-content\/uploads\/2025\/06\/SEGURIDAD-AGROACTIVA-3--300x225.jpg 300w, https:\/\/armstrongyregion.com.ar\/diario\/wp-content\/uploads\/2025\/06\/SEGURIDAD-AGROACTIVA-3-.jpg 714w\" sizes=\"auto, (max-width: 640px) 100vw, 640px\" \/><\/figure>\n\n\n\n<p><br>La Directora General de AgroActiva Rosana Nardi, agradeci\u00f3 el compromiso y la responsabilidad de<br>todos, para que los d\u00edas de la exposici\u00f3n sean una fiesta.<\/p>\n\n\n\n<figure class=\"wp-block-image size-large\"><img loading=\"lazy\" decoding=\"async\" width=\"640\" height=\"480\" src=\"http:\/\/armstrongyregion.com.ar\/diario\/wp-content\/uploads\/2025\/06\/DEGURIDAD-AGROACTIVA-4--640x480.jpg\" alt=\"\" class=\"wp-image-46395\" srcset=\"https:\/\/armstrongyregion.com.ar\/diario\/wp-content\/uploads\/2025\/06\/DEGURIDAD-AGROACTIVA-4--640x480.jpg 640w, https:\/\/armstrongyregion.com.ar\/diario\/wp-content\/uploads\/2025\/06\/DEGURIDAD-AGROACTIVA-4--300x225.jpg 300w, https:\/\/armstrongyregion.com.ar\/diario\/wp-content\/uploads\/2025\/06\/DEGURIDAD-AGROACTIVA-4--768x576.jpg 768w, https:\/\/armstrongyregion.com.ar\/diario\/wp-content\/uploads\/2025\/06\/DEGURIDAD-AGROACTIVA-4-.jpg 800w\" sizes=\"auto, (max-width: 640px) 100vw, 640px\" \/><\/figure>\n","protected":false},"excerpt":{"rendered":"<p>Importante reuni\u00f3n de Seguridad por AgroActiva 2025.<\/p>\n","protected":false},"author":1,"featured_media":46391,"comment_status":"open","ping_status":"open","sticky":false,"template":"","format":"image","meta":{"_jetpack_memberships_contains_paid_content":false,"footnotes":"","jetpack_publicize_message":"","jetpack_publicize_feature_enabled":true,"jetpack_social_post_already_shared":true,"jetpack_social_options":{"image_generator_settings":{"template":"highway","default_image_id":0,"enabled":false},"version":2}},"categories":[6,8,1,2,7,3],"tags":[8750,5030,929,8777,462,8991],"class_list":["post-46390","post","type-post","status-publish","format-image","has-post-thumbnail","hentry","category-cultura-entretenimiento","category-deliberando","category-diario-armstrong","category-locales","category-politica","category-region","tag-agroactiva-2","tag-diario-armstrong","tag-importante","tag-lic-graciela-de-la-casa","tag-reunion","tag-seguridad-2","post_format-post-format-image"],"jetpack_publicize_connections":[],"jetpack_featured_media_url":"https:\/\/armstrongyregion.com.ar\/diario\/wp-content\/uploads\/2025\/06\/SEGURIDAD-AGROACTIVA-2-.jpg","jetpack_shortlink":"https:\/\/wp.me\/p62QDO-c4e","jetpack_sharing_enabled":true,"amp_enabled":true,"_links":{"self":[{"href":"https:\/\/armstrongyregion.com.ar\/diario\/wp-json\/wp\/v2\/posts\/46390","targetHints":{"allow":["GET"]}}],"collection":[{"href":"https:\/\/armstrongyregion.com.ar\/diario\/wp-json\/wp\/v2\/posts"}],"about":[{"href":"https:\/\/armstrongyregion.com.ar\/diario\/wp-json\/wp\/v2\/types\/post"}],"author":[{"embeddable":true,"href":"https:\/\/armstrongyregion.com.ar\/diario\/wp-json\/wp\/v2\/users\/1"}],"replies":[{"embeddable":true,"href":"https:\/\/armstrongyregion.com.ar\/diario\/wp-json\/wp\/v2\/comments?post=46390"}],"version-history":[{"count":1,"href":"https:\/\/armstrongyregion.com.ar\/diario\/wp-json\/wp\/v2\/posts\/46390\/revisions"}],"predecessor-version":[{"id":46396,"href":"https:\/\/armstrongyregion.com.ar\/diario\/wp-json\/wp\/v2\/posts\/46390\/revisions\/46396"}],"wp:featuredmedia":[{"embeddable":true,"href":"https:\/\/armstrongyregion.com.ar\/diario\/wp-json\/wp\/v2\/media\/46391"}],"wp:attachment":[{"href":"https:\/\/armstrongyregion.com.ar\/diario\/wp-json\/wp\/v2\/media?parent=46390"}],"wp:term":[{"taxonomy":"category","embeddable":true,"href":"https:\/\/armstrongyregion.com.ar\/diario\/wp-json\/wp\/v2\/categories?post=46390"},{"taxonomy":"post_tag","embeddable":true,"href":"https:\/\/armstrongyregion.com.ar\/diario\/wp-json\/wp\/v2\/tags?post=46390"}],"curies":[{"name":"wp","href":"https:\/\/api.w.org\/{rel}","templated":true}]}}