{"id":46379,"date":"2025-06-02T00:32:31","date_gmt":"2025-06-02T00:32:31","guid":{"rendered":"https:\/\/armstrongyregion.com.ar\/diario\/?p=46379"},"modified":"2025-06-02T00:32:33","modified_gmt":"2025-06-02T00:32:33","slug":"armstrong-se-inauguro-un-mural-que-tiene-como-objetivo-reflejar-honrar-y-multiplicar-el-mensaje-de-donar-vida","status":"publish","type":"post","link":"https:\/\/armstrongyregion.com.ar\/diario\/armstrong-se-inauguro-un-mural-que-tiene-como-objetivo-reflejar-honrar-y-multiplicar-el-mensaje-de-donar-vida\/","title":{"rendered":"Armstrong. Se inaugur\u00f3 un mural que tiene como objetivo reflejar, honrar, y multiplicar el mensaje de donar vida."},"content":{"rendered":"\n<figure class=\"wp-block-image size-large\"><img loading=\"lazy\" decoding=\"async\" width=\"640\" height=\"426\" src=\"http:\/\/armstrongyregion.com.ar\/diario\/wp-content\/uploads\/2025\/06\/MURAL-1--640x426.jpg\" alt=\"\" class=\"wp-image-46380\" srcset=\"https:\/\/armstrongyregion.com.ar\/diario\/wp-content\/uploads\/2025\/06\/MURAL-1--640x426.jpg 640w, https:\/\/armstrongyregion.com.ar\/diario\/wp-content\/uploads\/2025\/06\/MURAL-1--300x200.jpg 300w, https:\/\/armstrongyregion.com.ar\/diario\/wp-content\/uploads\/2025\/06\/MURAL-1-.jpg 683w\" sizes=\"auto, (max-width: 640px) 100vw, 640px\" \/><\/figure>\n\n\n\n<p>El viernes 30 de mayo, d\u00eda Nacional de la Donaci\u00f3n de \u00d3rganos y Tejidos, en la intersecci\u00f3n de<br>calles Fischer e Yrigoyen qued\u00f3 inaugurado un mural que tiene como objetivo reflejar,<br>honrar, y multiplicar el mensaje de donar vida.<\/p>\n\n\n\n<figure class=\"wp-block-image size-large\"><img loading=\"lazy\" decoding=\"async\" width=\"640\" height=\"427\" src=\"http:\/\/armstrongyregion.com.ar\/diario\/wp-content\/uploads\/2025\/06\/MURAL-2--640x427.jpg\" alt=\"\" class=\"wp-image-46381\" srcset=\"https:\/\/armstrongyregion.com.ar\/diario\/wp-content\/uploads\/2025\/06\/MURAL-2--640x427.jpg 640w, https:\/\/armstrongyregion.com.ar\/diario\/wp-content\/uploads\/2025\/06\/MURAL-2--300x200.jpg 300w, https:\/\/armstrongyregion.com.ar\/diario\/wp-content\/uploads\/2025\/06\/MURAL-2-.jpg 651w\" sizes=\"auto, (max-width: 640px) 100vw, 640px\" \/><\/figure>\n\n\n\n<p><br>Del acto participaron autoridades locales, provinciales, profesionales del Centro \u00danico de<br>Donaci\u00f3n, Ablaci\u00f3n e Implante de \u00d3rganos (CUDAIO), representantes de instituciones,<br>familias de donantes, donantes, p\u00fablico en general.<\/p>\n\n\n\n<figure class=\"wp-block-image size-large\"><img loading=\"lazy\" decoding=\"async\" width=\"640\" height=\"427\" src=\"http:\/\/armstrongyregion.com.ar\/diario\/wp-content\/uploads\/2025\/06\/MURAL-3-640x427.jpg\" alt=\"\" class=\"wp-image-46383\" srcset=\"https:\/\/armstrongyregion.com.ar\/diario\/wp-content\/uploads\/2025\/06\/MURAL-3-640x427.jpg 640w, https:\/\/armstrongyregion.com.ar\/diario\/wp-content\/uploads\/2025\/06\/MURAL-3-300x200.jpg 300w, https:\/\/armstrongyregion.com.ar\/diario\/wp-content\/uploads\/2025\/06\/MURAL-3.jpg 715w\" sizes=\"auto, (max-width: 640px) 100vw, 640px\" \/><\/figure>\n\n\n\n<p><br>Se cont\u00f3 tambi\u00e9n con la participaci\u00f3n de la Srta. Vanesa Machado quien interpret\u00f3 con<br>Lengua de Se\u00f1as Argentina todo lo relatado en el evento.<br>Luego de la lectura de la Minuta de Comunicaci\u00f3n N\u00b0 3376 sancionada por el Concejo<br>Municipal sobre la realizaci\u00f3n del mural, hicieron uso de la palabra el Senador Provincial<br>Pablo Verdecchia, el Intendente Guillermo Luzzi, la Subjefa del Laboratorio de<br>Inmunogen\u00e9tica del CUDAIO Bioqu\u00edmica Constanza Mart\u00ednez, y la coordinadora del \u00e1rea de<br>Inmunogen\u00e9tica del CUDAIO Lic. en Biotecnolog\u00eda Gretel Naidich. <\/p>\n\n\n\n<figure class=\"wp-block-image size-large\"><img loading=\"lazy\" decoding=\"async\" width=\"640\" height=\"427\" src=\"http:\/\/armstrongyregion.com.ar\/diario\/wp-content\/uploads\/2025\/06\/MURAL-4-640x427.jpg\" alt=\"\" class=\"wp-image-46384\" srcset=\"https:\/\/armstrongyregion.com.ar\/diario\/wp-content\/uploads\/2025\/06\/MURAL-4-640x427.jpg 640w, https:\/\/armstrongyregion.com.ar\/diario\/wp-content\/uploads\/2025\/06\/MURAL-4-300x200.jpg 300w, https:\/\/armstrongyregion.com.ar\/diario\/wp-content\/uploads\/2025\/06\/MURAL-4.jpg 715w\" sizes=\"auto, (max-width: 640px) 100vw, 640px\" \/><\/figure>\n\n\n\n<p>Finalmente hicieron lo propio Juliana y Francisco, pap\u00e1s de Camilo, trasplantado y fallecido en el a\u00f1o 2024,e impulsores, junto a muchos colaboradores de la recientemente conformada ONG Asociaci\u00f3n<br>Civil Cami del Amor.<\/p>\n\n\n\n<figure class=\"wp-block-image size-large\"><img loading=\"lazy\" decoding=\"async\" width=\"640\" height=\"427\" src=\"http:\/\/armstrongyregion.com.ar\/diario\/wp-content\/uploads\/2025\/06\/MURAL-5--640x427.jpg\" alt=\"\" class=\"wp-image-46385\" srcset=\"https:\/\/armstrongyregion.com.ar\/diario\/wp-content\/uploads\/2025\/06\/MURAL-5--640x427.jpg 640w, https:\/\/armstrongyregion.com.ar\/diario\/wp-content\/uploads\/2025\/06\/MURAL-5--300x200.jpg 300w, https:\/\/armstrongyregion.com.ar\/diario\/wp-content\/uploads\/2025\/06\/MURAL-5-.jpg 742w\" sizes=\"auto, (max-width: 640px) 100vw, 640px\" \/><\/figure>\n\n\n\n<p><br>Los sacerdotes Cristian y Roberto, de las ciudades de Las Parejas y Armstrong,<br>respectivamente, bendijeron ese momento, as\u00ed como a los presentes y al mural, en el que se<br>mencionan los nombres de las personas donantes de nuestra ciudad.<br>Los familiares de donantes que estaban compartiendo este emotivo momento fueron los<br>encargados de realizar el tradicional y simb\u00f3lico corte de cintas.<br>Hoy, este mural ya es una realidad. Y es mucho m\u00e1s que una pared pintada, es un mensaje<br>de vida, es memoria, es amor multiplicado. Es el s\u00edmbolo de lo que podemos hacer cuando<br>trabajamos juntos, con el coraz\u00f3n abierto.<br>Agradecimientos especiales a Marita Brescia y Tati Alfei por ceder desinteresadamente la<br>pared de su hogar, a Mari Aureli por su terreno, y a los muralistas colombianos que<br>casualmente se encontraban en nuestra ciudad: Pao y Yerri Mostaza.<\/p>\n","protected":false},"excerpt":{"rendered":"<p>Armstrong. Se inaugur\u00f3 un mural que tiene como objetivo reflejar, honrar, y multiplicar el mensaje de donar vida.<\/p>\n","protected":false},"author":1,"featured_media":46380,"comment_status":"open","ping_status":"open","sticky":false,"template":"","format":"image","meta":{"_jetpack_memberships_contains_paid_content":false,"footnotes":"","jetpack_publicize_message":"","jetpack_publicize_feature_enabled":true,"jetpack_social_post_already_shared":true,"jetpack_social_options":{"image_generator_settings":{"template":"highway","default_image_id":0,"enabled":false},"version":2}},"categories":[8,1,2,7,3],"tags":[20,5030,11781,11779,11780,9466],"class_list":["post-46379","post","type-post","status-publish","format-image","has-post-thumbnail","hentry","category-deliberando","category-diario-armstrong","category-locales","category-politica","category-region","tag-armstrong","tag-diario-armstrong","tag-donar-vida","tag-honrar","tag-multiplicar","tag-mural","post_format-post-format-image"],"jetpack_publicize_connections":[],"jetpack_featured_media_url":"https:\/\/armstrongyregion.com.ar\/diario\/wp-content\/uploads\/2025\/06\/MURAL-1-.jpg","jetpack_shortlink":"https:\/\/wp.me\/p62QDO-c43","jetpack_sharing_enabled":true,"amp_enabled":true,"_links":{"self":[{"href":"https:\/\/armstrongyregion.com.ar\/diario\/wp-json\/wp\/v2\/posts\/46379","targetHints":{"allow":["GET"]}}],"collection":[{"href":"https:\/\/armstrongyregion.com.ar\/diario\/wp-json\/wp\/v2\/posts"}],"about":[{"href":"https:\/\/armstrongyregion.com.ar\/diario\/wp-json\/wp\/v2\/types\/post"}],"author":[{"embeddable":true,"href":"https:\/\/armstrongyregion.com.ar\/diario\/wp-json\/wp\/v2\/users\/1"}],"replies":[{"embeddable":true,"href":"https:\/\/armstrongyregion.com.ar\/diario\/wp-json\/wp\/v2\/comments?post=46379"}],"version-history":[{"count":1,"href":"https:\/\/armstrongyregion.com.ar\/diario\/wp-json\/wp\/v2\/posts\/46379\/revisions"}],"predecessor-version":[{"id":46386,"href":"https:\/\/armstrongyregion.com.ar\/diario\/wp-json\/wp\/v2\/posts\/46379\/revisions\/46386"}],"wp:featuredmedia":[{"embeddable":true,"href":"https:\/\/armstrongyregion.com.ar\/diario\/wp-json\/wp\/v2\/media\/46380"}],"wp:attachment":[{"href":"https:\/\/armstrongyregion.com.ar\/diario\/wp-json\/wp\/v2\/media?parent=46379"}],"wp:term":[{"taxonomy":"category","embeddable":true,"href":"https:\/\/armstrongyregion.com.ar\/diario\/wp-json\/wp\/v2\/categories?post=46379"},{"taxonomy":"post_tag","embeddable":true,"href":"https:\/\/armstrongyregion.com.ar\/diario\/wp-json\/wp\/v2\/tags?post=46379"}],"curies":[{"name":"wp","href":"https:\/\/api.w.org\/{rel}","templated":true}]}}