{"id":46376,"date":"2025-05-31T18:27:53","date_gmt":"2025-05-31T18:27:53","guid":{"rendered":"https:\/\/armstrongyregion.com.ar\/diario\/?p=46376"},"modified":"2025-05-31T18:30:57","modified_gmt":"2025-05-31T18:30:57","slug":"agroactiva-cada-vez-mas-ganadera","status":"publish","type":"post","link":"https:\/\/armstrongyregion.com.ar\/diario\/agroactiva-cada-vez-mas-ganadera\/","title":{"rendered":"Agroactiva, cada vez m\u00e1s ganadera."},"content":{"rendered":"\n<figure class=\"wp-block-image size-full\"><img loading=\"lazy\" decoding=\"async\" width=\"570\" height=\"320\" src=\"http:\/\/armstrongyregion.com.ar\/diario\/wp-content\/uploads\/2025\/05\/AGROACTIVA-2025-GOV-PCIA-.jpg\" alt=\"\" class=\"wp-image-46369\" srcset=\"https:\/\/armstrongyregion.com.ar\/diario\/wp-content\/uploads\/2025\/05\/AGROACTIVA-2025-GOV-PCIA-.jpg 570w, https:\/\/armstrongyregion.com.ar\/diario\/wp-content\/uploads\/2025\/05\/AGROACTIVA-2025-GOV-PCIA--300x168.jpg 300w\" sizes=\"auto, (max-width: 570px) 100vw, 570px\" \/><\/figure>\n\n\n\n<h2 class=\"wp-block-heading\">Del 4 al 7 de junio, la gran muestra del campo adelanta el atractivo que m\u00e1s creci\u00f3 en los \u00faltimos a\u00f1os: la ganader\u00eda.&nbsp;<\/h2>\n\n\n\n<p>La ganader\u00eda argentina se consolida en&nbsp;<a href=\"https:\/\/www.cadena3.com\/pagina\/tag\/agroactiva\" target=\"_blank\" rel=\"noreferrer noopener\">Agroactiva<\/a>, donde los espacios del sector ganadero est\u00e1n completamente cubiertos. Pablo Sorasio, coordinador del evento, destac\u00f3 a&nbsp;<a href=\"https:\/\/www.cadena3.com\/pagina\/tag\/el-campo-hoy\" target=\"_blank\" rel=\"noreferrer noopener\"><strong>El Campo Hoy<\/strong><\/a>&nbsp;que \u00abla directiva de Agroactiva estaba pensando en que cada vez la ganader\u00eda ten\u00eda que estar m\u00e1s presente\u00bb. Por eso,&nbsp;este a\u00f1o, la muestra promete ser excepcional, impulsada por buenos precios y un entorno favorable para las exportaciones.<\/p>\n\n\n\n<p>Entre los aspectos m\u00e1s destacados de la parte ganadera de Agroactiva se encuentra un remate presencial de aproximadamente 2.000 cabezas de invernada, adem\u00e1s de remates virtuales a cargo de tres casas consignatarias.&nbsp;\u00abAFA tambi\u00e9n hace un remate de gordos el d\u00eda s\u00e1bado y el d\u00eda jueves va a estar el remate de reproductores\u00bb, detalla Sorasio.&nbsp;Se espera la participaci\u00f3n de m\u00e1s de 20 caba\u00f1as de razas reconocidas como Angus, Hereford y Brangus, entre otras.<\/p>\n\n\n\n<p>El evento contar\u00e1 con juras de clasificaci\u00f3n y charlas sobre elecci\u00f3n de reproductores, donde se espera una participaci\u00f3n activa de expertos.&nbsp;\u00abHay m\u00e1s de 30 caba\u00f1as y 130 animales inscriptos, est\u00e1 como totalmente completo\u00bb,&nbsp;afirma Pablo, quien resalta que se debieron dejar afuera algunas caba\u00f1as por falta de espacio.<\/p>\n\n\n\n<p><strong><u>Un contexto distinto<\/u><\/strong><\/p>\n\n\n\n<p>Respecto al contexto del sector, Pablo se\u00f1ala que \u00ablas perspectivas cambiaron para la actividad\u00bb.&nbsp;<strong>El ambiente est\u00e1 activo y expectante, ya que la escasez de hacienda tras a\u00f1os de sequ\u00eda ha llevado a un aumento en los precios.<\/strong>&nbsp;\u00abEsto merece atenci\u00f3n del Gobierno para que haya una pol\u00edtica de Estado en el sector agropecuario\u00bb, comenta, haciendo hincapi\u00e9 en la necesidad de financiamiento a largo plazo para los productores.<\/p>\n\n\n\n<p>Finalmente, concluye invitando a todos a participar de esta gran muestra que se llevar\u00e1 a cabo en Amstrong, destacando que \u00abest\u00e1n todos invitados para una gran muestra, para una muestra realmente federal y ubicada en el coraz\u00f3n de la Argentina\u00bb.&nbsp;<\/p>\n\n\n\n<p>Falta cada vez menos. Y la actividad ganadera de Agroactiva se perfila como un evento clave para el sector en el pa\u00eds.<\/p>\n\n\n\n<p>Cadena3.com<\/p>\n","protected":false},"excerpt":{"rendered":"<p>Agroactiva, cada vez m\u00e1s ganadera.<\/p>\n","protected":false},"author":1,"featured_media":46369,"comment_status":"open","ping_status":"open","sticky":false,"template":"","format":"image","meta":{"_jetpack_memberships_contains_paid_content":false,"footnotes":"","jetpack_publicize_message":"","jetpack_publicize_feature_enabled":true,"jetpack_social_post_already_shared":true,"jetpack_social_options":{"image_generator_settings":{"template":"highway","default_image_id":0,"enabled":false},"version":2}},"categories":[8,1,2,7,3],"tags":[8750,20,2304,5030,9701,9022],"class_list":["post-46376","post","type-post","status-publish","format-image","has-post-thumbnail","hentry","category-deliberando","category-diario-armstrong","category-locales","category-politica","category-region","tag-agroactiva-2","tag-armstrong","tag-cada","tag-diario-armstrong","tag-ganadera","tag-mas-2","post_format-post-format-image"],"jetpack_publicize_connections":[],"jetpack_featured_media_url":"https:\/\/armstrongyregion.com.ar\/diario\/wp-content\/uploads\/2025\/05\/AGROACTIVA-2025-GOV-PCIA-.jpg","jetpack_shortlink":"https:\/\/wp.me\/p62QDO-c40","jetpack_sharing_enabled":true,"amp_enabled":true,"_links":{"self":[{"href":"https:\/\/armstrongyregion.com.ar\/diario\/wp-json\/wp\/v2\/posts\/46376","targetHints":{"allow":["GET"]}}],"collection":[{"href":"https:\/\/armstrongyregion.com.ar\/diario\/wp-json\/wp\/v2\/posts"}],"about":[{"href":"https:\/\/armstrongyregion.com.ar\/diario\/wp-json\/wp\/v2\/types\/post"}],"author":[{"embeddable":true,"href":"https:\/\/armstrongyregion.com.ar\/diario\/wp-json\/wp\/v2\/users\/1"}],"replies":[{"embeddable":true,"href":"https:\/\/armstrongyregion.com.ar\/diario\/wp-json\/wp\/v2\/comments?post=46376"}],"version-history":[{"count":2,"href":"https:\/\/armstrongyregion.com.ar\/diario\/wp-json\/wp\/v2\/posts\/46376\/revisions"}],"predecessor-version":[{"id":46378,"href":"https:\/\/armstrongyregion.com.ar\/diario\/wp-json\/wp\/v2\/posts\/46376\/revisions\/46378"}],"wp:featuredmedia":[{"embeddable":true,"href":"https:\/\/armstrongyregion.com.ar\/diario\/wp-json\/wp\/v2\/media\/46369"}],"wp:attachment":[{"href":"https:\/\/armstrongyregion.com.ar\/diario\/wp-json\/wp\/v2\/media?parent=46376"}],"wp:term":[{"taxonomy":"category","embeddable":true,"href":"https:\/\/armstrongyregion.com.ar\/diario\/wp-json\/wp\/v2\/categories?post=46376"},{"taxonomy":"post_tag","embeddable":true,"href":"https:\/\/armstrongyregion.com.ar\/diario\/wp-json\/wp\/v2\/tags?post=46376"}],"curies":[{"name":"wp","href":"https:\/\/api.w.org\/{rel}","templated":true}]}}