{"id":46371,"date":"2025-05-30T02:54:37","date_gmt":"2025-05-30T02:54:37","guid":{"rendered":"https:\/\/armstrongyregion.com.ar\/diario\/?p=46371"},"modified":"2025-05-30T02:54:39","modified_gmt":"2025-05-30T02:54:39","slug":"armstrong-formacion-en-movilidad-sostenible-en-el-marco-del-proyecto-caminos-escolares-sustentables","status":"publish","type":"post","link":"https:\/\/armstrongyregion.com.ar\/diario\/armstrong-formacion-en-movilidad-sostenible-en-el-marco-del-proyecto-caminos-escolares-sustentables\/","title":{"rendered":"Armstrong. \u00abFormaci\u00f3n en Movilidad Sostenible en el marco del proyecto \u00abCaminos Escolares Sustentables\u00bb."},"content":{"rendered":"\n<figure class=\"wp-block-image size-large\"><img loading=\"lazy\" decoding=\"async\" width=\"640\" height=\"426\" src=\"http:\/\/armstrongyregion.com.ar\/diario\/wp-content\/uploads\/2025\/05\/ESCOLARIDAD-SUSTENTABLE-1-640x426.jpg\" alt=\"\" class=\"wp-image-46372\" srcset=\"https:\/\/armstrongyregion.com.ar\/diario\/wp-content\/uploads\/2025\/05\/ESCOLARIDAD-SUSTENTABLE-1-640x426.jpg 640w, https:\/\/armstrongyregion.com.ar\/diario\/wp-content\/uploads\/2025\/05\/ESCOLARIDAD-SUSTENTABLE-1-300x200.jpg 300w, https:\/\/armstrongyregion.com.ar\/diario\/wp-content\/uploads\/2025\/05\/ESCOLARIDAD-SUSTENTABLE-1.jpg 656w\" sizes=\"auto, (max-width: 640px) 100vw, 640px\" \/><\/figure>\n\n\n\n<p><strong>El pasado 21 de mayo en instalaciones de la Escuela N\u00b0 600 \u201cGral. Manuel Belgrano\u201d se realizaron<br>encuentros presenciales de todos los docentes de nuestra localidad con el objetivo de la \u00abFormaci\u00f3n<br>en Movilidad Sostenible en el marco del proyecto \u00abCaminos Escolares Sustentables\u00bb.<\/strong><\/p>\n\n\n\n<figure class=\"wp-block-image size-large\"><img loading=\"lazy\" decoding=\"async\" width=\"640\" height=\"427\" src=\"http:\/\/armstrongyregion.com.ar\/diario\/wp-content\/uploads\/2025\/05\/ESCOLARIDAD-SUSTENTABLE-2-640x427.jpg\" alt=\"\" class=\"wp-image-46373\" srcset=\"https:\/\/armstrongyregion.com.ar\/diario\/wp-content\/uploads\/2025\/05\/ESCOLARIDAD-SUSTENTABLE-2-640x427.jpg 640w, https:\/\/armstrongyregion.com.ar\/diario\/wp-content\/uploads\/2025\/05\/ESCOLARIDAD-SUSTENTABLE-2-300x200.jpg 300w, https:\/\/armstrongyregion.com.ar\/diario\/wp-content\/uploads\/2025\/05\/ESCOLARIDAD-SUSTENTABLE-2.jpg 699w\" sizes=\"auto, (max-width: 640px) 100vw, 640px\" \/><\/figure>\n\n\n\n<p>Los mismos se desarrollaron tanto en el turno ma\u00f1ana como en el turno tarde y estuvieron a cargo<br>de la Direcci\u00f3n Provincial de Movilidad Sustentable y del Instituto de estudios del Transporte de la<br>UNR, acompa\u00f1ados por autoridades de la Secretar\u00eda de Desarrollo Productivo de la Municipalidad de<br>Armstrong, y la Delegada de la Regi\u00f3n V del Ministerio de Educaci\u00f3n de Santa Fe Prof. Marisa<br>Pr\u00edncipe.<\/p>\n\n\n\n<figure class=\"wp-block-image size-large\"><img loading=\"lazy\" decoding=\"async\" width=\"640\" height=\"427\" src=\"http:\/\/armstrongyregion.com.ar\/diario\/wp-content\/uploads\/2025\/05\/ESCOLARIDA-SUSTENTABLE-3-640x427.jpg\" alt=\"\" class=\"wp-image-46374\" srcset=\"https:\/\/armstrongyregion.com.ar\/diario\/wp-content\/uploads\/2025\/05\/ESCOLARIDA-SUSTENTABLE-3-640x427.jpg 640w, https:\/\/armstrongyregion.com.ar\/diario\/wp-content\/uploads\/2025\/05\/ESCOLARIDA-SUSTENTABLE-3-300x200.jpg 300w, https:\/\/armstrongyregion.com.ar\/diario\/wp-content\/uploads\/2025\/05\/ESCOLARIDA-SUSTENTABLE-3.jpg 722w\" sizes=\"auto, (max-width: 640px) 100vw, 640px\" \/><\/figure>\n\n\n\n<p><br>El programa\u00a0\u201cCaminos Escolares Sustentables\u201d, pretende ofrecer una alternativa de desplazamiento<br>del alumnado a los centros escolares respetuosa con el medio ambiente, potenciadora de h\u00e1bitos de<br>vida saludables y facilitadora de una educaci\u00f3n para la autonom\u00eda, la responsabilidad y el<br>comportamiento c\u00edvico.<\/p>\n\n\n\n<p><\/p>\n","protected":false},"excerpt":{"rendered":"<p>Armstrong. \u00abFormaci\u00f3n en Movilidad Sostenible en el marco del proyecto \u00abCaminos Escolares Sustentables\u00bb.<\/p>\n","protected":false},"author":1,"featured_media":46374,"comment_status":"open","ping_status":"open","sticky":false,"template":"","format":"image","meta":{"_jetpack_memberships_contains_paid_content":false,"footnotes":"","jetpack_publicize_message":"","jetpack_publicize_feature_enabled":true,"jetpack_social_post_already_shared":true,"jetpack_social_options":{"image_generator_settings":{"template":"highway","default_image_id":0,"enabled":false},"version":2}},"categories":[6,8,1,2,7,3],"tags":[20,9230,5030,3508,527,11776,11777,11778],"class_list":["post-46371","post","type-post","status-publish","format-image","has-post-thumbnail","hentry","category-cultura-entretenimiento","category-deliberando","category-diario-armstrong","category-locales","category-politica","category-region","tag-armstrong","tag-caminos-2","tag-diario-armstrong","tag-escolares","tag-formacion","tag-movilida","tag-sostenible","tag-sustentables","post_format-post-format-image"],"jetpack_publicize_connections":[],"jetpack_featured_media_url":"https:\/\/armstrongyregion.com.ar\/diario\/wp-content\/uploads\/2025\/05\/ESCOLARIDA-SUSTENTABLE-3.jpg","jetpack_shortlink":"https:\/\/wp.me\/p62QDO-c3V","jetpack_sharing_enabled":true,"amp_enabled":true,"_links":{"self":[{"href":"https:\/\/armstrongyregion.com.ar\/diario\/wp-json\/wp\/v2\/posts\/46371","targetHints":{"allow":["GET"]}}],"collection":[{"href":"https:\/\/armstrongyregion.com.ar\/diario\/wp-json\/wp\/v2\/posts"}],"about":[{"href":"https:\/\/armstrongyregion.com.ar\/diario\/wp-json\/wp\/v2\/types\/post"}],"author":[{"embeddable":true,"href":"https:\/\/armstrongyregion.com.ar\/diario\/wp-json\/wp\/v2\/users\/1"}],"replies":[{"embeddable":true,"href":"https:\/\/armstrongyregion.com.ar\/diario\/wp-json\/wp\/v2\/comments?post=46371"}],"version-history":[{"count":1,"href":"https:\/\/armstrongyregion.com.ar\/diario\/wp-json\/wp\/v2\/posts\/46371\/revisions"}],"predecessor-version":[{"id":46375,"href":"https:\/\/armstrongyregion.com.ar\/diario\/wp-json\/wp\/v2\/posts\/46371\/revisions\/46375"}],"wp:featuredmedia":[{"embeddable":true,"href":"https:\/\/armstrongyregion.com.ar\/diario\/wp-json\/wp\/v2\/media\/46374"}],"wp:attachment":[{"href":"https:\/\/armstrongyregion.com.ar\/diario\/wp-json\/wp\/v2\/media?parent=46371"}],"wp:term":[{"taxonomy":"category","embeddable":true,"href":"https:\/\/armstrongyregion.com.ar\/diario\/wp-json\/wp\/v2\/categories?post=46371"},{"taxonomy":"post_tag","embeddable":true,"href":"https:\/\/armstrongyregion.com.ar\/diario\/wp-json\/wp\/v2\/tags?post=46371"}],"curies":[{"name":"wp","href":"https:\/\/api.w.org\/{rel}","templated":true}]}}