{"id":46368,"date":"2025-05-30T02:48:49","date_gmt":"2025-05-30T02:48:49","guid":{"rendered":"https:\/\/armstrongyregion.com.ar\/diario\/?p=46368"},"modified":"2025-05-30T02:48:51","modified_gmt":"2025-05-30T02:48:51","slug":"agroactiva-2025-santa-fe-despliega-todo-su-potencial-y-prepara-herramientas-financieras","status":"publish","type":"post","link":"https:\/\/armstrongyregion.com.ar\/diario\/agroactiva-2025-santa-fe-despliega-todo-su-potencial-y-prepara-herramientas-financieras\/","title":{"rendered":"Agroactiva 2025: Santa Fe despliega todo su potencial y prepara herramientas financieras."},"content":{"rendered":"\n<figure class=\"wp-block-image size-full\"><img loading=\"lazy\" decoding=\"async\" width=\"570\" height=\"320\" src=\"http:\/\/armstrongyregion.com.ar\/diario\/wp-content\/uploads\/2025\/05\/AGROACTIVA-2025-GOV-PCIA-.jpg\" alt=\"\" class=\"wp-image-46369\" srcset=\"https:\/\/armstrongyregion.com.ar\/diario\/wp-content\/uploads\/2025\/05\/AGROACTIVA-2025-GOV-PCIA-.jpg 570w, https:\/\/armstrongyregion.com.ar\/diario\/wp-content\/uploads\/2025\/05\/AGROACTIVA-2025-GOV-PCIA--300x168.jpg 300w\" sizes=\"auto, (max-width: 570px) 100vw, 570px\" \/><\/figure>\n\n\n\n<h2 class=\"wp-block-heading\">Con un espacio institucional m\u00e1s amplio que en ediciones anteriores, el Gobierno de Santa Fe promocionar\u00e1 a m\u00e1s de 130 empresas locales a trav\u00e9s del programa Santa Fe Expone. La Provincia se alista para una edici\u00f3n emblem\u00e1tica de la feria agroindustrial m\u00e1s importante de la regi\u00f3n, que se realizar\u00e1 del 4 al 7 de junio en Armstrong.<\/h2>\n\n\n\n<p>La participaci\u00f3n de Santa Fe en Agroactiva 2025 ser\u00e1 hist\u00f3rica. A trav\u00e9s del programa Santa Fe Expone, impulsado por el Ministerio de Desarrollo Productivo, la Provincia acompa\u00f1ar\u00e1 a m\u00e1s de 130 empresas agroindustriales, tecnol\u00f3gicas, alimenticias y metalmec\u00e1nicas, adem\u00e1s de instituciones y emprendimientos. Esta cifra r\u00e9cord anticipa una edici\u00f3n sin precedentes en la megamuestra que cumple 30 a\u00f1os.<\/p>\n\n\n\n<p>\u201cEstas ferias son una vidriera para mostrar al pa\u00eds la fortaleza productiva de Santa Fe. Representan una oportunidad clave para impulsar a emprendedores y pymes, facilitando su participaci\u00f3n y visibilidad\u201d, destac\u00f3 el ministro de Desarrollo Productivo, Gustavo Puccini. \u201cYa vimos casos concretos de empresas que, tras su primera participaci\u00f3n en Expoagro con nuestro acompa\u00f1amiento, se consolidaron en Agroactiva, generando ventas y creciendo sostenidamente. Ese es nuestro objetivo: acompa\u00f1ar a los peque\u00f1os productores para que den el salto\u201d.<\/p>\n\n\n\n<p>Adem\u00e1s, el ministro anticip\u00f3 que se fortalecer\u00e1 la presencia institucional con herramientas financieras atractivas: \u201cVamos a reforzar nuestro compromiso con l\u00edneas de cr\u00e9dito potentes, buscando tasas competitivas. La innovaci\u00f3n y la inversi\u00f3n son pilares del desarrollo, y el acceso al financiamiento es la llave que habilita ese proceso en el sector privado\u201d.<\/p>\n\n\n\n<p><strong>Un despliegue sin precedentes<\/strong><\/p>\n\n\n\n<p>El espacio institucional de Santa Fe ocupar\u00e1 15.600 metros cuadrados, distribuidos en siete lotes, lo que constituye la mayor superficie montada por la Provincia en Agroactiva. La propuesta incluir\u00e1 una carpa institucional con los programas provinciales, una carpa exclusiva para AgTech, otra destinada a firmas industriales y alimenticias, y cuatro lotes exteriores con empresas del rubro metalmec\u00e1nico y agropecuario.<\/p>\n\n\n\n<p>La Secretar\u00eda de Turismo tambi\u00e9n tendr\u00e1 presencia destacada, difundiendo los principales atractivos de la provincia y realizando lanzamientos de fiestas provinciales con alto valor tur\u00edstico.<\/p>\n\n\n\n<figure class=\"wp-block-image\"><img decoding=\"async\" src=\"https:\/\/ci3.googleusercontent.com\/meips\/ADKq_NYajQJhNKftQSxuWWoirgZiv1UL1eN9UvyKwUMZfM1c5eQpzw9FbgIh0HC7c4Tg5SAObcJH4cD6wIUvgVk9MYhhl0ASyRvSe23ugRlysQxDcs5Lp0bpiFSJUYWfvquINcGFca5GbIsNPXURbO4=s0-d-e1-ft#https:\/\/www.santafe.gob.ar\/noticias\/recursos\/fotos\/2025\/05\/2025-05-29NID_283172O_2.jpeg\" alt=\"\"\/><\/figure>\n\n\n\n<p><strong>Servicios para la ciudadan\u00eda y el sector productivo<\/strong><\/p>\n\n\n\n<p>Otro punto destacado ser\u00e1 el dispositivo Santa Fe Ac\u00e1, que ofrecer\u00e1 asistencia ciudadana para la realizaci\u00f3n de tr\u00e1mites como DNI, Pasaporte, Boleto Educativo y asesor\u00edas integrales de la Agencia Santafesina de Seguridad Alimentaria (Assal) para empresas del rubro alimenticio. Tambi\u00e9n estar\u00e1 presente el cami\u00f3n sanitario del Ministerio de Salud, con servicios de vacunaci\u00f3n, testeos r\u00e1pidos y campa\u00f1as de prevenci\u00f3n.<\/p>\n\n\n\n<p>El Ministerio de Desarrollo Productivo brindar\u00e1 informaci\u00f3n y asesoramiento sobre los programas que impulsa actualmente, como Santa Fe Activa (financiamiento), Impulsa (capacitaci\u00f3n) y otras herramientas vigentes de apoyo a la producci\u00f3n.<\/p>\n\n\n\n<p>En paralelo, se desarrollar\u00e1n las Rondas de Negocios Internacionales, que reunir\u00e1n a 15 compradores provenientes de Bolivia, Chile, Ecuador, Espa\u00f1a, Italia, M\u00e9xico, Panam\u00e1, Rep\u00fablica Checa, Uruguay y Rumania, adem\u00e1s de una C\u00e1mara de Comercio Nacional. Se prev\u00e9n m\u00e1s de 240 reuniones con 100 empresas de todo el pa\u00eds, de las cuales 65 son santafesinas.<\/p>\n\n\n\n<p><strong>Agroactiva: tres d\u00e9cadas de historia<\/strong><\/p>\n\n\n\n<p>Nacida como una feria local, Agroactiva se ha consolidado como una referencia internacional en el \u00e1mbito agroindustrial. En sus tres d\u00e9cadas de historia ha crecido exponencialmente, atrayendo a empresas, fabricantes, importadores y distribuidores de bienes, insumos y servicios para el sector agropecuario.<\/p>\n\n\n\n<p>Hoy, Agroactiva es la muestra a cielo abierto m\u00e1s convocante de la Argentina y la regi\u00f3n, y cada edici\u00f3n constituye una oportunidad \u00fanica para mostrar lo \u00faltimo en tecnolog\u00eda, maquinaria e innovaci\u00f3n aplicada al campo.<\/p>\n","protected":false},"excerpt":{"rendered":"<p>Agroactiva 2025: Santa Fe despliega todo su potencial y prepara herramientas financieras.<\/p>\n","protected":false},"author":1,"featured_media":46369,"comment_status":"open","ping_status":"open","sticky":false,"template":"","format":"image","meta":{"_jetpack_memberships_contains_paid_content":false,"footnotes":"","jetpack_publicize_message":"","jetpack_publicize_feature_enabled":true,"jetpack_social_post_already_shared":true,"jetpack_social_options":{"image_generator_settings":{"template":"highway","default_image_id":0,"enabled":false},"version":2}},"categories":[8,1,2,7,3],"tags":[11772,11773,5030,11775,11774,3381],"class_list":["post-46368","post","type-post","status-publish","format-image","has-post-thumbnail","hentry","category-deliberando","category-diario-armstrong","category-locales","category-politica","category-region","tag-agroactiva-2025","tag-despliega","tag-diario-armstrong","tag-herramienta-financieras","tag-potencia","tag-santa-fe","post_format-post-format-image"],"jetpack_publicize_connections":[],"jetpack_featured_media_url":"https:\/\/armstrongyregion.com.ar\/diario\/wp-content\/uploads\/2025\/05\/AGROACTIVA-2025-GOV-PCIA-.jpg","jetpack_shortlink":"https:\/\/wp.me\/p62QDO-c3S","jetpack_sharing_enabled":true,"amp_enabled":true,"_links":{"self":[{"href":"https:\/\/armstrongyregion.com.ar\/diario\/wp-json\/wp\/v2\/posts\/46368","targetHints":{"allow":["GET"]}}],"collection":[{"href":"https:\/\/armstrongyregion.com.ar\/diario\/wp-json\/wp\/v2\/posts"}],"about":[{"href":"https:\/\/armstrongyregion.com.ar\/diario\/wp-json\/wp\/v2\/types\/post"}],"author":[{"embeddable":true,"href":"https:\/\/armstrongyregion.com.ar\/diario\/wp-json\/wp\/v2\/users\/1"}],"replies":[{"embeddable":true,"href":"https:\/\/armstrongyregion.com.ar\/diario\/wp-json\/wp\/v2\/comments?post=46368"}],"version-history":[{"count":1,"href":"https:\/\/armstrongyregion.com.ar\/diario\/wp-json\/wp\/v2\/posts\/46368\/revisions"}],"predecessor-version":[{"id":46370,"href":"https:\/\/armstrongyregion.com.ar\/diario\/wp-json\/wp\/v2\/posts\/46368\/revisions\/46370"}],"wp:featuredmedia":[{"embeddable":true,"href":"https:\/\/armstrongyregion.com.ar\/diario\/wp-json\/wp\/v2\/media\/46369"}],"wp:attachment":[{"href":"https:\/\/armstrongyregion.com.ar\/diario\/wp-json\/wp\/v2\/media?parent=46368"}],"wp:term":[{"taxonomy":"category","embeddable":true,"href":"https:\/\/armstrongyregion.com.ar\/diario\/wp-json\/wp\/v2\/categories?post=46368"},{"taxonomy":"post_tag","embeddable":true,"href":"https:\/\/armstrongyregion.com.ar\/diario\/wp-json\/wp\/v2\/tags?post=46368"}],"curies":[{"name":"wp","href":"https:\/\/api.w.org\/{rel}","templated":true}]}}