{"id":46364,"date":"2025-05-29T13:43:16","date_gmt":"2025-05-29T13:43:16","guid":{"rendered":"https:\/\/armstrongyregion.com.ar\/diario\/?p=46364"},"modified":"2025-05-29T13:43:18","modified_gmt":"2025-05-29T13:43:18","slug":"el-concejo-deliberante-de-armstrong-alza-la-voz-por-la-emergencia-en-discapacidad","status":"publish","type":"post","link":"https:\/\/armstrongyregion.com.ar\/diario\/el-concejo-deliberante-de-armstrong-alza-la-voz-por-la-emergencia-en-discapacidad\/","title":{"rendered":"El Concejo Deliberante de Armstrong Alza la Voz por la Emergencia en Discapacidad."},"content":{"rendered":"\n<figure class=\"wp-block-image size-full\"><img loading=\"lazy\" decoding=\"async\" width=\"756\" height=\"598\" src=\"http:\/\/armstrongyregion.com.ar\/diario\/wp-content\/uploads\/2024\/07\/Prof.Ale-Pertusati-.jpg\" alt=\"\" class=\"wp-image-43340\" srcset=\"https:\/\/armstrongyregion.com.ar\/diario\/wp-content\/uploads\/2024\/07\/Prof.Ale-Pertusati-.jpg 756w, https:\/\/armstrongyregion.com.ar\/diario\/wp-content\/uploads\/2024\/07\/Prof.Ale-Pertusati--300x237.jpg 300w\" sizes=\"auto, (max-width: 756px) 100vw, 756px\" \/><\/figure>\n\n\n\n<h2 class=\"wp-block-heading\">Preocupaci\u00f3n por demoras en pagos, posible veto a Ley de Emergencia y el desamparo de las familias.<\/h2>\n\n\n\n<p>El Concejo Deliberante de Armstrong se hizo eco de una profunda preocupaci\u00f3n que atraviesa a familias y profesionales de la salud vinculados a la discapacidad. En una reciente reuni\u00f3n de comisi\u00f3n, presidida por el <strong>Prof. Alejandro Pertusati<\/strong>, se recibi\u00f3 a afectados para una <strong>\u00abescucha activa\u00bb<\/strong> que dej\u00f3 en evidencia una situaci\u00f3n \u00abdesesperante\u00bb.<\/p>\n\n\n\n<p>\u00abRecibimos a profesionales de la salud especializados en discapacidad y a familias que conviven con esta realidad\u00bb, explic\u00f3 el Concejal Pertusati. \u00abLa problem\u00e1tica es angustiante: <strong>profesionales en paro y obras sociales y mutuales con demoras en los pagos que superan los seis meses y llegan hasta el a\u00f1o<\/strong>\u00ab. Esta situaci\u00f3n impide que ni\u00f1os y personas con discapacidad reciban los tratamientos que necesitan, lo que genera un \u00abretroceso enorme\u00bb en sus terapias.<\/p>\n\n\n\n<p>El Presidente del Concejo enfatiz\u00f3 la gravedad de la situaci\u00f3n, destacando el rol fundamental de las terapias en la vida de estas personas y el sacrificio de las familias. <strong>\u00abNosotros no los llevamos, no nos deshacemos de nuestros hijos para que est\u00e9n con un profesional y quedarnos libres, lo hacemos porque realmente necesitan los recursos\u00bb<\/strong>, afirm\u00f3 el Concejal, subrayando el desamparo que sienten las familias. \u00abYo no puedo creer que se le est\u00e9 dando la espalda a personas que tienen derecho, que est\u00e1n avalados por la ley y por la Constituci\u00f3n\u00bb, expres\u00f3 Pertusati con firmeza.<\/p>\n\n\n\n<p>Aunque la problem\u00e1tica excede la \u00f3rbita municipal, el Concejo busca ser un \u00abnexo fundamental\u00bb. Por ello, se convoc\u00f3 a la Directora de Promoci\u00f3n Comunitaria y su equipo legal para facilitar la llegada de los reclamos a las instancias superiores.<\/p>\n\n\n\n<p>\u00abSabemos que hay un <strong>proyecto de ley en la C\u00e1mara de Diputados de la Naci\u00f3n sobre la emergencia en discapacidad<\/strong>, que est\u00e1 en comisi\u00f3n\u00bb, indic\u00f3 Pertusati. Sin embargo, manifest\u00f3 preocupaci\u00f3n por \u00abrumores de que se vetar\u00eda\u00bb si llega a aprobarse, lo que agravar\u00eda a\u00fan m\u00e1s el panorama.<\/p>\n\n\n\n<p>Frente a esta coyuntura, desde el \u00e1rea de Promoci\u00f3n Comunitaria del municipio ya se elabor\u00f3 una <strong>nota que ser\u00e1 elevada a la Superintendencia de Servicios de Salud de la Naci\u00f3n (Superintendencia de Discapacidad)<\/strong> y a la <strong>Comisi\u00f3n de Discapacidad de la C\u00e1mara de Diputados nacionales<\/strong>. \u00abLa idea es que esta iniciativa represente el sentir y el pedido de toda la provincia respecto a esta urgencia\u00bb, concluy\u00f3 el Concejal Pertusati, reafirmando el compromiso del Concejo con las personas con discapacidad y sus familias.<\/p>\n","protected":false},"excerpt":{"rendered":"<p>El Concejo Deliberante de Armstrong Alza la Voz por la Emergencia en Discapacidad.<\/p>\n","protected":false},"author":1,"featured_media":43340,"comment_status":"open","ping_status":"open","sticky":false,"template":"","format":"image","meta":{"_jetpack_memberships_contains_paid_content":false,"footnotes":"","jetpack_publicize_message":"","jetpack_publicize_feature_enabled":true,"jetpack_social_post_already_shared":true,"jetpack_social_options":{"image_generator_settings":{"template":"highway","default_image_id":0,"enabled":false},"version":2}},"categories":[8,1,2,7,4,3],"tags":[9934,5030,11768,10971],"class_list":["post-46364","post","type-post","status-publish","format-image","has-post-thumbnail","hentry","category-deliberando","category-diario-armstrong","category-locales","category-politica","category-prevencion-salud","category-region","tag-concejo-deliberante","tag-diario-armstrong","tag-ley-de-discapacidad","tag-prof-alejandro-pertusati","post_format-post-format-image"],"jetpack_publicize_connections":[],"jetpack_featured_media_url":"https:\/\/armstrongyregion.com.ar\/diario\/wp-content\/uploads\/2024\/07\/Prof.Ale-Pertusati-.jpg","jetpack_shortlink":"https:\/\/wp.me\/p62QDO-c3O","jetpack_sharing_enabled":true,"amp_enabled":true,"_links":{"self":[{"href":"https:\/\/armstrongyregion.com.ar\/diario\/wp-json\/wp\/v2\/posts\/46364","targetHints":{"allow":["GET"]}}],"collection":[{"href":"https:\/\/armstrongyregion.com.ar\/diario\/wp-json\/wp\/v2\/posts"}],"about":[{"href":"https:\/\/armstrongyregion.com.ar\/diario\/wp-json\/wp\/v2\/types\/post"}],"author":[{"embeddable":true,"href":"https:\/\/armstrongyregion.com.ar\/diario\/wp-json\/wp\/v2\/users\/1"}],"replies":[{"embeddable":true,"href":"https:\/\/armstrongyregion.com.ar\/diario\/wp-json\/wp\/v2\/comments?post=46364"}],"version-history":[{"count":1,"href":"https:\/\/armstrongyregion.com.ar\/diario\/wp-json\/wp\/v2\/posts\/46364\/revisions"}],"predecessor-version":[{"id":46365,"href":"https:\/\/armstrongyregion.com.ar\/diario\/wp-json\/wp\/v2\/posts\/46364\/revisions\/46365"}],"wp:featuredmedia":[{"embeddable":true,"href":"https:\/\/armstrongyregion.com.ar\/diario\/wp-json\/wp\/v2\/media\/43340"}],"wp:attachment":[{"href":"https:\/\/armstrongyregion.com.ar\/diario\/wp-json\/wp\/v2\/media?parent=46364"}],"wp:term":[{"taxonomy":"category","embeddable":true,"href":"https:\/\/armstrongyregion.com.ar\/diario\/wp-json\/wp\/v2\/categories?post=46364"},{"taxonomy":"post_tag","embeddable":true,"href":"https:\/\/armstrongyregion.com.ar\/diario\/wp-json\/wp\/v2\/tags?post=46364"}],"curies":[{"name":"wp","href":"https:\/\/api.w.org\/{rel}","templated":true}]}}