{"id":46362,"date":"2025-05-29T12:46:36","date_gmt":"2025-05-29T12:46:36","guid":{"rendered":"https:\/\/armstrongyregion.com.ar\/diario\/?p=46362"},"modified":"2025-05-29T12:46:38","modified_gmt":"2025-05-29T12:46:38","slug":"declaraciones-del-concejal-jesus-urquia-sobre-un-pedido-de-limpieza-de-desague-pluvial-en-pedro-ferrero-y-la-plata","status":"publish","type":"post","link":"https:\/\/armstrongyregion.com.ar\/diario\/declaraciones-del-concejal-jesus-urquia-sobre-un-pedido-de-limpieza-de-desague-pluvial-en-pedro-ferrero-y-la-plata\/","title":{"rendered":"Declaraciones del Concejal Jes\u00fas Urqu\u00eda, sobre un pedido de limpieza de desag\u00fce pluvial en Pedro Ferrero y La Plata."},"content":{"rendered":"\n<figure class=\"wp-block-image size-large\"><img loading=\"lazy\" decoding=\"async\" width=\"640\" height=\"426\" src=\"http:\/\/armstrongyregion.com.ar\/diario\/wp-content\/uploads\/2025\/04\/Jesus-Urquia-17-4-25-640x426.jpg\" alt=\"\" class=\"wp-image-45999\" srcset=\"https:\/\/armstrongyregion.com.ar\/diario\/wp-content\/uploads\/2025\/04\/Jesus-Urquia-17-4-25-640x426.jpg 640w, https:\/\/armstrongyregion.com.ar\/diario\/wp-content\/uploads\/2025\/04\/Jesus-Urquia-17-4-25-300x200.jpg 300w, https:\/\/armstrongyregion.com.ar\/diario\/wp-content\/uploads\/2025\/04\/Jesus-Urquia-17-4-25-768x512.jpg 768w, https:\/\/armstrongyregion.com.ar\/diario\/wp-content\/uploads\/2025\/04\/Jesus-Urquia-17-4-25.jpg 800w\" sizes=\"auto, (max-width: 640px) 100vw, 640px\" \/><\/figure>\n\n\n\n<p><strong>El concejal Jes\u00fas Urqu\u00eda, del Bloque Renovaci\u00f3n por Armstrong, brind\u00f3 declaraciones a la prensa en la noche de martes en relaci\u00f3n con la Minuta de Comunicaci\u00f3n que su bloque present\u00f3 ante el Concejo.<\/strong><\/p>\n\n\n\n<p>Urqu\u00eda explic\u00f3 que la solicitud elevada surge de la preocupaci\u00f3n de los vecinos del <strong>barrio 36 Viviendas<\/strong>, espec\u00edficamente en la intersecci\u00f3n de las <strong>calles Pedro Ferrero y La Plata<\/strong>. Seg\u00fan el concejal, los residentes transmitieron su inquietud por la <strong>limpieza del desag\u00fce pluvial<\/strong> en esa zona.<\/p>\n\n\n\n<p>El concejal detall\u00f3 que, <strong>independientemente de la cantidad de lluvia, se produce una importante acumulaci\u00f3n de agua en el lugar, lo que genera un gran malestar entre los vecinos. Si bien reconoci\u00f3 que en el pasado las demandas se centraban en mejoras de calles, cord\u00f3n cuneta o pavimentaci\u00f3n, la principal preocupaci\u00f3n actual de los vecinos es la limpieza del desag\u00fce pluvial.<\/strong><\/p>\n\n\n\n<p>Cuando se le consult\u00f3 sobre la naturaleza de la intervenci\u00f3n necesaria,<strong> Urqu\u00eda enfatiz\u00f3 que una limpieza es urgentemente necesaria como medida paliativa y de corto plazo, ante cualquier lluvia que pueda presentarse<\/strong>. Asimismo, indic\u00f3 que, <strong>aunque una obra de mayor envergadura podr\u00eda demorarse en el tiempo, lo ideal ser\u00eda realizarla, para solucionar definitivamente la problem\u00e1tica de acumulaci\u00f3n de agua, evitando as\u00ed el malestar de los vecinos.<\/strong><\/p>\n","protected":false},"excerpt":{"rendered":"<p>Declaraciones del Concejal Jes\u00fas Urqu\u00eda, sobre un pedido de limpieza de desag\u00fce pluvial en Pedro Ferrero y La Plata.<\/p>\n","protected":false},"author":1,"featured_media":45999,"comment_status":"open","ping_status":"open","sticky":false,"template":"","format":"image","meta":{"_jetpack_memberships_contains_paid_content":false,"footnotes":"","jetpack_publicize_message":"","jetpack_publicize_feature_enabled":true,"jetpack_social_post_already_shared":true,"jetpack_social_options":{"image_generator_settings":{"template":"highway","default_image_id":0,"enabled":false},"version":2}},"categories":[8,1,2,7,3],"tags":[1985,3688,11766,10679,11698,11767],"class_list":["post-46362","post","type-post","status-publish","format-image","has-post-thumbnail","hentry","category-deliberando","category-diario-armstrong","category-locales","category-politica","category-region","tag-calles","tag-declaraciones","tag-desague-pluvial","tag-jesus-urquia","tag-la-plata","tag-pedro-ferrero","post_format-post-format-image"],"jetpack_publicize_connections":[],"jetpack_featured_media_url":"https:\/\/armstrongyregion.com.ar\/diario\/wp-content\/uploads\/2025\/04\/Jesus-Urquia-17-4-25.jpg","jetpack_shortlink":"https:\/\/wp.me\/p62QDO-c3M","jetpack_sharing_enabled":true,"amp_enabled":true,"_links":{"self":[{"href":"https:\/\/armstrongyregion.com.ar\/diario\/wp-json\/wp\/v2\/posts\/46362","targetHints":{"allow":["GET"]}}],"collection":[{"href":"https:\/\/armstrongyregion.com.ar\/diario\/wp-json\/wp\/v2\/posts"}],"about":[{"href":"https:\/\/armstrongyregion.com.ar\/diario\/wp-json\/wp\/v2\/types\/post"}],"author":[{"embeddable":true,"href":"https:\/\/armstrongyregion.com.ar\/diario\/wp-json\/wp\/v2\/users\/1"}],"replies":[{"embeddable":true,"href":"https:\/\/armstrongyregion.com.ar\/diario\/wp-json\/wp\/v2\/comments?post=46362"}],"version-history":[{"count":1,"href":"https:\/\/armstrongyregion.com.ar\/diario\/wp-json\/wp\/v2\/posts\/46362\/revisions"}],"predecessor-version":[{"id":46363,"href":"https:\/\/armstrongyregion.com.ar\/diario\/wp-json\/wp\/v2\/posts\/46362\/revisions\/46363"}],"wp:featuredmedia":[{"embeddable":true,"href":"https:\/\/armstrongyregion.com.ar\/diario\/wp-json\/wp\/v2\/media\/45999"}],"wp:attachment":[{"href":"https:\/\/armstrongyregion.com.ar\/diario\/wp-json\/wp\/v2\/media?parent=46362"}],"wp:term":[{"taxonomy":"category","embeddable":true,"href":"https:\/\/armstrongyregion.com.ar\/diario\/wp-json\/wp\/v2\/categories?post=46362"},{"taxonomy":"post_tag","embeddable":true,"href":"https:\/\/armstrongyregion.com.ar\/diario\/wp-json\/wp\/v2\/tags?post=46362"}],"curies":[{"name":"wp","href":"https:\/\/api.w.org\/{rel}","templated":true}]}}