{"id":46351,"date":"2025-05-27T16:45:52","date_gmt":"2025-05-27T16:45:52","guid":{"rendered":"https:\/\/armstrongyregion.com.ar\/diario\/?p=46351"},"modified":"2025-05-27T16:45:54","modified_gmt":"2025-05-27T16:45:54","slug":"tres-bomberos-de-armstrong-colaboran-en-operativo-de-emergencia-por-inundaciones-en-vera","status":"publish","type":"post","link":"https:\/\/armstrongyregion.com.ar\/diario\/tres-bomberos-de-armstrong-colaboran-en-operativo-de-emergencia-por-inundaciones-en-vera\/","title":{"rendered":"Tres Bomberos de Armstrong Colaboran en Operativo de Emergencia por Inundaciones en Vera."},"content":{"rendered":"\n<figure class=\"wp-block-image size-full\"><img loading=\"lazy\" decoding=\"async\" width=\"400\" height=\"300\" src=\"http:\/\/armstrongyregion.com.ar\/diario\/wp-content\/uploads\/2025\/05\/BOMBEROS-VERA-1.jpg\" alt=\"\" class=\"wp-image-46352\" srcset=\"https:\/\/armstrongyregion.com.ar\/diario\/wp-content\/uploads\/2025\/05\/BOMBEROS-VERA-1.jpg 400w, https:\/\/armstrongyregion.com.ar\/diario\/wp-content\/uploads\/2025\/05\/BOMBEROS-VERA-1-300x225.jpg 300w\" sizes=\"auto, (max-width: 400px) 100vw, 400px\" \/><\/figure>\n\n\n\n<p>La localidad de Vera, en el norte de la provincia de Santa Fe, se encuentra desplegando un amplio operativo de emergencia para atender las consecuencias del reciente temporal. Coordinado por Protecci\u00f3n Civil, el gobierno provincial, a trav\u00e9s de diferentes ministerios y organismos, contin\u00faa trabajando en las zonas afectadas por las intensas lluvias de las \u00faltimas horas. Se han habilitado cuatro centros de evacuados, albergando a 117 personas. Los ministerios de Desarrollo Humano y de Salud de la provincia asisten a los afectados, mientras se monitorean las localidades aleda\u00f1as.<\/p>\n\n\n\n<figure class=\"wp-block-image size-full\"><img loading=\"lazy\" decoding=\"async\" width=\"400\" height=\"300\" src=\"http:\/\/armstrongyregion.com.ar\/diario\/wp-content\/uploads\/2025\/05\/BOMBEROS-VERA-2-.jpg\" alt=\"\" class=\"wp-image-46353\" srcset=\"https:\/\/armstrongyregion.com.ar\/diario\/wp-content\/uploads\/2025\/05\/BOMBEROS-VERA-2-.jpg 400w, https:\/\/armstrongyregion.com.ar\/diario\/wp-content\/uploads\/2025\/05\/BOMBEROS-VERA-2--300x225.jpg 300w\" sizes=\"auto, (max-width: 400px) 100vw, 400px\" \/><\/figure>\n\n\n\n<p>Durante las primeras horas del martes, se reuni\u00f3 la junta local de Protecci\u00f3n Civil para actualizar los esquemas operativos y de asistencia, convocando a brigadas acu\u00e1ticas y de rescate de las regiones 2, 3, 4 y 6. <strong>Entre los bomberos voluntarios que participan en este importante operativo, se destacan tres valientes representantes de la ciudad de Armstrong: Mart\u00edn Loureiro, Cristian Giugge y Leandro Vijarra. Su compromiso y dedicaci\u00f3n son un ejemplo del esp\u00edritu solidario que caracteriza a la comunidad de Armstrong y a los bomberos voluntarios de toda la regi\u00f3n. Junto a ellos, tambi\u00e9n colaboran Daniel Rojas (Tortugas) y Jos\u00e9 Alderete (Las Parejas).<\/strong><\/p>\n\n\n\n<p><strong>El trabajo conjunto entre organismos provinciales, Protecci\u00f3n Civil y los bomberos voluntarios de la regi\u00f3n es fundamental para mitigar los efectos del temporal y brindar asistencia a los vecinos afectados por las inundaciones en Vera y el norte santafesino. La solidaridad y el compromiso de estos h\u00e9roes an\u00f3nimos son un pilar fundamental en la respuesta a esta emergencia.<\/strong><\/p>\n","protected":false},"excerpt":{"rendered":"<p>Tres Bomberos de Armstrong Colaboran en Operativo de Emergencia por Inundaciones en Vera.<\/p>\n","protected":false},"author":1,"featured_media":46352,"comment_status":"open","ping_status":"open","sticky":false,"template":"","format":"image","meta":{"_jetpack_memberships_contains_paid_content":false,"footnotes":"","jetpack_publicize_message":"","jetpack_publicize_feature_enabled":true,"jetpack_social_post_already_shared":true,"jetpack_social_options":{"image_generator_settings":{"template":"highway","default_image_id":0,"enabled":false},"version":2}},"categories":[6,8,1,2,7,3],"tags":[20,352,5030,11763,8777,3922],"class_list":["post-46351","post","type-post","status-publish","format-image","has-post-thumbnail","hentry","category-cultura-entretenimiento","category-deliberando","category-diario-armstrong","category-locales","category-politica","category-region","tag-armstrong","tag-bomberos","tag-diario-armstrong","tag-inundaciones-2","tag-lic-graciela-de-la-casa","tag-vera","post_format-post-format-image"],"jetpack_publicize_connections":[],"jetpack_featured_media_url":"https:\/\/armstrongyregion.com.ar\/diario\/wp-content\/uploads\/2025\/05\/BOMBEROS-VERA-1.jpg","jetpack_shortlink":"https:\/\/wp.me\/p62QDO-c3B","jetpack_sharing_enabled":true,"amp_enabled":true,"_links":{"self":[{"href":"https:\/\/armstrongyregion.com.ar\/diario\/wp-json\/wp\/v2\/posts\/46351","targetHints":{"allow":["GET"]}}],"collection":[{"href":"https:\/\/armstrongyregion.com.ar\/diario\/wp-json\/wp\/v2\/posts"}],"about":[{"href":"https:\/\/armstrongyregion.com.ar\/diario\/wp-json\/wp\/v2\/types\/post"}],"author":[{"embeddable":true,"href":"https:\/\/armstrongyregion.com.ar\/diario\/wp-json\/wp\/v2\/users\/1"}],"replies":[{"embeddable":true,"href":"https:\/\/armstrongyregion.com.ar\/diario\/wp-json\/wp\/v2\/comments?post=46351"}],"version-history":[{"count":1,"href":"https:\/\/armstrongyregion.com.ar\/diario\/wp-json\/wp\/v2\/posts\/46351\/revisions"}],"predecessor-version":[{"id":46354,"href":"https:\/\/armstrongyregion.com.ar\/diario\/wp-json\/wp\/v2\/posts\/46351\/revisions\/46354"}],"wp:featuredmedia":[{"embeddable":true,"href":"https:\/\/armstrongyregion.com.ar\/diario\/wp-json\/wp\/v2\/media\/46352"}],"wp:attachment":[{"href":"https:\/\/armstrongyregion.com.ar\/diario\/wp-json\/wp\/v2\/media?parent=46351"}],"wp:term":[{"taxonomy":"category","embeddable":true,"href":"https:\/\/armstrongyregion.com.ar\/diario\/wp-json\/wp\/v2\/categories?post=46351"},{"taxonomy":"post_tag","embeddable":true,"href":"https:\/\/armstrongyregion.com.ar\/diario\/wp-json\/wp\/v2\/tags?post=46351"}],"curies":[{"name":"wp","href":"https:\/\/api.w.org\/{rel}","templated":true}]}}