{"id":46334,"date":"2025-05-27T15:29:09","date_gmt":"2025-05-27T15:29:09","guid":{"rendered":"https:\/\/armstrongyregion.com.ar\/diario\/?p=46334"},"modified":"2025-05-27T15:29:11","modified_gmt":"2025-05-27T15:29:11","slug":"armstrong-25-de-mayo-en-celeste-y-blanco","status":"publish","type":"post","link":"https:\/\/armstrongyregion.com.ar\/diario\/armstrong-25-de-mayo-en-celeste-y-blanco\/","title":{"rendered":"Armstrong. 25 de Mayo en celeste y blanco."},"content":{"rendered":"\n<figure class=\"wp-block-image size-full\"><img loading=\"lazy\" decoding=\"async\" width=\"383\" height=\"342\" src=\"http:\/\/armstrongyregion.com.ar\/diario\/wp-content\/uploads\/2025\/05\/25-DE-MAYO-25-A-1-1.jpg\" alt=\"\" class=\"wp-image-46343\" srcset=\"https:\/\/armstrongyregion.com.ar\/diario\/wp-content\/uploads\/2025\/05\/25-DE-MAYO-25-A-1-1.jpg 383w, https:\/\/armstrongyregion.com.ar\/diario\/wp-content\/uploads\/2025\/05\/25-DE-MAYO-25-A-1-1-300x268.jpg 300w\" sizes=\"auto, (max-width: 383px) 100vw, 383px\" \/><\/figure>\n\n\n\n<p>El domingo 25 la comunidad de Armstrong celebr\u00f3 el aniversario 215 de la Revoluci\u00f3n de Mayo de<br>1810 con un acto oficial pintado de celeste y blanco en Plaza San Mart\u00edn con la participaci\u00f3n de<br>todos los niveles de la Escuela N\u00b0 33 \u201cDr. Mariano Moreno\u201d.<\/p>\n\n\n\n<figure class=\"wp-block-image size-full\"><img loading=\"lazy\" decoding=\"async\" width=\"373\" height=\"249\" src=\"http:\/\/armstrongyregion.com.ar\/diario\/wp-content\/uploads\/2025\/05\/25-DE-MAYO-25-2-.jpg\" alt=\"\" class=\"wp-image-46344\" srcset=\"https:\/\/armstrongyregion.com.ar\/diario\/wp-content\/uploads\/2025\/05\/25-DE-MAYO-25-2-.jpg 373w, https:\/\/armstrongyregion.com.ar\/diario\/wp-content\/uploads\/2025\/05\/25-DE-MAYO-25-2--300x200.jpg 300w\" sizes=\"auto, (max-width: 373px) 100vw, 373px\" \/><\/figure>\n\n\n\n<p><br>Luego de la entonaci\u00f3n del Himno Nacional interpretado por la Orquesta del Conservatorio<br>Municipal de M\u00fasica dirigida por el Maestro Valent\u00edn M\u00e1rquez, ante autoridades, abanderados,<br>representantes de instituciones, alumnos y p\u00fablico en general, el Intendente Guillermo Luzzi hizo<br>uso de la palabra.<\/p>\n\n\n\n<figure class=\"wp-block-image size-full\"><img loading=\"lazy\" decoding=\"async\" width=\"340\" height=\"227\" src=\"http:\/\/armstrongyregion.com.ar\/diario\/wp-content\/uploads\/2025\/05\/25-DE-MAYO-25-B-.jpg\" alt=\"\" class=\"wp-image-46336\" srcset=\"https:\/\/armstrongyregion.com.ar\/diario\/wp-content\/uploads\/2025\/05\/25-DE-MAYO-25-B-.jpg 340w, https:\/\/armstrongyregion.com.ar\/diario\/wp-content\/uploads\/2025\/05\/25-DE-MAYO-25-B--300x200.jpg 300w\" sizes=\"auto, (max-width: 340px) 100vw, 340px\" \/><\/figure>\n\n\n\n<p><br>En un fragmento de su discurso dijo: \u201dTenemos una enorme responsabilidad, como dirigentes y<br>como argentinos, de no permitir que las nuevas generaciones pierdan la esperanza, que no sientan<br>que ya no vale la pena involucrarse, que no pueden cambiar las cosas. Porque de eso se trata la<br>democracia: de decidir entre todos. <\/p>\n\n\n\n<figure class=\"wp-block-image size-full\"><img loading=\"lazy\" decoding=\"async\" width=\"356\" height=\"238\" src=\"http:\/\/armstrongyregion.com.ar\/diario\/wp-content\/uploads\/2025\/05\/25-DE-MAYO-25-C-.jpg\" alt=\"\" class=\"wp-image-46337\" srcset=\"https:\/\/armstrongyregion.com.ar\/diario\/wp-content\/uploads\/2025\/05\/25-DE-MAYO-25-C-.jpg 356w, https:\/\/armstrongyregion.com.ar\/diario\/wp-content\/uploads\/2025\/05\/25-DE-MAYO-25-C--300x201.jpg 300w\" sizes=\"auto, (max-width: 356px) 100vw, 356px\" \/><\/figure>\n\n\n\n<p>Y cuando no lo hacemos, otros deciden por nosotros. Y ah\u00ed es<br>cuando dejamos de ser soberanos\u2026\u201d<\/p>\n\n\n\n<figure class=\"wp-block-image size-full\"><img loading=\"lazy\" decoding=\"async\" width=\"363\" height=\"242\" src=\"http:\/\/armstrongyregion.com.ar\/diario\/wp-content\/uploads\/2025\/05\/25-DE-MAYO-25-D.jpg\" alt=\"\" class=\"wp-image-46338\" srcset=\"https:\/\/armstrongyregion.com.ar\/diario\/wp-content\/uploads\/2025\/05\/25-DE-MAYO-25-D.jpg 363w, https:\/\/armstrongyregion.com.ar\/diario\/wp-content\/uploads\/2025\/05\/25-DE-MAYO-25-D-300x200.jpg 300w\" sizes=\"auto, (max-width: 363px) 100vw, 363px\" \/><\/figure>\n\n\n\n<p><br>Luego, los alumnos de 3\u00b0 grado del nivel primario homenajearon a la Patria interpretando la zamba<br>\u201cSue\u00f1os de libertad\u201d, donde abanicos blancos se transformaron en tiernas palomas. <\/p>\n\n\n\n<figure class=\"wp-block-image size-full\"><img loading=\"lazy\" decoding=\"async\" width=\"366\" height=\"244\" src=\"http:\/\/armstrongyregion.com.ar\/diario\/wp-content\/uploads\/2025\/05\/25-DE-MAYO-25-E-.jpg\" alt=\"\" class=\"wp-image-46339\" srcset=\"https:\/\/armstrongyregion.com.ar\/diario\/wp-content\/uploads\/2025\/05\/25-DE-MAYO-25-E-.jpg 366w, https:\/\/armstrongyregion.com.ar\/diario\/wp-content\/uploads\/2025\/05\/25-DE-MAYO-25-E--300x200.jpg 300w\" sizes=\"auto, (max-width: 366px) 100vw, 366px\" \/><\/figure>\n\n\n\n<p>Los ni\u00f1os del nivel inicial, secci\u00f3n 5 a\u00f1os B interpretaron un carnavalito con vestuario y accesorios celestes, y los estudiantes de 5\u00b0 a\u00f1o bailaron nuestra danza nacional \u201cEl Peric\u00f3n\u201d con toda la frescura que<br>representa su juventud.<\/p>\n\n\n\n<figure class=\"wp-block-image size-full\"><img loading=\"lazy\" decoding=\"async\" width=\"368\" height=\"246\" src=\"http:\/\/armstrongyregion.com.ar\/diario\/wp-content\/uploads\/2025\/05\/25-DE-MAYO-25-H-1-1.jpg\" alt=\"\" class=\"wp-image-46342\" srcset=\"https:\/\/armstrongyregion.com.ar\/diario\/wp-content\/uploads\/2025\/05\/25-DE-MAYO-25-H-1-1.jpg 368w, https:\/\/armstrongyregion.com.ar\/diario\/wp-content\/uploads\/2025\/05\/25-DE-MAYO-25-H-1-1-300x201.jpg 300w\" sizes=\"auto, (max-width: 368px) 100vw, 368px\" \/><\/figure>\n\n\n\n<figure class=\"wp-block-image size-full\"><img loading=\"lazy\" decoding=\"async\" width=\"371\" height=\"247\" src=\"http:\/\/armstrongyregion.com.ar\/diario\/wp-content\/uploads\/2025\/05\/25-DE-MAYO-25-G-.jpg\" alt=\"\" class=\"wp-image-46341\" srcset=\"https:\/\/armstrongyregion.com.ar\/diario\/wp-content\/uploads\/2025\/05\/25-DE-MAYO-25-G-.jpg 371w, https:\/\/armstrongyregion.com.ar\/diario\/wp-content\/uploads\/2025\/05\/25-DE-MAYO-25-G--300x200.jpg 300w\" sizes=\"auto, (max-width: 371px) 100vw, 371px\" \/><\/figure>\n","protected":false},"excerpt":{"rendered":"<p>Armstrong. 25 de Mayo en celeste y blanco.<\/p>\n","protected":false},"author":1,"featured_media":46342,"comment_status":"open","ping_status":"open","sticky":false,"template":"","format":"image","meta":{"_jetpack_memberships_contains_paid_content":false,"footnotes":"","jetpack_publicize_message":"","jetpack_publicize_feature_enabled":true,"jetpack_social_post_already_shared":true,"jetpack_social_options":{"image_generator_settings":{"template":"highway","default_image_id":0,"enabled":false},"version":2}},"categories":[6,8,1,2,7,3],"tags":[9378,20,7453,5030],"class_list":["post-46334","post","type-post","status-publish","format-image","has-post-thumbnail","hentry","category-cultura-entretenimiento","category-deliberando","category-diario-armstrong","category-locales","category-politica","category-region","tag-25-de-mayo","tag-armstrong","tag-blanco","tag-diario-armstrong","post_format-post-format-image"],"jetpack_publicize_connections":[],"jetpack_featured_media_url":"https:\/\/armstrongyregion.com.ar\/diario\/wp-content\/uploads\/2025\/05\/25-DE-MAYO-25-H-1-1.jpg","jetpack_shortlink":"https:\/\/wp.me\/p62QDO-c3k","jetpack_sharing_enabled":true,"amp_enabled":true,"_links":{"self":[{"href":"https:\/\/armstrongyregion.com.ar\/diario\/wp-json\/wp\/v2\/posts\/46334","targetHints":{"allow":["GET"]}}],"collection":[{"href":"https:\/\/armstrongyregion.com.ar\/diario\/wp-json\/wp\/v2\/posts"}],"about":[{"href":"https:\/\/armstrongyregion.com.ar\/diario\/wp-json\/wp\/v2\/types\/post"}],"author":[{"embeddable":true,"href":"https:\/\/armstrongyregion.com.ar\/diario\/wp-json\/wp\/v2\/users\/1"}],"replies":[{"embeddable":true,"href":"https:\/\/armstrongyregion.com.ar\/diario\/wp-json\/wp\/v2\/comments?post=46334"}],"version-history":[{"count":1,"href":"https:\/\/armstrongyregion.com.ar\/diario\/wp-json\/wp\/v2\/posts\/46334\/revisions"}],"predecessor-version":[{"id":46345,"href":"https:\/\/armstrongyregion.com.ar\/diario\/wp-json\/wp\/v2\/posts\/46334\/revisions\/46345"}],"wp:featuredmedia":[{"embeddable":true,"href":"https:\/\/armstrongyregion.com.ar\/diario\/wp-json\/wp\/v2\/media\/46342"}],"wp:attachment":[{"href":"https:\/\/armstrongyregion.com.ar\/diario\/wp-json\/wp\/v2\/media?parent=46334"}],"wp:term":[{"taxonomy":"category","embeddable":true,"href":"https:\/\/armstrongyregion.com.ar\/diario\/wp-json\/wp\/v2\/categories?post=46334"},{"taxonomy":"post_tag","embeddable":true,"href":"https:\/\/armstrongyregion.com.ar\/diario\/wp-json\/wp\/v2\/tags?post=46334"}],"curies":[{"name":"wp","href":"https:\/\/api.w.org\/{rel}","templated":true}]}}