{"id":46323,"date":"2025-05-22T15:32:14","date_gmt":"2025-05-22T15:32:14","guid":{"rendered":"https:\/\/armstrongyregion.com.ar\/diario\/?p=46323"},"modified":"2025-05-22T15:32:16","modified_gmt":"2025-05-22T15:32:16","slug":"emocion-y-gestion-en-el-concejo-de-armstrong-de-la-concientizacion-a-los-proyectos-de-ciudad","status":"publish","type":"post","link":"https:\/\/armstrongyregion.com.ar\/diario\/emocion-y-gestion-en-el-concejo-de-armstrong-de-la-concientizacion-a-los-proyectos-de-ciudad\/","title":{"rendered":"Emoci\u00f3n y Gesti\u00f3n en el Concejo de Armstrong: De la Concientizaci\u00f3n a los Proyectos de Ciudad."},"content":{"rendered":"\n<figure class=\"wp-block-image size-full\"><img loading=\"lazy\" decoding=\"async\" width=\"599\" height=\"459\" src=\"http:\/\/armstrongyregion.com.ar\/diario\/wp-content\/uploads\/2025\/05\/emi-jesu-2025.jpg\" alt=\"\" class=\"wp-image-46324\" srcset=\"https:\/\/armstrongyregion.com.ar\/diario\/wp-content\/uploads\/2025\/05\/emi-jesu-2025.jpg 599w, https:\/\/armstrongyregion.com.ar\/diario\/wp-content\/uploads\/2025\/05\/emi-jesu-2025-300x230.jpg 300w\" sizes=\"auto, (max-width: 599px) 100vw, 599px\" \/><\/figure>\n\n\n\n<p>La sesi\u00f3n del pasado martes en el Concejo Deliberante de Armstrong estuvo marcada por una profunda emotividad y un intenso debate sobre las necesidades de la ciudad. <\/p>\n\n\n\n<p>Los concejales <strong>Emiliano Gramigna<\/strong> y <strong>\u00c1ngel Jes\u00fas Urquia<\/strong>, del bloque Renovaci\u00f3n por Armstrong, detallaron sus iniciativas y compartieron sentidas reflexiones.<\/p>\n\n\n\n<p><strong>Renovaci\u00f3n por Armstrong: Impulso al Punto Digital<\/strong>.<\/p>\n\n\n\n<p>Desde el bloque Renovaci\u00f3n por Armstrong, el concejal <strong>Emiliano Gramigna<\/strong> detall\u00f3 el proyecto del <strong>Punto Digital<\/strong>, destacando su consenso para trabajarlo en comisi\u00f3n. <strong>\u00abEs un proyecto muy importante del cual la ciudad lo est\u00e1 necesitando\u00bb, <\/strong>afirm\u00f3. Gramigna subray\u00f3 la necesidad de este tipo de iniciativas, especialmente evidenciada durante la pandemia, donde<strong> \u00abqued\u00f3 demostrado que es muy necesario el trabajo que se hace desde la parte tecnol\u00f3gica y que no todos los habitantes cuentan con una computadora, con un celular o con una tablet\u00bb.<\/strong> Propone que el Punto Digital Armstrong sea <strong>\u00abun lugar f\u00edsico destinado a las personas que no cuentan con esas herramientas\u00bb.<\/strong><\/p>\n\n\n\n<p>El concejal Urqu\u00eda enfatiz\u00f3 la viabilidad del proyecto mediante la reutilizaci\u00f3n de espacios existentes: <strong>\u00abUtilizar o reutilizar un lugar no quiere decir que haya que crear un lugar desde cero, podr\u00edamos reutilizar un lugar que ya est\u00e1\u00bb,<\/strong> explicando que la ordenanza<strong> \u00abse pas\u00f3 a comisi\u00f3n para poder trabajar\u00bb <\/strong>en esa l\u00ednea. Tambi\u00e9n defendi\u00f3 una puesta en marcha por etapas y la utilizaci\u00f3n de fondos previstos en la <strong>Ley 2756<\/strong>.<strong> \u00abLo que es el proyecto en s\u00ed, sino de d\u00f3nde se podr\u00eda instalar, de d\u00f3nde se podr\u00edan sacar los recursos, y creo que la verdad que fue bien recepcionado por todos los bloques\u00bb,<\/strong> lo que les <strong>\u00abdeja tranquilo porque quiere decir de que es una necesidad que vimos y que sabemos que desde este lugar nosotros le podemos dar una soluci\u00f3n\u00bb,<\/strong> expres\u00f3 Urqu\u00eda, pidiendo agilidad para su implementaci\u00f3n.<\/p>\n\n\n\n<h3 class=\"wp-block-heading\">El dolor transformado en acci\u00f3n: la nueva Asociaci\u00f3n y el poder del mural.<\/h3>\n\n\n\n<p>M\u00e1s all\u00e1 de los proyectos, el concejal <strong>Emiliano Gramigna<\/strong> comparti\u00f3 sus profundas sensaciones sobre la reciente visita de una ONG vinculada a la donaci\u00f3n de \u00f3rganos, de la mano de <strong>Juli<\/strong>ana Pochiero. <strong>\u00abMuchas sensaciones encontradas y muy emotivas tambi\u00e9n\u00bb<\/strong>, expres\u00f3. <\/p>\n\n\n\n<p>Resalt\u00f3 la <strong>\u00abnoticia maravillosa\u00bb <\/strong>de la <strong>conformaci\u00f3n de una asociaci\u00f3n<\/strong> que <strong>\u00abva a trabajar en el acompa\u00f1amiento a las personas que requieran o est\u00e9n por recibir alg\u00fan \u00f3rgano y tambi\u00e9n para trabajar en la concientizaci\u00f3n sobre la donaci\u00f3n\u00bb.<\/strong><\/p>\n\n\n\n<p>Gramigna destac\u00f3 el poder transformador de esta iniciativa: <strong>\u00abAlgo extremadamente emocionante porque la verdad que lo que vimos y lo que percibimos es c\u00f3mo te transforma el dolor en acci\u00f3n\u00bb. <\/strong>Subray\u00f3 el deber del Concejo de apoyar esta causa, poniendo a disposici\u00f3n <strong>\u00abherramientas para que ellos puedan trabajar, que puedan concientizar desde el m\u00e1s chico hasta el m\u00e1s grande\u00bb.<\/strong> Mencion\u00f3 la propuesta de un mural, valorando el <strong>\u00abimpacto visual\u00bb<\/strong> que educa m\u00e1s all\u00e1 de la palabra.<\/p>\n\n\n\n<p>El concejal resalt\u00f3 el esfuerzo y el respeto con el que se aborda el tema: <strong>\u00abLas chicas y chicos que est\u00e1n conformando la asociaci\u00f3n, porque vuelvo a repetirte, muchas veces no es f\u00e1cil tratar este tema y lo hacen con mucho respeto. La donaci\u00f3n de \u00f3rganos es un acto de responsabilidad, de generosidad y amor\u00bb.<\/strong> Profundamente conmovido, Gramigna elogi\u00f3 a quienes<strong> \u00abtransformaron el dolor como lo que le pas\u00f3 a Juli en una acci\u00f3n tan pero tan sana y con tan buenas intenciones, la verdad que merece destacarlo y merece apoyarlo\u00bb.<\/strong><\/p>\n\n\n\n<p>Urqu\u00eda propuso trabajar en conjunto con las escuelas, para que <strong>\u00aba trav\u00e9s de los mas chicos lleven este conocimiento a la familia\u00bb, <\/strong>ya que <strong>\u00abah\u00ed es donde aprendemos todos<\/strong>\u00ab. <\/p>\n\n\n\n<p>Finalmente, Urqu\u00eda hizo una emotiva referencia al impacto personal del caso de Juliana y su marido: <strong>\u00abFue muy complicado seguir la sesi\u00f3n despu\u00e9s de este tema. La verdad que la ense\u00f1anza que nos deja la familia, el grupo de amigos, todo el entorno, sobre el gran trabajo que est\u00e1n haciendo, es muy importante\u00bb<\/strong>. <\/p>\n\n\n\n<p><strong>La sesi\u00f3n reflej\u00f3 el compromiso y el di\u00e1logo entre los bloques del Concejo Deliberante, buscando soluciones y mejoras para la comunidad de Armstrong, tanto en infraestructura como en un profundo llamado a la concientizaci\u00f3n social y el apoyo a las iniciativas ciudadanas.<\/strong><\/p>\n","protected":false},"excerpt":{"rendered":"<p>Emoci\u00f3n y Gesti\u00f3n en el Concejo de Armstrong: De la Concientizaci\u00f3n a los Proyectos de Ciudad.<\/p>\n","protected":false},"author":1,"featured_media":46324,"comment_status":"open","ping_status":"open","sticky":false,"template":"","format":"image","meta":{"_jetpack_memberships_contains_paid_content":false,"footnotes":"","jetpack_publicize_message":"","jetpack_publicize_feature_enabled":true,"jetpack_social_post_already_shared":true,"jetpack_social_options":{"image_generator_settings":{"template":"highway","default_image_id":0,"enabled":false},"version":2}},"categories":[8,1,2,7,3],"tags":[5030,9423,10679,8598,11761],"class_list":["post-46323","post","type-post","status-publish","format-image","has-post-thumbnail","hentry","category-deliberando","category-diario-armstrong","category-locales","category-politica","category-region","tag-diario-armstrong","tag-emiliano-gramigna","tag-jesus-urquia","tag-proyectos-2","tag-punto-digital","post_format-post-format-image"],"jetpack_publicize_connections":[],"jetpack_featured_media_url":"https:\/\/armstrongyregion.com.ar\/diario\/wp-content\/uploads\/2025\/05\/emi-jesu-2025.jpg","jetpack_shortlink":"https:\/\/wp.me\/p62QDO-c39","jetpack_sharing_enabled":true,"amp_enabled":true,"_links":{"self":[{"href":"https:\/\/armstrongyregion.com.ar\/diario\/wp-json\/wp\/v2\/posts\/46323","targetHints":{"allow":["GET"]}}],"collection":[{"href":"https:\/\/armstrongyregion.com.ar\/diario\/wp-json\/wp\/v2\/posts"}],"about":[{"href":"https:\/\/armstrongyregion.com.ar\/diario\/wp-json\/wp\/v2\/types\/post"}],"author":[{"embeddable":true,"href":"https:\/\/armstrongyregion.com.ar\/diario\/wp-json\/wp\/v2\/users\/1"}],"replies":[{"embeddable":true,"href":"https:\/\/armstrongyregion.com.ar\/diario\/wp-json\/wp\/v2\/comments?post=46323"}],"version-history":[{"count":1,"href":"https:\/\/armstrongyregion.com.ar\/diario\/wp-json\/wp\/v2\/posts\/46323\/revisions"}],"predecessor-version":[{"id":46325,"href":"https:\/\/armstrongyregion.com.ar\/diario\/wp-json\/wp\/v2\/posts\/46323\/revisions\/46325"}],"wp:featuredmedia":[{"embeddable":true,"href":"https:\/\/armstrongyregion.com.ar\/diario\/wp-json\/wp\/v2\/media\/46324"}],"wp:attachment":[{"href":"https:\/\/armstrongyregion.com.ar\/diario\/wp-json\/wp\/v2\/media?parent=46323"}],"wp:term":[{"taxonomy":"category","embeddable":true,"href":"https:\/\/armstrongyregion.com.ar\/diario\/wp-json\/wp\/v2\/categories?post=46323"},{"taxonomy":"post_tag","embeddable":true,"href":"https:\/\/armstrongyregion.com.ar\/diario\/wp-json\/wp\/v2\/tags?post=46323"}],"curies":[{"name":"wp","href":"https:\/\/api.w.org\/{rel}","templated":true}]}}