{"id":46307,"date":"2025-05-21T20:26:51","date_gmt":"2025-05-21T20:26:51","guid":{"rendered":"https:\/\/armstrongyregion.com.ar\/diario\/?p=46307"},"modified":"2025-05-22T12:37:44","modified_gmt":"2025-05-22T12:37:44","slug":"mural-en-armstrong-honrara-la-memoria-de-donantes-de-organos-y-salvara-vidas","status":"publish","type":"post","link":"https:\/\/armstrongyregion.com.ar\/diario\/mural-en-armstrong-honrara-la-memoria-de-donantes-de-organos-y-salvara-vidas\/","title":{"rendered":"Mural en Armstrong Honrar\u00e1 la Memoria de Donantes de \u00d3rganos y Salvar\u00e1 Vidas."},"content":{"rendered":"\n<figure class=\"wp-block-image size-full\"><img loading=\"lazy\" decoding=\"async\" width=\"359\" height=\"362\" src=\"http:\/\/armstrongyregion.com.ar\/diario\/wp-content\/uploads\/2025\/05\/nota-juli-carla-.jpg\" alt=\"\" class=\"wp-image-46314\" srcset=\"https:\/\/armstrongyregion.com.ar\/diario\/wp-content\/uploads\/2025\/05\/nota-juli-carla-.jpg 359w, https:\/\/armstrongyregion.com.ar\/diario\/wp-content\/uploads\/2025\/05\/nota-juli-carla--298x300.jpg 298w, https:\/\/armstrongyregion.com.ar\/diario\/wp-content\/uploads\/2025\/05\/nota-juli-carla--150x150.jpg 150w\" sizes=\"auto, (max-width: 359px) 100vw, 359px\" \/><\/figure>\n\n\n\n<h2 class=\"wp-block-heading\">En un emotivo avance del proyecto de concientizaci\u00f3n sobre la donaci\u00f3n de \u00f3rganos, se anunci\u00f3 que <strong>dos artistas comenzar\u00e1n en breve la creaci\u00f3n de un mural en Armstrong<\/strong>, con el objetivo de <strong>generar conciencia y honrar a los donantes de la localidad<\/strong>. Esta impactante obra, similar a una ya realizada en Casilda, busca reforzar el mensaje de que \u00abdonar \u00f3rganos est\u00e1 bien y salva vidas\u00bb.<\/h2>\n\n\n\n<figure class=\"wp-block-image size-large\"><img loading=\"lazy\" decoding=\"async\" width=\"496\" height=\"480\" src=\"http:\/\/armstrongyregion.com.ar\/diario\/wp-content\/uploads\/2025\/04\/Dra.-Carla-Revigliono-MARZO-25-496x480.jpg\" alt=\"\" class=\"wp-image-45855\" srcset=\"https:\/\/armstrongyregion.com.ar\/diario\/wp-content\/uploads\/2025\/04\/Dra.-Carla-Revigliono-MARZO-25-496x480.jpg 496w, https:\/\/armstrongyregion.com.ar\/diario\/wp-content\/uploads\/2025\/04\/Dra.-Carla-Revigliono-MARZO-25-300x290.jpg 300w, https:\/\/armstrongyregion.com.ar\/diario\/wp-content\/uploads\/2025\/04\/Dra.-Carla-Revigliono-MARZO-25-768x743.jpg 768w, https:\/\/armstrongyregion.com.ar\/diario\/wp-content\/uploads\/2025\/04\/Dra.-Carla-Revigliono-MARZO-25.jpg 1071w\" sizes=\"auto, (max-width: 496px) 100vw, 496px\" \/><\/figure>\n\n\n\n<p>El mural, que abarcar\u00e1 una superficie de <strong>60 metros cuadrados<\/strong>, se ubicar\u00e1 en una esquina estrat\u00e9gica de la ciudad: <strong>Calle Fischer e Irigoyen<\/strong>. Esta ubicaci\u00f3n permitir\u00e1 que un gran n\u00famero de personas puedan apreciar la obra y reflexionar sobre la importancia de la donaci\u00f3n de \u00f3rganos.<\/p>\n\n\n\n<p><strong>Carla Revigliono<\/strong>, concejala impulsora de la iniciativa, destac\u00f3 la importancia de esta intervenci\u00f3n art\u00edstica para seguir <strong>\u00absembrando esa conciencia\u00bb<\/strong>. El mural, que promete ser una pieza \u00abmuy linda\u00bb, tendr\u00e1 un significado adicional al <strong>incluir los nombres de personas de Armstrong que han sido donantes de \u00f3rganos<\/strong>.<\/p>\n\n\n\n<p><strong>\u00abQueremos honrar su memoria y multiplicar realmente su ejemplo en toda la comunidad\u00bb<\/strong>, expres\u00f3 Revigliono. La invitaci\u00f3n est\u00e1 abierta a todas las familias de la localidad que hayan tenido un ser querido que haya sido donante de \u00f3rganos, o incluso aquellos que hayan realizado una donaci\u00f3n en vida. Se les solicita que <strong>se acerquen a la Municipalidad para hacer llegar los nombres de sus familiares<\/strong>, y as\u00ed puedan ser incluidos en este significativo homenaje.<\/p>\n\n\n\n<p><strong>La concejala inform\u00f3 que ya se han puesto en contacto con algunas familias de forma particular, pero inst\u00f3 a quienes a\u00fan no lo han hecho a que se comuniquen, ya que la pintura del mural comenzar\u00e1 pronto. Esta iniciativa representa un poderoso testimonio visual y un recordatorio constante de la generosidad y el impacto transformador de la donaci\u00f3n de \u00f3rganos en la comunidad de Armstrong.<\/strong><\/p>\n","protected":false},"excerpt":{"rendered":"<p>Mural en Armstrong Honrar\u00e1 la Memoria de Donantes de \u00d3rganos y Salvar\u00e1 Vidas.<\/p>\n","protected":false},"author":1,"featured_media":46314,"comment_status":"open","ping_status":"open","sticky":false,"template":"","format":"image","meta":{"_jetpack_memberships_contains_paid_content":false,"footnotes":"","jetpack_publicize_message":"","jetpack_publicize_feature_enabled":true,"jetpack_social_post_already_shared":true,"jetpack_social_options":{"image_generator_settings":{"template":"highway","default_image_id":0,"enabled":false},"version":2}},"categories":[6,8,1,2,7,4,3],"tags":[20,9425,11755,15,9346,11754,31,9109,9466],"class_list":["post-46307","post","type-post","status-publish","format-image","has-post-thumbnail","hentry","category-cultura-entretenimiento","category-deliberando","category-diario-armstrong","category-locales","category-politica","category-prevencion-salud","category-region","tag-armstrong","tag-carla-revigliono","tag-donante-de-organos","tag-en","tag-graciela-de-la-casa","tag-honrara","tag-la","tag-memoria-2","tag-mural","post_format-post-format-image"],"jetpack_publicize_connections":[],"jetpack_featured_media_url":"https:\/\/armstrongyregion.com.ar\/diario\/wp-content\/uploads\/2025\/05\/nota-juli-carla-.jpg","jetpack_shortlink":"https:\/\/wp.me\/p62QDO-c2T","jetpack_sharing_enabled":true,"amp_enabled":true,"_links":{"self":[{"href":"https:\/\/armstrongyregion.com.ar\/diario\/wp-json\/wp\/v2\/posts\/46307","targetHints":{"allow":["GET"]}}],"collection":[{"href":"https:\/\/armstrongyregion.com.ar\/diario\/wp-json\/wp\/v2\/posts"}],"about":[{"href":"https:\/\/armstrongyregion.com.ar\/diario\/wp-json\/wp\/v2\/types\/post"}],"author":[{"embeddable":true,"href":"https:\/\/armstrongyregion.com.ar\/diario\/wp-json\/wp\/v2\/users\/1"}],"replies":[{"embeddable":true,"href":"https:\/\/armstrongyregion.com.ar\/diario\/wp-json\/wp\/v2\/comments?post=46307"}],"version-history":[{"count":3,"href":"https:\/\/armstrongyregion.com.ar\/diario\/wp-json\/wp\/v2\/posts\/46307\/revisions"}],"predecessor-version":[{"id":46315,"href":"https:\/\/armstrongyregion.com.ar\/diario\/wp-json\/wp\/v2\/posts\/46307\/revisions\/46315"}],"wp:featuredmedia":[{"embeddable":true,"href":"https:\/\/armstrongyregion.com.ar\/diario\/wp-json\/wp\/v2\/media\/46314"}],"wp:attachment":[{"href":"https:\/\/armstrongyregion.com.ar\/diario\/wp-json\/wp\/v2\/media?parent=46307"}],"wp:term":[{"taxonomy":"category","embeddable":true,"href":"https:\/\/armstrongyregion.com.ar\/diario\/wp-json\/wp\/v2\/categories?post=46307"},{"taxonomy":"post_tag","embeddable":true,"href":"https:\/\/armstrongyregion.com.ar\/diario\/wp-json\/wp\/v2\/tags?post=46307"}],"curies":[{"name":"wp","href":"https:\/\/api.w.org\/{rel}","templated":true}]}}