{"id":463,"date":"2015-01-15T00:26:14","date_gmt":"2015-01-15T00:26:14","guid":{"rendered":"https:\/\/armstrongyregion.com.ar\/diario\/?p=463"},"modified":"2015-01-15T00:26:14","modified_gmt":"2015-01-15T00:26:14","slug":"carcarana-robo-danos-desmanes-e-incendio-en-radio-ciudad","status":"publish","type":"post","link":"https:\/\/armstrongyregion.com.ar\/diario\/carcarana-robo-danos-desmanes-e-incendio-en-radio-ciudad\/","title":{"rendered":"Carcara\u00f1\u00e1: Robo, da\u00f1os, desmanes e incendio en Radio Ciudad."},"content":{"rendered":"<p><a href=\"http:\/\/armstrongyregion.com.ar\/diario\/wp-content\/uploads\/2015\/01\/10565228_1585992308283526_8232429894009448676_n.jpg\"><img loading=\"lazy\" decoding=\"async\" class=\"alignnone size-medium wp-image-464\" src=\"http:\/\/armstrongyregion.com.ar\/diario\/wp-content\/uploads\/2015\/01\/10565228_1585992308283526_8232429894009448676_n-300x198.jpg\" alt=\"Da\u00f1o radio Carcara\u00f1a\" width=\"300\" height=\"198\" srcset=\"https:\/\/armstrongyregion.com.ar\/diario\/wp-content\/uploads\/2015\/01\/10565228_1585992308283526_8232429894009448676_n-300x198.jpg 300w, https:\/\/armstrongyregion.com.ar\/diario\/wp-content\/uploads\/2015\/01\/10565228_1585992308283526_8232429894009448676_n.jpg 454w\" sizes=\"auto, (max-width: 300px) 100vw, 300px\" \/><\/a>El lamentable hecho ocurri\u00f3 en la madrugada de \u00e9ste mi\u00e9rcoles 14 en las instalaciones de Radio Ciudad FM 94.7, ubicadas en Alberdi y Abrate, propiedad del reconocido Periodista Claudio Giolidoro.<\/p>\n<p>Durante el hecho se sustrajeron equipos pertenecientes al mobiliario de la FM y se realizaron al menos tres intentos de incendiar el lugar sin que el fuego lograra propagarse a las salas contiguas.<\/p>\n<p>Para iniciar los desmanes, los atacantes lograron ingresar al edificio forzando una reja situada al frente del mismo. Este hecho es el tercero perpretado en ocho d\u00edas en el mismo barrio de la ciudad de Carcara\u00f1\u00e1. Anteriormente una despensa y una Iglesia Evang\u00e9lica hab\u00edan sido atacados con la misma modalidad de robo e incendio. \u201cEstoy destruido, tengo que empezar de nuevo a los 52 a\u00f1os, tengo muchas ganas de llorar, es de terror\u201d relato Claudio a un medio radial de la zona.<\/p>\n<p>Mientras se desarrollaba la comunicaci\u00f3n, Claudio tambi\u00e9n cont\u00f3 que no cre\u00eda que esto fuera un hecho aislado, \u201cporque prendieron fuego hace cuatro d\u00edas una Iglesia evang\u00e9lica, una camioneta hace dos meses y hace poco tambi\u00e9n un kiosco, y nunca se dilucid\u00f3 nada\u201d, coment\u00f3; \u201cjusto hoy vine m\u00e1s tarde, y cuando llegu\u00e9 todav\u00eda ol\u00eda a quemado, esto es de terror\u201d, indic\u00f3.<\/p>\n<p>\u201cM\u00e1s all\u00e1 del robo, porqu\u00e9 el fuego, hab\u00edan quemado la sala de operadores, la de trasmisi\u00f3n, las computadoras no sirven, se llevaron micr\u00f3fonos, la consola y con mi mujer cortamos la luz para evitar m\u00e1s problemas\u201d, agreg\u00f3 Giolidoro, para acotar que la seguridad en Carcara\u00f1\u00e1 \u201cbien, gracias\u201d.<\/p>\n<p>\u201cNo hay c\u00e1mara de seguridad en ning\u00fan sector, nunca pens\u00e9 que alguien fuera hacerle da\u00f1o a la radio, pero me toc\u00f3, nadie vio nada\u201d, cerr\u00f3 Claudio.<\/p>\n","protected":false},"excerpt":{"rendered":"<p>El lamentable hecho ocurri\u00f3 en la madrugada de \u00e9ste mi\u00e9rcoles 14 en las instalaciones de Radio Ciudad FM 94.7, ubicadas en Alberdi y Abrate, propiedad del reconocido Periodista Claudio Giolidoro. Durante el hecho se sustrajeron equipos pertenecientes al mobiliario de la FM y se realizaron al menos tres intentos de incendiar el lugar sin que <a href=\"https:\/\/armstrongyregion.com.ar\/diario\/carcarana-robo-danos-desmanes-e-incendio-en-radio-ciudad\/\" title=\"Read more\" >&#8230;<\/a><\/p>\n","protected":false},"author":2,"featured_media":464,"comment_status":"open","ping_status":"open","sticky":false,"template":"","format":"standard","meta":{"_jetpack_memberships_contains_paid_content":false,"footnotes":"","jetpack_publicize_message":"","jetpack_publicize_feature_enabled":true,"jetpack_social_post_already_shared":false,"jetpack_social_options":{"image_generator_settings":{"template":"highway","default_image_id":0,"enabled":false},"version":2}},"categories":[1,3],"tags":[354,390,446,447,448,15,449,450,161],"class_list":["post-463","post","type-post","status-publish","format-standard","has-post-thumbnail","hentry","category-diario-armstrong","category-region","tag-carcarana","tag-ciudad","tag-danos","tag-desmanes","tag-e","tag-en","tag-incendio","tag-radio","tag-robo"],"jetpack_publicize_connections":[],"jetpack_featured_media_url":"https:\/\/armstrongyregion.com.ar\/diario\/wp-content\/uploads\/2015\/01\/10565228_1585992308283526_8232429894009448676_n.jpg","jetpack_shortlink":"https:\/\/wp.me\/p62QDO-7t","jetpack_sharing_enabled":true,"amp_enabled":true,"_links":{"self":[{"href":"https:\/\/armstrongyregion.com.ar\/diario\/wp-json\/wp\/v2\/posts\/463","targetHints":{"allow":["GET"]}}],"collection":[{"href":"https:\/\/armstrongyregion.com.ar\/diario\/wp-json\/wp\/v2\/posts"}],"about":[{"href":"https:\/\/armstrongyregion.com.ar\/diario\/wp-json\/wp\/v2\/types\/post"}],"author":[{"embeddable":true,"href":"https:\/\/armstrongyregion.com.ar\/diario\/wp-json\/wp\/v2\/users\/2"}],"replies":[{"embeddable":true,"href":"https:\/\/armstrongyregion.com.ar\/diario\/wp-json\/wp\/v2\/comments?post=463"}],"version-history":[{"count":0,"href":"https:\/\/armstrongyregion.com.ar\/diario\/wp-json\/wp\/v2\/posts\/463\/revisions"}],"wp:featuredmedia":[{"embeddable":true,"href":"https:\/\/armstrongyregion.com.ar\/diario\/wp-json\/wp\/v2\/media\/464"}],"wp:attachment":[{"href":"https:\/\/armstrongyregion.com.ar\/diario\/wp-json\/wp\/v2\/media?parent=463"}],"wp:term":[{"taxonomy":"category","embeddable":true,"href":"https:\/\/armstrongyregion.com.ar\/diario\/wp-json\/wp\/v2\/categories?post=463"},{"taxonomy":"post_tag","embeddable":true,"href":"https:\/\/armstrongyregion.com.ar\/diario\/wp-json\/wp\/v2\/tags?post=463"}],"curies":[{"name":"wp","href":"https:\/\/api.w.org\/{rel}","templated":true}]}}