{"id":46290,"date":"2025-05-20T19:47:21","date_gmt":"2025-05-20T19:47:21","guid":{"rendered":"https:\/\/armstrongyregion.com.ar\/diario\/?p=46290"},"modified":"2025-05-21T18:49:33","modified_gmt":"2025-05-21T18:49:33","slug":"armstrong-invitacion-para-el-25-de-mayo-de-2025","status":"publish","type":"post","link":"https:\/\/armstrongyregion.com.ar\/diario\/armstrong-invitacion-para-el-25-de-mayo-de-2025\/","title":{"rendered":"Armstrong. Invitaci\u00f3n para el 25 de Mayo de 2025."},"content":{"rendered":"\n<figure class=\"wp-block-image size-full\"><img loading=\"lazy\" decoding=\"async\" width=\"255\" height=\"319\" src=\"http:\/\/armstrongyregion.com.ar\/diario\/wp-content\/uploads\/2025\/05\/25-mayo-2025.jpg\" alt=\"\" class=\"wp-image-46291\" srcset=\"https:\/\/armstrongyregion.com.ar\/diario\/wp-content\/uploads\/2025\/05\/25-mayo-2025.jpg 255w, https:\/\/armstrongyregion.com.ar\/diario\/wp-content\/uploads\/2025\/05\/25-mayo-2025-240x300.jpg 240w\" sizes=\"auto, (max-width: 255px) 100vw, 255px\" \/><\/figure>\n\n\n\n<p>La Municipalidad de Armstrong junto a la Escuela Normal Superior N\u00b0 33 \u201cDr. Mariano<br>Moreno\u201d invitan a participar del acto oficial el domingo 25 de mayo a las 11 hs. en Plaza San<br>Mart\u00edn.<br>Participar\u00e1n todas las modalidades de la escuela y la Orquesta del Conservatorio Municipal<br>de M\u00fasica.<br>Se cumplen 215 a\u00f1os de la Revoluci\u00f3n de Mayo y la creaci\u00f3n del Primer Gobierno Patrio de<br>nuestro pa\u00eds. Por ello se invita a embanderar el frente de todos los edificios.<br>En caso de lluvia se realizar\u00e1 en la Estaci\u00f3n M\u00e1s.<\/p>\n","protected":false},"excerpt":{"rendered":"<p>Armstrong. Invitaci\u00f3n para el 25 de Mayo de 2025.<\/p>\n","protected":false},"author":1,"featured_media":46291,"comment_status":"open","ping_status":"open","sticky":false,"template":"","format":"image","meta":{"_jetpack_memberships_contains_paid_content":false,"footnotes":"","jetpack_publicize_message":"","jetpack_publicize_feature_enabled":true,"jetpack_social_post_already_shared":true,"jetpack_social_options":{"image_generator_settings":{"template":"highway","default_image_id":0,"enabled":false},"version":2}},"categories":[8,1,2,7,3],"tags":[9378,20,5030,616],"class_list":["post-46290","post","type-post","status-publish","format-image","has-post-thumbnail","hentry","category-deliberando","category-diario-armstrong","category-locales","category-politica","category-region","tag-25-de-mayo","tag-armstrong","tag-diario-armstrong","tag-invitacion","post_format-post-format-image"],"jetpack_publicize_connections":[],"jetpack_featured_media_url":"https:\/\/armstrongyregion.com.ar\/diario\/wp-content\/uploads\/2025\/05\/25-mayo-2025.jpg","jetpack_shortlink":"https:\/\/wp.me\/p62QDO-c2C","jetpack_sharing_enabled":true,"amp_enabled":true,"_links":{"self":[{"href":"https:\/\/armstrongyregion.com.ar\/diario\/wp-json\/wp\/v2\/posts\/46290","targetHints":{"allow":["GET"]}}],"collection":[{"href":"https:\/\/armstrongyregion.com.ar\/diario\/wp-json\/wp\/v2\/posts"}],"about":[{"href":"https:\/\/armstrongyregion.com.ar\/diario\/wp-json\/wp\/v2\/types\/post"}],"author":[{"embeddable":true,"href":"https:\/\/armstrongyregion.com.ar\/diario\/wp-json\/wp\/v2\/users\/1"}],"replies":[{"embeddable":true,"href":"https:\/\/armstrongyregion.com.ar\/diario\/wp-json\/wp\/v2\/comments?post=46290"}],"version-history":[{"count":2,"href":"https:\/\/armstrongyregion.com.ar\/diario\/wp-json\/wp\/v2\/posts\/46290\/revisions"}],"predecessor-version":[{"id":46303,"href":"https:\/\/armstrongyregion.com.ar\/diario\/wp-json\/wp\/v2\/posts\/46290\/revisions\/46303"}],"wp:featuredmedia":[{"embeddable":true,"href":"https:\/\/armstrongyregion.com.ar\/diario\/wp-json\/wp\/v2\/media\/46291"}],"wp:attachment":[{"href":"https:\/\/armstrongyregion.com.ar\/diario\/wp-json\/wp\/v2\/media?parent=46290"}],"wp:term":[{"taxonomy":"category","embeddable":true,"href":"https:\/\/armstrongyregion.com.ar\/diario\/wp-json\/wp\/v2\/categories?post=46290"},{"taxonomy":"post_tag","embeddable":true,"href":"https:\/\/armstrongyregion.com.ar\/diario\/wp-json\/wp\/v2\/tags?post=46290"}],"curies":[{"name":"wp","href":"https:\/\/api.w.org\/{rel}","templated":true}]}}