{"id":46279,"date":"2025-05-20T02:23:35","date_gmt":"2025-05-20T02:23:35","guid":{"rendered":"https:\/\/armstrongyregion.com.ar\/diario\/?p=46279"},"modified":"2025-05-20T02:23:36","modified_gmt":"2025-05-20T02:23:36","slug":"activacion-por-el-dia-de-los-museos","status":"publish","type":"post","link":"https:\/\/armstrongyregion.com.ar\/diario\/activacion-por-el-dia-de-los-museos\/","title":{"rendered":"\u201cActivaci\u00f3n\u201d por el d\u00eda de los Museos."},"content":{"rendered":"\n<figure class=\"wp-block-image size-full\"><img loading=\"lazy\" decoding=\"async\" width=\"400\" height=\"300\" src=\"http:\/\/armstrongyregion.com.ar\/diario\/wp-content\/uploads\/2025\/05\/RADIOAFICIONADOS-3-.jpg\" alt=\"\" class=\"wp-image-46280\" srcset=\"https:\/\/armstrongyregion.com.ar\/diario\/wp-content\/uploads\/2025\/05\/RADIOAFICIONADOS-3-.jpg 400w, https:\/\/armstrongyregion.com.ar\/diario\/wp-content\/uploads\/2025\/05\/RADIOAFICIONADOS-3--300x225.jpg 300w\" sizes=\"auto, (max-width: 400px) 100vw, 400px\" \/><\/figure>\n\n\n\n<p>El s\u00e1bado 17 de mayo en nuestro Museo Hist\u00f3rico Municipal se vivi\u00f3 una experiencia distinta junto<br>al Radioclub Armstrong y Zona, donde radioaficionados de nuestra ciudad y localidades vecinas<br>demostraron su pasi\u00f3n por esta actividad.<\/p>\n\n\n\n<figure class=\"wp-block-image size-full\"><img loading=\"lazy\" decoding=\"async\" width=\"357\" height=\"268\" src=\"http:\/\/armstrongyregion.com.ar\/diario\/wp-content\/uploads\/2025\/05\/RADIAFICIONADOS-1-.jpg\" alt=\"\" class=\"wp-image-46281\" srcset=\"https:\/\/armstrongyregion.com.ar\/diario\/wp-content\/uploads\/2025\/05\/RADIAFICIONADOS-1-.jpg 357w, https:\/\/armstrongyregion.com.ar\/diario\/wp-content\/uploads\/2025\/05\/RADIAFICIONADOS-1--300x225.jpg 300w\" sizes=\"auto, (max-width: 357px) 100vw, 357px\" \/><\/figure>\n\n\n\n<p><br>Esta propuesta se realiz\u00f3 en el marco del D\u00eda Internacional de los Museos y esta \u201cactivaci\u00f3n\u201d<br>permiti\u00f3 mostrar este espacio cultural a todo el mundo.<\/p>\n\n\n\n<figure class=\"wp-block-image size-full\"><img loading=\"lazy\" decoding=\"async\" width=\"357\" height=\"268\" src=\"http:\/\/armstrongyregion.com.ar\/diario\/wp-content\/uploads\/2025\/05\/RADIOAFICIONADOS-2-.jpg\" alt=\"\" class=\"wp-image-46282\" srcset=\"https:\/\/armstrongyregion.com.ar\/diario\/wp-content\/uploads\/2025\/05\/RADIOAFICIONADOS-2-.jpg 357w, https:\/\/armstrongyregion.com.ar\/diario\/wp-content\/uploads\/2025\/05\/RADIOAFICIONADOS-2--300x225.jpg 300w\" sizes=\"auto, (max-width: 357px) 100vw, 357px\" \/><\/figure>\n\n\n\n<p><br>Fue una excelente jornada con muy buenas condiciones para la radio, donde hubo varias<br>comunicaciones, coincidiendo con mensajes por las zonas inundadas en la provincia de Buenos Aires,<br>poniendo de manifiesto que la radioafici\u00f3n en cat\u00e1strofes naturales es de vital importancia para<br>garantizar la comunicaci\u00f3n, coordinar ayuda y brindar apoyo emocional.<\/p>\n\n\n\n<figure class=\"wp-block-image size-full\"><img loading=\"lazy\" decoding=\"async\" width=\"357\" height=\"268\" src=\"http:\/\/armstrongyregion.com.ar\/diario\/wp-content\/uploads\/2025\/05\/RADIOAFICIONADOS-4-.jpg\" alt=\"\" class=\"wp-image-46283\" srcset=\"https:\/\/armstrongyregion.com.ar\/diario\/wp-content\/uploads\/2025\/05\/RADIOAFICIONADOS-4-.jpg 357w, https:\/\/armstrongyregion.com.ar\/diario\/wp-content\/uploads\/2025\/05\/RADIOAFICIONADOS-4--300x225.jpg 300w\" sizes=\"auto, (max-width: 357px) 100vw, 357px\" \/><\/figure>\n","protected":false},"excerpt":{"rendered":"<p>Armstrong. \u201cActivaci\u00f3n\u201d por el d\u00eda de los Museos.<\/p>\n","protected":false},"author":1,"featured_media":46283,"comment_status":"open","ping_status":"open","sticky":false,"template":"","format":"image","meta":{"_jetpack_memberships_contains_paid_content":false,"footnotes":"","jetpack_publicize_message":"","jetpack_publicize_feature_enabled":true,"jetpack_social_post_already_shared":true,"jetpack_social_options":{"image_generator_settings":{"template":"highway","default_image_id":0,"enabled":false},"version":2}},"categories":[8,1,2,7,3],"tags":[11382,11747,5030,8777],"class_list":["post-46279","post","type-post","status-publish","format-image","has-post-thumbnail","hentry","category-deliberando","category-diario-armstrong","category-locales","category-politica","category-region","tag-activacion","tag-dia-de-los-museos","tag-diario-armstrong","tag-lic-graciela-de-la-casa","post_format-post-format-image"],"jetpack_publicize_connections":[],"jetpack_featured_media_url":"https:\/\/armstrongyregion.com.ar\/diario\/wp-content\/uploads\/2025\/05\/RADIOAFICIONADOS-4-.jpg","jetpack_shortlink":"https:\/\/wp.me\/p62QDO-c2r","jetpack_sharing_enabled":true,"amp_enabled":true,"_links":{"self":[{"href":"https:\/\/armstrongyregion.com.ar\/diario\/wp-json\/wp\/v2\/posts\/46279","targetHints":{"allow":["GET"]}}],"collection":[{"href":"https:\/\/armstrongyregion.com.ar\/diario\/wp-json\/wp\/v2\/posts"}],"about":[{"href":"https:\/\/armstrongyregion.com.ar\/diario\/wp-json\/wp\/v2\/types\/post"}],"author":[{"embeddable":true,"href":"https:\/\/armstrongyregion.com.ar\/diario\/wp-json\/wp\/v2\/users\/1"}],"replies":[{"embeddable":true,"href":"https:\/\/armstrongyregion.com.ar\/diario\/wp-json\/wp\/v2\/comments?post=46279"}],"version-history":[{"count":1,"href":"https:\/\/armstrongyregion.com.ar\/diario\/wp-json\/wp\/v2\/posts\/46279\/revisions"}],"predecessor-version":[{"id":46284,"href":"https:\/\/armstrongyregion.com.ar\/diario\/wp-json\/wp\/v2\/posts\/46279\/revisions\/46284"}],"wp:featuredmedia":[{"embeddable":true,"href":"https:\/\/armstrongyregion.com.ar\/diario\/wp-json\/wp\/v2\/media\/46283"}],"wp:attachment":[{"href":"https:\/\/armstrongyregion.com.ar\/diario\/wp-json\/wp\/v2\/media?parent=46279"}],"wp:term":[{"taxonomy":"category","embeddable":true,"href":"https:\/\/armstrongyregion.com.ar\/diario\/wp-json\/wp\/v2\/categories?post=46279"},{"taxonomy":"post_tag","embeddable":true,"href":"https:\/\/armstrongyregion.com.ar\/diario\/wp-json\/wp\/v2\/tags?post=46279"}],"curies":[{"name":"wp","href":"https:\/\/api.w.org\/{rel}","templated":true}]}}