{"id":46247,"date":"2025-05-15T11:40:19","date_gmt":"2025-05-15T11:40:19","guid":{"rendered":"https:\/\/armstrongyregion.com.ar\/diario\/?p=46247"},"modified":"2025-05-15T11:40:21","modified_gmt":"2025-05-15T11:40:21","slug":"concejal-urquia-eleva-pedido-por-mejor-iluminacion-en-espacios-publicos-de-armstrong","status":"publish","type":"post","link":"https:\/\/armstrongyregion.com.ar\/diario\/concejal-urquia-eleva-pedido-por-mejor-iluminacion-en-espacios-publicos-de-armstrong\/","title":{"rendered":"Concejal Urqu\u00eda eleva pedido por mejor iluminaci\u00f3n en espacios p\u00fablicos de Armstrong"},"content":{"rendered":"\n<figure class=\"wp-block-image size-large\"><img loading=\"lazy\" decoding=\"async\" width=\"640\" height=\"426\" src=\"http:\/\/armstrongyregion.com.ar\/diario\/wp-content\/uploads\/2025\/04\/Jesus-Urquia-17-4-25-640x426.jpg\" alt=\"\" class=\"wp-image-45999\" srcset=\"https:\/\/armstrongyregion.com.ar\/diario\/wp-content\/uploads\/2025\/04\/Jesus-Urquia-17-4-25-640x426.jpg 640w, https:\/\/armstrongyregion.com.ar\/diario\/wp-content\/uploads\/2025\/04\/Jesus-Urquia-17-4-25-300x200.jpg 300w, https:\/\/armstrongyregion.com.ar\/diario\/wp-content\/uploads\/2025\/04\/Jesus-Urquia-17-4-25-768x512.jpg 768w, https:\/\/armstrongyregion.com.ar\/diario\/wp-content\/uploads\/2025\/04\/Jesus-Urquia-17-4-25.jpg 800w\" sizes=\"auto, (max-width: 640px) 100vw, 640px\" \/><\/figure>\n\n\n\n<h2 class=\"wp-block-heading\">El concejal Jes\u00fas Urqu\u00eda, del bloque Renovaci\u00f3n, present\u00f3 una minuta de comunicaci\u00f3n al Departamento Ejecutivo Municipal solicitando la evaluaci\u00f3n y mejora de la iluminaci\u00f3n en el FO.NA.VI Sur y en diversos espacios p\u00fablicos de la ciudad,  atendiendo a la preocupaci\u00f3n manifestada por los vecinos.<\/h2>\n\n\n\n<p>En respuesta a reiterados reclamos de vecinos de Armstrong, el concejal Jes\u00fas Urqu\u00eda elev\u00f3 una minuta al Ejecutivo municipal expresando la inquietud por la deficiente iluminaci\u00f3n en diferentes puntos de la ciudad.<strong> \u00abEspec\u00edficamente en el FO.NA.VI sur, los vecinos han manifestado su preocupaci\u00f3n, tambi\u00e9n en lugares como la Plaza Nona Rocha y otros espacios p\u00fablicos, donde la falta de luz durante la noche genera una sensaci\u00f3n de inseguridad y malestar\u00bb.<\/strong> Expresaba el edil.<\/p>\n\n\n\n<p>El concejal Urqu\u00eda se\u00f1al\u00f3 que es fundamental para su bloque trasladar estas demandas vecinales al Ejecutivo en busca de soluciones que brinden mayor seguridad y tranquilidad a la comunidad. <strong>\u00abRecorremos los barrios y los vecinos nos hacen llegar su preocupaci\u00f3n por la oscuridad, que genera temor y puede propiciar situaciones que queremos evitar. Una buena iluminaci\u00f3n puede ser una herramienta importante para disuadir estas situaciones\u00bb<\/strong>, afirm\u00f3 el concejal.<\/p>\n\n\n\n<p><strong>En la minuta presentada, se solicita al Departamento Ejecutivo que eval\u00fae la situaci\u00f3n de la iluminaci\u00f3n en el FO.NA.VI Sur y se considere la colocaci\u00f3n de nuevas luminarias o el mejoramiento de las existentes en aquellos puntos cr\u00edticos. Se fundamenta este pedido en la necesidad de responder a la leg\u00edtima demanda de los ciudadanos por entornos m\u00e1s seguros y habitables durante las horas nocturnas.<\/strong><\/p>\n\n\n\n<p>Se espera que el Ejecutivo municipal tome en consideraci\u00f3n esta solicitud y avance en la b\u00fasqueda de soluciones para mejorar la iluminaci\u00f3n en los espacios p\u00fablicos de Armstrong, contribuyendo as\u00ed al bienestar y la seguridad de todos los vecinos.<\/p>\n\n\n\n<p><\/p>\n","protected":false},"excerpt":{"rendered":"<p>El concejal Jes\u00fas Urqu\u00eda, del bloque Renovaci\u00f3n, present\u00f3 una minuta de comunicaci\u00f3n al Departamento Ejecutivo Municipal solicitando la evaluaci\u00f3n y mejora de la iluminaci\u00f3n en el FO.NA.VI Sur y en diversos espacios p\u00fablicos de la ciudad, atendiendo a la preocupaci\u00f3n manifestada por los vecinos. En respuesta a reiterados reclamos de vecinos de Armstrong, el concejal <a href=\"https:\/\/armstrongyregion.com.ar\/diario\/concejal-urquia-eleva-pedido-por-mejor-iluminacion-en-espacios-publicos-de-armstrong\/\" title=\"Read more\" >&#8230;<\/a><\/p>\n","protected":false},"author":1,"featured_media":45999,"comment_status":"open","ping_status":"open","sticky":false,"template":"","format":"image","meta":{"_jetpack_memberships_contains_paid_content":false,"footnotes":"","jetpack_publicize_message":"","jetpack_publicize_feature_enabled":true,"jetpack_social_post_already_shared":true,"jetpack_social_options":{"image_generator_settings":{"template":"highway","default_image_id":0,"enabled":false},"version":2}},"categories":[8,1,2,7,3],"tags":[20,5030,11737,11738,714,11566,549,812,60,9298],"class_list":["post-46247","post","type-post","status-publish","format-image","has-post-thumbnail","hentry","category-deliberando","category-diario-armstrong","category-locales","category-politica","category-region","tag-armstrong","tag-diario-armstrong","tag-eleva","tag-espacios-publicos-2","tag-iluminacion","tag-jesus-urquia-3","tag-mejor","tag-pedido","tag-por","tag-renovacion-por-armstrong","post_format-post-format-image"],"jetpack_publicize_connections":[],"jetpack_featured_media_url":"https:\/\/armstrongyregion.com.ar\/diario\/wp-content\/uploads\/2025\/04\/Jesus-Urquia-17-4-25.jpg","jetpack_shortlink":"https:\/\/wp.me\/p62QDO-c1V","jetpack_sharing_enabled":true,"amp_enabled":true,"_links":{"self":[{"href":"https:\/\/armstrongyregion.com.ar\/diario\/wp-json\/wp\/v2\/posts\/46247","targetHints":{"allow":["GET"]}}],"collection":[{"href":"https:\/\/armstrongyregion.com.ar\/diario\/wp-json\/wp\/v2\/posts"}],"about":[{"href":"https:\/\/armstrongyregion.com.ar\/diario\/wp-json\/wp\/v2\/types\/post"}],"author":[{"embeddable":true,"href":"https:\/\/armstrongyregion.com.ar\/diario\/wp-json\/wp\/v2\/users\/1"}],"replies":[{"embeddable":true,"href":"https:\/\/armstrongyregion.com.ar\/diario\/wp-json\/wp\/v2\/comments?post=46247"}],"version-history":[{"count":1,"href":"https:\/\/armstrongyregion.com.ar\/diario\/wp-json\/wp\/v2\/posts\/46247\/revisions"}],"predecessor-version":[{"id":46248,"href":"https:\/\/armstrongyregion.com.ar\/diario\/wp-json\/wp\/v2\/posts\/46247\/revisions\/46248"}],"wp:featuredmedia":[{"embeddable":true,"href":"https:\/\/armstrongyregion.com.ar\/diario\/wp-json\/wp\/v2\/media\/45999"}],"wp:attachment":[{"href":"https:\/\/armstrongyregion.com.ar\/diario\/wp-json\/wp\/v2\/media?parent=46247"}],"wp:term":[{"taxonomy":"category","embeddable":true,"href":"https:\/\/armstrongyregion.com.ar\/diario\/wp-json\/wp\/v2\/categories?post=46247"},{"taxonomy":"post_tag","embeddable":true,"href":"https:\/\/armstrongyregion.com.ar\/diario\/wp-json\/wp\/v2\/tags?post=46247"}],"curies":[{"name":"wp","href":"https:\/\/api.w.org\/{rel}","templated":true}]}}