{"id":46244,"date":"2025-05-13T14:52:50","date_gmt":"2025-05-13T14:52:50","guid":{"rendered":"https:\/\/armstrongyregion.com.ar\/diario\/?p=46244"},"modified":"2025-05-13T14:52:51","modified_gmt":"2025-05-13T14:52:51","slug":"deliberando-tres-concejales-de-armstrong-debaten-sobre-sus-gestiones-y-proyectos-para-la-ciudad","status":"publish","type":"post","link":"https:\/\/armstrongyregion.com.ar\/diario\/deliberando-tres-concejales-de-armstrong-debaten-sobre-sus-gestiones-y-proyectos-para-la-ciudad\/","title":{"rendered":"Deliberando.\u00a0Tres concejales de Armstrong debaten sobre sus gestiones y proyectos para la ciudad."},"content":{"rendered":"\n<figure class=\"wp-block-image size-large\"><img loading=\"lazy\" decoding=\"async\" width=\"270\" height=\"480\" src=\"http:\/\/armstrongyregion.com.ar\/diario\/wp-content\/uploads\/2025\/05\/concejales-a-renovar-270x480.jpg\" alt=\"\" class=\"wp-image-46245\" srcset=\"https:\/\/armstrongyregion.com.ar\/diario\/wp-content\/uploads\/2025\/05\/concejales-a-renovar-270x480.jpg 270w, https:\/\/armstrongyregion.com.ar\/diario\/wp-content\/uploads\/2025\/05\/concejales-a-renovar-169x300.jpg 169w, https:\/\/armstrongyregion.com.ar\/diario\/wp-content\/uploads\/2025\/05\/concejales-a-renovar.jpg 540w\" sizes=\"auto, (max-width: 270px) 100vw, 270px\" \/><\/figure>\n\n\n\n<h2 class=\"wp-block-heading\">\u00a0 Esta noche a las 21 hs por Cable Imagen Armstrong, conversamos con Noelia Garc\u00eda (Unidos), Luz Marina Fischer (Avancemos) y Jes\u00fas Urqu\u00eda (Renovaci\u00f3n por Armstrong). <\/h2>\n\n\n\n<p><strong>Los tres invitados van a competir el pr\u00f3ximo 29 de junio por la Renovaci\u00f3n de su banca, ellos son: Noelia Garc\u00eda (Bloque Unidos), Luz Marina Fischer (Bloque Avancemos) y Jes\u00fas Urqu\u00eda (Bloque Renovaci\u00f3n por Armstrong)<\/strong><\/p>\n\n\n\n<p>Noelia Garc\u00eda realizar\u00e1 un diagn\u00f3stico de la ciudad y presentar\u00e1 a su lista. Luz Marina Fischer hablar\u00e1 sobre el proyecto aprobado de \u00abFicha Limpia\u00bb y analizar\u00e1 la situaci\u00f3n pol\u00edtica local. Jes\u00fas Urqu\u00eda, destacar\u00e1 proyectos vigentes presentados por su bloque y brindara sus motivos por los cuales quiere renovar su banca.<\/p>\n\n\n\n<p>Deliberando: Martes 21hs. Por Cable Imagen Armstrong.<\/p>\n","protected":false},"excerpt":{"rendered":"<p>Deliberando.\u00a0Tres concejales de Armstrong debaten sobre sus gestiones y proyectos para la ciudad. <\/p>\n","protected":false},"author":1,"featured_media":46245,"comment_status":"open","ping_status":"open","sticky":false,"template":"","format":"image","meta":{"_jetpack_memberships_contains_paid_content":false,"footnotes":"","jetpack_publicize_message":"","jetpack_publicize_feature_enabled":true,"jetpack_social_post_already_shared":true,"jetpack_social_options":{"image_generator_settings":{"template":"highway","default_image_id":0,"enabled":false},"version":2}},"categories":[8,1,2,7,3],"tags":[20,8830,868,44,5030,8777,8598,11736],"class_list":["post-46244","post","type-post","status-publish","format-image","has-post-thumbnail","hentry","category-deliberando","category-diario-armstrong","category-locales","category-politica","category-region","tag-armstrong","tag-concejales-2","tag-concejo","tag-deliberando-2","tag-diario-armstrong","tag-lic-graciela-de-la-casa","tag-proyectos-2","tag-renuevan","post_format-post-format-image"],"jetpack_publicize_connections":[],"jetpack_featured_media_url":"https:\/\/armstrongyregion.com.ar\/diario\/wp-content\/uploads\/2025\/05\/concejales-a-renovar.jpg","jetpack_shortlink":"https:\/\/wp.me\/p62QDO-c1S","jetpack_sharing_enabled":true,"amp_enabled":true,"_links":{"self":[{"href":"https:\/\/armstrongyregion.com.ar\/diario\/wp-json\/wp\/v2\/posts\/46244","targetHints":{"allow":["GET"]}}],"collection":[{"href":"https:\/\/armstrongyregion.com.ar\/diario\/wp-json\/wp\/v2\/posts"}],"about":[{"href":"https:\/\/armstrongyregion.com.ar\/diario\/wp-json\/wp\/v2\/types\/post"}],"author":[{"embeddable":true,"href":"https:\/\/armstrongyregion.com.ar\/diario\/wp-json\/wp\/v2\/users\/1"}],"replies":[{"embeddable":true,"href":"https:\/\/armstrongyregion.com.ar\/diario\/wp-json\/wp\/v2\/comments?post=46244"}],"version-history":[{"count":1,"href":"https:\/\/armstrongyregion.com.ar\/diario\/wp-json\/wp\/v2\/posts\/46244\/revisions"}],"predecessor-version":[{"id":46246,"href":"https:\/\/armstrongyregion.com.ar\/diario\/wp-json\/wp\/v2\/posts\/46244\/revisions\/46246"}],"wp:featuredmedia":[{"embeddable":true,"href":"https:\/\/armstrongyregion.com.ar\/diario\/wp-json\/wp\/v2\/media\/46245"}],"wp:attachment":[{"href":"https:\/\/armstrongyregion.com.ar\/diario\/wp-json\/wp\/v2\/media?parent=46244"}],"wp:term":[{"taxonomy":"category","embeddable":true,"href":"https:\/\/armstrongyregion.com.ar\/diario\/wp-json\/wp\/v2\/categories?post=46244"},{"taxonomy":"post_tag","embeddable":true,"href":"https:\/\/armstrongyregion.com.ar\/diario\/wp-json\/wp\/v2\/tags?post=46244"}],"curies":[{"name":"wp","href":"https:\/\/api.w.org\/{rel}","templated":true}]}}