{"id":46213,"date":"2025-05-12T02:37:26","date_gmt":"2025-05-12T02:37:26","guid":{"rendered":"https:\/\/armstrongyregion.com.ar\/diario\/?p=46213"},"modified":"2025-05-12T03:04:33","modified_gmt":"2025-05-12T03:04:33","slug":"armstrong-y-la-region-se-visten-de-alta-costura-y-se-preparan-para-el-milano-fashion-week-2025","status":"publish","type":"post","link":"https:\/\/armstrongyregion.com.ar\/diario\/armstrong-y-la-region-se-visten-de-alta-costura-y-se-preparan-para-el-milano-fashion-week-2025\/","title":{"rendered":"Armstrong y la regi\u00f3n se visten de alta costura y se preparan para el Milano Fashion Week 2025."},"content":{"rendered":"\n<figure class=\"wp-block-image size-large\"><img loading=\"lazy\" decoding=\"async\" width=\"640\" height=\"480\" src=\"http:\/\/armstrongyregion.com.ar\/diario\/wp-content\/uploads\/2025\/05\/tour-Milano-1-640x480.jpg\" alt=\"\" class=\"wp-image-46214\" srcset=\"https:\/\/armstrongyregion.com.ar\/diario\/wp-content\/uploads\/2025\/05\/tour-Milano-1-640x480.jpg 640w, https:\/\/armstrongyregion.com.ar\/diario\/wp-content\/uploads\/2025\/05\/tour-Milano-1-300x225.jpg 300w, https:\/\/armstrongyregion.com.ar\/diario\/wp-content\/uploads\/2025\/05\/tour-Milano-1.jpg 714w\" sizes=\"auto, (max-width: 640px) 100vw, 640px\" \/><\/figure>\n\n\n\n<h2 class=\"wp-block-heading\">\u00a0Dise\u00f1adores de renombre presentaron en Armstrong un exclusivo tour para participar del Milano Fashion Week 2025, una experiencia \u00fanica que promete sumergir a los participantes en el coraz\u00f3n de la moda italiana.<\/h2>\n\n\n\n<figure class=\"wp-block-image size-large\"><img loading=\"lazy\" decoding=\"async\" width=\"640\" height=\"480\" src=\"http:\/\/armstrongyregion.com.ar\/diario\/wp-content\/uploads\/2025\/05\/tour.milano-bbb-640x480.jpg\" alt=\"\" class=\"wp-image-46226\" srcset=\"https:\/\/armstrongyregion.com.ar\/diario\/wp-content\/uploads\/2025\/05\/tour.milano-bbb-640x480.jpg 640w, https:\/\/armstrongyregion.com.ar\/diario\/wp-content\/uploads\/2025\/05\/tour.milano-bbb-300x225.jpg 300w, https:\/\/armstrongyregion.com.ar\/diario\/wp-content\/uploads\/2025\/05\/tour.milano-bbb.jpg 756w\" sizes=\"auto, (max-width: 640px) 100vw, 640px\" \/><\/figure>\n\n\n\n<p><strong>Melisa Banchio, Jos\u00e9 Sorbellini y Miguel Escalfe,  junto a Beatriz Di Paolo de BDP, brindaron detalles del viaje que incluye workshops, charlas exclusivas, un desfile privado y la oportunidad de presenciar las nuevas colecciones en la edici\u00f3n de septiembre. El evento se llev\u00f3 a cabo en el S.U.M. de la Biblioteca Popular Sarmiento.<\/strong><\/p>\n\n\n\n<figure class=\"wp-block-image size-full\"><img loading=\"lazy\" decoding=\"async\" width=\"491\" height=\"341\" src=\"http:\/\/armstrongyregion.com.ar\/diario\/wp-content\/uploads\/2025\/05\/tour-milano-3-.jpg\" alt=\"\" class=\"wp-image-46224\" srcset=\"https:\/\/armstrongyregion.com.ar\/diario\/wp-content\/uploads\/2025\/05\/tour-milano-3-.jpg 491w, https:\/\/armstrongyregion.com.ar\/diario\/wp-content\/uploads\/2025\/05\/tour-milano-3--300x208.jpg 300w\" sizes=\"auto, (max-width: 491px) 100vw, 491px\" \/><\/figure>\n\n\n\n<p>La Milano Fashion Week es mucho m\u00e1s que un simple desfile de modelos; es un evento global que define las tendencias de la moda mundial.<strong> <\/strong>Durante esta semana intensa, Mil\u00e1n se transforma en el epicentro del dise\u00f1o, atrayendo a dise\u00f1adores, compradores, periodistas y entusiastas de la moda de todo el planeta.<strong> \u00abEn dicho evento se presentan las colecciones de las casas de moda m\u00e1s prestigiosas, tanto las establecidas como las emergentes, mostrando sus propuestas para las pr\u00f3ximas temporadas. M\u00e1s all\u00e1 de los desfiles, la semana est\u00e1 repleta de presentaciones, eventos exclusivos, workshops, y oportunidades de networking que impulsan la innovaci\u00f3n y la colaboraci\u00f3n en la industria\u00bb.<\/strong> Expres\u00f3 Melisa Banchio.<\/p>\n\n\n\n<figure class=\"wp-block-image size-large\"><img loading=\"lazy\" decoding=\"async\" width=\"640\" height=\"480\" src=\"http:\/\/armstrongyregion.com.ar\/diario\/wp-content\/uploads\/2025\/05\/tour-Milano-1-b-1-640x480.jpg\" alt=\"\" class=\"wp-image-46227\" srcset=\"https:\/\/armstrongyregion.com.ar\/diario\/wp-content\/uploads\/2025\/05\/tour-Milano-1-b-1-640x480.jpg 640w, https:\/\/armstrongyregion.com.ar\/diario\/wp-content\/uploads\/2025\/05\/tour-Milano-1-b-1-300x225.jpg 300w, https:\/\/armstrongyregion.com.ar\/diario\/wp-content\/uploads\/2025\/05\/tour-Milano-1-b-1.jpg 714w\" sizes=\"auto, (max-width: 640px) 100vw, 640px\" \/><\/figure>\n\n\n\n<p>Luego a\u00f1adi\u00f3: \u00ab<strong>Es un crisol de creatividad donde se fusionan la tradici\u00f3n italiana con las nuevas tendencias, generando un impacto significativo en el panorama global de la moda. La experiencia va m\u00e1s all\u00e1 de lo visual, sumergiendo a los participantes en un ambiente vibrante y din\u00e1mico que respira moda desde cada rinc\u00f3n de la ciudad\u00bb. <\/strong><\/p>\n\n\n\n<figure class=\"wp-block-image size-large\"><img loading=\"lazy\" decoding=\"async\" width=\"640\" height=\"455\" src=\"http:\/\/armstrongyregion.com.ar\/diario\/wp-content\/uploads\/2025\/05\/tour-milano-2--640x455.jpg\" alt=\"\" class=\"wp-image-46221\" srcset=\"https:\/\/armstrongyregion.com.ar\/diario\/wp-content\/uploads\/2025\/05\/tour-milano-2--640x455.jpg 640w, https:\/\/armstrongyregion.com.ar\/diario\/wp-content\/uploads\/2025\/05\/tour-milano-2--300x213.jpg 300w, https:\/\/armstrongyregion.com.ar\/diario\/wp-content\/uploads\/2025\/05\/tour-milano-2-.jpg 642w\" sizes=\"auto, (max-width: 640px) 100vw, 640px\" \/><\/figure>\n\n\n\n<p>Adem\u00e1s de los desfiles principales, \u00ab<strong>la Milano Fashion Week ofrece una amplia gama de actividades paralelas. Se organizan presentaciones de dise\u00f1adores independientes, exhibiciones de arte y tecnolog\u00eda aplicadas a la moda, y eventos exclusivos para invitados especiales. La ciudad se llena de vida con fiestas, cocteles y presentaciones que hemos contemplado dentro de este tour\u00bb<\/strong>. Informaba el reconocido embajador de alta costura Jos\u00e9 Sorbellini.<\/p>\n\n\n\n<figure class=\"wp-block-image size-large\"><img loading=\"lazy\" decoding=\"async\" width=\"640\" height=\"356\" src=\"http:\/\/armstrongyregion.com.ar\/diario\/wp-content\/uploads\/2025\/05\/tour-Milano-4--640x356.jpg\" alt=\"\" class=\"wp-image-46222\" srcset=\"https:\/\/armstrongyregion.com.ar\/diario\/wp-content\/uploads\/2025\/05\/tour-Milano-4--640x356.jpg 640w, https:\/\/armstrongyregion.com.ar\/diario\/wp-content\/uploads\/2025\/05\/tour-Milano-4--300x167.jpg 300w, https:\/\/armstrongyregion.com.ar\/diario\/wp-content\/uploads\/2025\/05\/tour-Milano-4-.jpg 645w\" sizes=\"auto, (max-width: 640px) 100vw, 640px\" \/><\/figure>\n\n\n\n<p> Por su parte Miguel Escalfe, prestigioso dise\u00f1ador de calzado agreg\u00f3: \u00abEsta inmersi\u00f3n total en el mundo de la moda permite a los asistentes no solo presenciar las nuevas colecciones, sino tambi\u00e9n conectar con profesionales de la industria, aprender sobre las \u00faltimas tendencias y participar en un intercambio cultural \u00fanico. <strong>La experiencia es tan enriquecedora para los profesionales como para los apasionados por la moda, creando una atm\u00f3sfera de entusiasmo y colaboraci\u00f3n que impulsa la evoluci\u00f3n constante del sector<\/strong>\u00ab.<\/p>\n\n\n\n<figure class=\"wp-block-image size-large\"><img loading=\"lazy\" decoding=\"async\" width=\"622\" height=\"480\" src=\"http:\/\/armstrongyregion.com.ar\/diario\/wp-content\/uploads\/2025\/05\/tour-milano-5-622x480.jpg\" alt=\"\" class=\"wp-image-46223\" srcset=\"https:\/\/armstrongyregion.com.ar\/diario\/wp-content\/uploads\/2025\/05\/tour-milano-5-622x480.jpg 622w, https:\/\/armstrongyregion.com.ar\/diario\/wp-content\/uploads\/2025\/05\/tour-milano-5-300x231.jpg 300w, https:\/\/armstrongyregion.com.ar\/diario\/wp-content\/uploads\/2025\/05\/tour-milano-5-768x592.jpg 768w, https:\/\/armstrongyregion.com.ar\/diario\/wp-content\/uploads\/2025\/05\/tour-milano-5.jpg 879w\" sizes=\"auto, (max-width: 622px) 100vw, 622px\" \/><\/figure>\n\n\n\n<p>Para los interesados contactarse directamente con los gestores del proyecto a trav\u00e9s de los siguientes IG. <\/p>\n\n\n\n<p>@sorbellinijose @miguelescalfe @melisabanchio<\/p>\n","protected":false},"excerpt":{"rendered":"<p>\u00a0Dise\u00f1adores de renombre presentaron en Armstrong un exclusivo tour para participar del Milano Fashion Week 2025, una experiencia \u00fanica que promete sumergir a los participantes en el coraz\u00f3n de la moda italiana. Melisa Banchio, Jos\u00e9 Sorbellini y Miguel Escalfe, junto a Beatriz Di Paolo de BDP, brindaron detalles del viaje que incluye workshops, charlas exclusivas, <a href=\"https:\/\/armstrongyregion.com.ar\/diario\/armstrong-y-la-region-se-visten-de-alta-costura-y-se-preparan-para-el-milano-fashion-week-2025\/\" title=\"Read more\" >&#8230;<\/a><\/p>\n","protected":false},"author":1,"featured_media":46214,"comment_status":"open","ping_status":"open","sticky":false,"template":"","format":"image","meta":{"_jetpack_memberships_contains_paid_content":false,"footnotes":"","jetpack_publicize_message":"","jetpack_publicize_feature_enabled":true,"jetpack_social_post_already_shared":true,"jetpack_social_options":{"image_generator_settings":{"template":"highway","default_image_id":0,"enabled":false},"version":2}},"categories":[6,8,1,2,7,3],"tags":[11724,20,11723,11726,11727,11725,11722,11721,9338,86],"class_list":["post-46213","post","type-post","status-publish","format-image","has-post-thumbnail","hentry","category-cultura-entretenimiento","category-deliberando","category-diario-armstrong","category-locales","category-politica","category-region","tag-alta-costura","tag-armstrong","tag-beatriz-di-paolo","tag-jose-sorbellini","tag-melisa-banchio","tag-miguel-escalfe","tag-milano-fashion-week","tag-preparan","tag-region","tag-se","post_format-post-format-image"],"jetpack_publicize_connections":[],"jetpack_featured_media_url":"https:\/\/armstrongyregion.com.ar\/diario\/wp-content\/uploads\/2025\/05\/tour-Milano-1.jpg","jetpack_shortlink":"https:\/\/wp.me\/p62QDO-c1n","jetpack_sharing_enabled":true,"amp_enabled":true,"_links":{"self":[{"href":"https:\/\/armstrongyregion.com.ar\/diario\/wp-json\/wp\/v2\/posts\/46213","targetHints":{"allow":["GET"]}}],"collection":[{"href":"https:\/\/armstrongyregion.com.ar\/diario\/wp-json\/wp\/v2\/posts"}],"about":[{"href":"https:\/\/armstrongyregion.com.ar\/diario\/wp-json\/wp\/v2\/types\/post"}],"author":[{"embeddable":true,"href":"https:\/\/armstrongyregion.com.ar\/diario\/wp-json\/wp\/v2\/users\/1"}],"replies":[{"embeddable":true,"href":"https:\/\/armstrongyregion.com.ar\/diario\/wp-json\/wp\/v2\/comments?post=46213"}],"version-history":[{"count":5,"href":"https:\/\/armstrongyregion.com.ar\/diario\/wp-json\/wp\/v2\/posts\/46213\/revisions"}],"predecessor-version":[{"id":46228,"href":"https:\/\/armstrongyregion.com.ar\/diario\/wp-json\/wp\/v2\/posts\/46213\/revisions\/46228"}],"wp:featuredmedia":[{"embeddable":true,"href":"https:\/\/armstrongyregion.com.ar\/diario\/wp-json\/wp\/v2\/media\/46214"}],"wp:attachment":[{"href":"https:\/\/armstrongyregion.com.ar\/diario\/wp-json\/wp\/v2\/media?parent=46213"}],"wp:term":[{"taxonomy":"category","embeddable":true,"href":"https:\/\/armstrongyregion.com.ar\/diario\/wp-json\/wp\/v2\/categories?post=46213"},{"taxonomy":"post_tag","embeddable":true,"href":"https:\/\/armstrongyregion.com.ar\/diario\/wp-json\/wp\/v2\/tags?post=46213"}],"curies":[{"name":"wp","href":"https:\/\/api.w.org\/{rel}","templated":true}]}}