{"id":46160,"date":"2025-05-06T15:44:39","date_gmt":"2025-05-06T15:44:39","guid":{"rendered":"https:\/\/armstrongyregion.com.ar\/diario\/?p=46160"},"modified":"2025-05-06T15:44:42","modified_gmt":"2025-05-06T15:44:42","slug":"deliberando-te-invita-a-un-programa-imperdible-con-dos-invitados-que-marcan-el-pulso-de-nuestra-ciudad","status":"publish","type":"post","link":"https:\/\/armstrongyregion.com.ar\/diario\/deliberando-te-invita-a-un-programa-imperdible-con-dos-invitados-que-marcan-el-pulso-de-nuestra-ciudad\/","title":{"rendered":"\u00abDeliberando\u00bb te invita a un programa imperdible con dos invitados que marcan el pulso de nuestra ciudad."},"content":{"rendered":"\n<figure class=\"wp-block-image size-large\"><img loading=\"lazy\" decoding=\"async\" width=\"640\" height=\"480\" src=\"http:\/\/armstrongyregion.com.ar\/diario\/wp-content\/uploads\/2025\/05\/GRAMIGNA-REINALDI--640x480.jpg\" alt=\"&quot;Deliberando&quot; te invita a un programa imperdible con dos invitados que marcan el pulso de nuestra ciudad.\" class=\"wp-image-46161\" srcset=\"https:\/\/armstrongyregion.com.ar\/diario\/wp-content\/uploads\/2025\/05\/GRAMIGNA-REINALDI--640x480.jpg 640w, https:\/\/armstrongyregion.com.ar\/diario\/wp-content\/uploads\/2025\/05\/GRAMIGNA-REINALDI--300x225.jpg 300w, https:\/\/armstrongyregion.com.ar\/diario\/wp-content\/uploads\/2025\/05\/GRAMIGNA-REINALDI--768x577.jpg 768w, https:\/\/armstrongyregion.com.ar\/diario\/wp-content\/uploads\/2025\/05\/GRAMIGNA-REINALDI-.jpg 799w\" sizes=\"auto, (max-width: 640px) 100vw, 640px\" \/><\/figure>\n\n\n\n<p>En la primera parte de la noche, recibiremos al concejal de Renovaci\u00f3n por Armstrong, <strong>Emiliano Gramigna<\/strong>. Nos brindar\u00e1 su visi\u00f3n sobre el presente y futuro de Armstrong, compartiendo detalles sobre su participaci\u00f3n en el programa <strong>Potencia Argentina<\/strong>. Adem\u00e1s, conoceremos de primera mano su reciente selecci\u00f3n para el prestigioso <strong>Programa Latinoamericano de Liderazgos P\u00fablicos<\/strong>, impulsado por la Red Latinoamericana Democracia+ y patrocinado por la OEA. Gramigna nos explicar\u00e1 la trascendencia de esta oportunidad para su crecimiento y su rol como l\u00edder en la regi\u00f3n.<\/p>\n\n\n\n<p>En el segundo bloque, nos adentraremos en el compromiso ambiental de Armstrong junto a <strong>Nelson Rinaldi<\/strong>, el encargado de la Planta de Reciclaje de nuestra ciudad. Nos informar\u00e1 sobre los proyectos en curso, la importancia de la <strong>separaci\u00f3n de residuos<\/strong> para construir una Armstrong m\u00e1s sostenible, y los alcances del programa <strong>\u00abYo Me Comprometo\u00bb<\/strong>, invit\u00e1ndonos a ser protagonistas del cambio.<\/p>\n\n\n\n<p><strong>Sintoniz\u00e1 \u00abDeliberando\u00bb hoy martes a las 21hs.<\/strong> Un espacio para conocer las voces que construyen nuestra ciudad y debatir sobre los temas que nos importan. \u00a1Te esperamos!<\/p>\n","protected":false},"excerpt":{"rendered":"<p>\u00abDeliberando\u00bb te invita a un programa imperdible con dos invitados que marcan el pulso de nuestra ciudad.<\/p>\n","protected":false},"author":1,"featured_media":46161,"comment_status":"open","ping_status":"open","sticky":false,"template":"","format":"image","meta":{"_jetpack_memberships_contains_paid_content":false,"footnotes":"","jetpack_publicize_message":"","jetpack_publicize_feature_enabled":true,"jetpack_social_post_already_shared":true,"jetpack_social_options":{"image_generator_settings":{"template":"highway","default_image_id":0,"enabled":false},"version":2}},"categories":[8,1,2,7,3],"tags":[33,44,5030,11671,1920,8777,582],"class_list":["post-46160","post","type-post","status-publish","format-image","has-post-thumbnail","hentry","category-deliberando","category-diario-armstrong","category-locales","category-politica","category-region","tag-a","tag-deliberando-2","tag-diario-armstrong","tag-imperdible","tag-invita","tag-lic-graciela-de-la-casa","tag-programa","post_format-post-format-image"],"jetpack_publicize_connections":[],"jetpack_featured_media_url":"https:\/\/armstrongyregion.com.ar\/diario\/wp-content\/uploads\/2025\/05\/GRAMIGNA-REINALDI-.jpg","jetpack_shortlink":"https:\/\/wp.me\/p62QDO-c0w","jetpack_sharing_enabled":true,"amp_enabled":true,"_links":{"self":[{"href":"https:\/\/armstrongyregion.com.ar\/diario\/wp-json\/wp\/v2\/posts\/46160","targetHints":{"allow":["GET"]}}],"collection":[{"href":"https:\/\/armstrongyregion.com.ar\/diario\/wp-json\/wp\/v2\/posts"}],"about":[{"href":"https:\/\/armstrongyregion.com.ar\/diario\/wp-json\/wp\/v2\/types\/post"}],"author":[{"embeddable":true,"href":"https:\/\/armstrongyregion.com.ar\/diario\/wp-json\/wp\/v2\/users\/1"}],"replies":[{"embeddable":true,"href":"https:\/\/armstrongyregion.com.ar\/diario\/wp-json\/wp\/v2\/comments?post=46160"}],"version-history":[{"count":1,"href":"https:\/\/armstrongyregion.com.ar\/diario\/wp-json\/wp\/v2\/posts\/46160\/revisions"}],"predecessor-version":[{"id":46162,"href":"https:\/\/armstrongyregion.com.ar\/diario\/wp-json\/wp\/v2\/posts\/46160\/revisions\/46162"}],"wp:featuredmedia":[{"embeddable":true,"href":"https:\/\/armstrongyregion.com.ar\/diario\/wp-json\/wp\/v2\/media\/46161"}],"wp:attachment":[{"href":"https:\/\/armstrongyregion.com.ar\/diario\/wp-json\/wp\/v2\/media?parent=46160"}],"wp:term":[{"taxonomy":"category","embeddable":true,"href":"https:\/\/armstrongyregion.com.ar\/diario\/wp-json\/wp\/v2\/categories?post=46160"},{"taxonomy":"post_tag","embeddable":true,"href":"https:\/\/armstrongyregion.com.ar\/diario\/wp-json\/wp\/v2\/tags?post=46160"}],"curies":[{"name":"wp","href":"https:\/\/api.w.org\/{rel}","templated":true}]}}