{"id":46138,"date":"2025-05-05T00:11:16","date_gmt":"2025-05-05T00:11:16","guid":{"rendered":"https:\/\/armstrongyregion.com.ar\/diario\/?p=46138"},"modified":"2025-05-05T00:24:54","modified_gmt":"2025-05-05T00:24:54","slug":"la-semana-comienza-con-un-alerta-por-tormentas-en-la-region","status":"publish","type":"post","link":"https:\/\/armstrongyregion.com.ar\/diario\/la-semana-comienza-con-un-alerta-por-tormentas-en-la-region\/","title":{"rendered":"La semana comienza con un alerta por tormentas en la regi\u00f3n."},"content":{"rendered":"\n<figure class=\"wp-block-image size-large\"><img loading=\"lazy\" decoding=\"async\" width=\"640\" height=\"415\" src=\"http:\/\/armstrongyregion.com.ar\/diario\/wp-content\/uploads\/2025\/05\/tormentas-4-5-25-640x415.jpg\" alt=\"\" class=\"wp-image-46139\" srcset=\"https:\/\/armstrongyregion.com.ar\/diario\/wp-content\/uploads\/2025\/05\/tormentas-4-5-25-640x415.jpg 640w, https:\/\/armstrongyregion.com.ar\/diario\/wp-content\/uploads\/2025\/05\/tormentas-4-5-25-300x194.jpg 300w, https:\/\/armstrongyregion.com.ar\/diario\/wp-content\/uploads\/2025\/05\/tormentas-4-5-25.jpg 645w\" sizes=\"auto, (max-width: 640px) 100vw, 640px\" \/><\/figure>\n\n\n\n<h2 class=\"wp-block-heading\">El\u00a0Servicio Meteorol\u00f3gico emiti\u00f3 una advertencia para la noche del domingo y ma\u00f1ana del lunes. Luego seguir\u00e1 inestable.<\/h2>\n\n\n\n<p><strong>Tormentas llegaban a la regi\u00f3n<\/strong>&nbsp;este domingo al anochecer, en el marco de un&nbsp;<strong>alerta amarilla<\/strong>&nbsp;emitida para el sur de Santa Fe con vigencia hasta la ma\u00f1ana del lunes inclusive. Los&nbsp;<strong>d\u00edas inestables se quedar\u00e1n&nbsp;<\/strong>en la semana.<\/p>\n\n\n\n<p>Seg\u00fan el\u00a0Servicio Meteorol\u00f3gico Nacional\u00a0(SMN), los departamentos\u00a0<strong>Rosario, Constituci\u00f3n, Iriondo, Belgrano y San Lorenzo<\/strong>\u00a0estaban afectados por la advertencia sobre lluvia, viento, actividad el\u00e9ctrica y eventual granizo.<\/p>\n\n\n\n<p>\u00abEl \u00e1rea ser\u00e1 afectada por\u00a0<strong>tormentas.<\/strong>\u00a0Se espera que las mismas est\u00e9n acompa\u00f1adas por\u00a0<strong>fuerte actividad el\u00e9ctrica, ocasional ca\u00edda de granizo, intensas r\u00e1fagas<\/strong>, y principalmente<strong>\u00a0abundante ca\u00edda de agua\u00a0<\/strong>en cortos periodos\u00bb, detalla el SMN.<\/p>\n\n\n\n<p>Agrega que \u00abse prev\u00e9n valores de precipitaci\u00f3n acumulada\u00a0<strong>entre 30 y 50 mil\u00edmetros,<\/strong>\u00a0pudiendo ser superados en forma puntual\u00bb.<\/p>\n\n\n\n<p>En ese marco, el&nbsp;<strong>lunes<\/strong>&nbsp;se anuncia lluvioso y con poca amplitud t\u00e9rmica: 16 grados de m\u00ednima y 21 de m\u00e1xima, mejorando hacia la noche.<\/p>\n\n\n\n<p>El&nbsp;<strong>martes&nbsp;<\/strong>continuar\u00eda nublado e inestable, un poco m\u00e1s c\u00e1lido hacia la tarde, mientras que para el&nbsp;<strong>mi\u00e9rcoles&nbsp;<\/strong>se prev\u00e9n otra vez probables tormentas aisladas, sin demasiada variaci\u00f3n en el term\u00f3metro a nivel local.<\/p>\n\n\n\n<p>Reci\u00e9n el\u00a0<strong>jueves\u00a0<\/strong>por la tarde volver\u00eda a brillar el sol por la zona, preparando un pr\u00f3ximo\u00a0<strong>fin de semana<\/strong>\u00a0que asoma agradable.<\/p>\n\n\n\n<p>Servicio Meteorol\u00f3gico Nacional\u00a0(SMN)<\/p>\n","protected":false},"excerpt":{"rendered":"<p>La semana comienza con un alerta por tormentas en la regi\u00f3n.<\/p>\n","protected":false},"author":1,"featured_media":46141,"comment_status":"open","ping_status":"open","sticky":false,"template":"","format":"image","meta":{"_jetpack_memberships_contains_paid_content":false,"footnotes":"","jetpack_publicize_message":"","jetpack_publicize_feature_enabled":true,"jetpack_social_post_already_shared":true,"jetpack_social_options":{"image_generator_settings":{"template":"highway","default_image_id":0,"enabled":false},"version":2}},"categories":[8,1,2,7,3],"tags":[20,2728,19,5030,8777,9338,919,417],"class_list":["post-46138","post","type-post","status-publish","format-image","has-post-thumbnail","hentry","category-deliberando","category-diario-armstrong","category-locales","category-politica","category-region","tag-armstrong","tag-comienzo","tag-de","tag-diario-armstrong","tag-lic-graciela-de-la-casa","tag-region","tag-semana","tag-tormentas","post_format-post-format-image"],"jetpack_publicize_connections":[],"jetpack_featured_media_url":"https:\/\/armstrongyregion.com.ar\/diario\/wp-content\/uploads\/2025\/05\/tormentas-4-5-25-2.jpg","jetpack_shortlink":"https:\/\/wp.me\/p62QDO-c0a","jetpack_sharing_enabled":true,"amp_enabled":true,"_links":{"self":[{"href":"https:\/\/armstrongyregion.com.ar\/diario\/wp-json\/wp\/v2\/posts\/46138","targetHints":{"allow":["GET"]}}],"collection":[{"href":"https:\/\/armstrongyregion.com.ar\/diario\/wp-json\/wp\/v2\/posts"}],"about":[{"href":"https:\/\/armstrongyregion.com.ar\/diario\/wp-json\/wp\/v2\/types\/post"}],"author":[{"embeddable":true,"href":"https:\/\/armstrongyregion.com.ar\/diario\/wp-json\/wp\/v2\/users\/1"}],"replies":[{"embeddable":true,"href":"https:\/\/armstrongyregion.com.ar\/diario\/wp-json\/wp\/v2\/comments?post=46138"}],"version-history":[{"count":4,"href":"https:\/\/armstrongyregion.com.ar\/diario\/wp-json\/wp\/v2\/posts\/46138\/revisions"}],"predecessor-version":[{"id":46145,"href":"https:\/\/armstrongyregion.com.ar\/diario\/wp-json\/wp\/v2\/posts\/46138\/revisions\/46145"}],"wp:featuredmedia":[{"embeddable":true,"href":"https:\/\/armstrongyregion.com.ar\/diario\/wp-json\/wp\/v2\/media\/46141"}],"wp:attachment":[{"href":"https:\/\/armstrongyregion.com.ar\/diario\/wp-json\/wp\/v2\/media?parent=46138"}],"wp:term":[{"taxonomy":"category","embeddable":true,"href":"https:\/\/armstrongyregion.com.ar\/diario\/wp-json\/wp\/v2\/categories?post=46138"},{"taxonomy":"post_tag","embeddable":true,"href":"https:\/\/armstrongyregion.com.ar\/diario\/wp-json\/wp\/v2\/tags?post=46138"}],"curies":[{"name":"wp","href":"https:\/\/api.w.org\/{rel}","templated":true}]}}