{"id":46135,"date":"2025-05-04T23:37:07","date_gmt":"2025-05-04T23:37:07","guid":{"rendered":"https:\/\/armstrongyregion.com.ar\/diario\/?p=46135"},"modified":"2025-05-04T23:37:09","modified_gmt":"2025-05-04T23:37:09","slug":"salvador-di-stefano-el-dolar-va-a-estar-a-1000-o-menos","status":"publish","type":"post","link":"https:\/\/armstrongyregion.com.ar\/diario\/salvador-di-stefano-el-dolar-va-a-estar-a-1000-o-menos\/","title":{"rendered":"Salvador di Stefano: \u00abEl d\u00f3lar va a estar a $1000 o menos\u00bb."},"content":{"rendered":"\n<figure class=\"wp-block-image size-large\"><img loading=\"lazy\" decoding=\"async\" width=\"640\" height=\"360\" src=\"http:\/\/armstrongyregion.com.ar\/diario\/wp-content\/uploads\/2025\/05\/salvador-distefano--640x360.jpg\" alt=\"\" class=\"wp-image-46136\" srcset=\"https:\/\/armstrongyregion.com.ar\/diario\/wp-content\/uploads\/2025\/05\/salvador-distefano--640x360.jpg 640w, https:\/\/armstrongyregion.com.ar\/diario\/wp-content\/uploads\/2025\/05\/salvador-distefano--300x169.jpg 300w, https:\/\/armstrongyregion.com.ar\/diario\/wp-content\/uploads\/2025\/05\/salvador-distefano-.jpg 645w\" sizes=\"auto, (max-width: 640px) 100vw, 640px\" \/><\/figure>\n\n\n\n<h2 class=\"wp-block-heading\">Desde la Redacci\u00f3n, el podcast de Rosario3, convers\u00f3 con el analista financiero Salvador di Stefano sobre el nuevo ciclo econ\u00f3mico que inaugur\u00f3 Javier Milei. Salvador afirma que Argentina pas\u00f3 de una\u00a0econom\u00eda socialista a una capitalista y lo que vemos con la sociedad, y sectores del mercado que se muestran cautos,\u00a0es desconcierto frente a la nueva realidad<\/h2>\n\n\n\n<p>Salvador di Stefano es uno de los analistas de mercado que escapa a la calificaci\u00f3n de \u00abmandril\u00bb con la que el presidente Javier Milei suele referirse a los economistas profesionales que lo critican p\u00fablicamente. De hecho su palabra, con predicamento&nbsp;en todos los sectores del mercado argentino, es valorada por el propio presidente, con quien se reuni\u00f3 en varias ocasiones&nbsp;para intercambiar ideas y pareceres desde que asumi\u00f3 la primera magistratura.<\/p>\n\n\n\n<p>Di Stefano consider\u00f3&nbsp;que la moneda estadounidense \u2013una verdadera obsesi\u00f3n argentina\u2013 se mantendr\u00e1 a la baja. La raz\u00f3n que esgrime el gur\u00fa econ\u00f3mico&nbsp;es simple: no hay pesos suficientes en la econom\u00eda argentina para elevar el precio de la divisa extranjera y en parte eso se debe al pr\u00e9stamo de 20 mil millones de d\u00f3lares que tom\u00f3 el gobierno con el Fondo Monetario Internacional para recomponer el balance&nbsp;del Banco Central de la Rep\u00fablica Argentina.<\/p>\n\n\n\n<p>A lo largo de la charla con DLR, Salvador repas\u00f3 los principales drivers del nuevo ciclo econ\u00f3mico que inaugur\u00f3 Milei e identific\u00f3 los sectores que est\u00e1n en mejores condiciones para aprovecharlo. Y fue contundente con aquellos que a\u00fan dudan sobre el despegue de Argentina y se mantienen en posiciones conservadoras: \u00abSi las empresas no se adaptan a la gente, van a perder plata\u00bb.<\/p>\n\n\n\n<p>Fuente: Rosario3.com<\/p>\n","protected":false},"excerpt":{"rendered":"<p>Salvador di Stefano: \u00abEl d\u00f3lar va a estar a $1000 o menos\u00bb<\/p>\n","protected":false},"author":1,"featured_media":46136,"comment_status":"open","ping_status":"open","sticky":false,"template":"","format":"image","meta":{"_jetpack_memberships_contains_paid_content":false,"footnotes":"","jetpack_publicize_message":"","jetpack_publicize_feature_enabled":true,"jetpack_social_post_already_shared":true,"jetpack_social_options":{"image_generator_settings":{"template":"highway","default_image_id":0,"enabled":false},"version":2}},"categories":[8,1,2,7,3],"tags":[11692,251,5030,30,8924,11691],"class_list":["post-46135","post","type-post","status-publish","format-image","has-post-thumbnail","hentry","category-deliberando","category-diario-armstrong","category-locales","category-politica","category-region","tag-11692","tag-argentina","tag-diario-armstrong","tag-economia","tag-salvador-di-stefano","tag-solar","post_format-post-format-image"],"jetpack_publicize_connections":[],"jetpack_featured_media_url":"https:\/\/armstrongyregion.com.ar\/diario\/wp-content\/uploads\/2025\/05\/salvador-distefano-.jpg","jetpack_shortlink":"https:\/\/wp.me\/p62QDO-c07","jetpack_sharing_enabled":true,"amp_enabled":true,"_links":{"self":[{"href":"https:\/\/armstrongyregion.com.ar\/diario\/wp-json\/wp\/v2\/posts\/46135","targetHints":{"allow":["GET"]}}],"collection":[{"href":"https:\/\/armstrongyregion.com.ar\/diario\/wp-json\/wp\/v2\/posts"}],"about":[{"href":"https:\/\/armstrongyregion.com.ar\/diario\/wp-json\/wp\/v2\/types\/post"}],"author":[{"embeddable":true,"href":"https:\/\/armstrongyregion.com.ar\/diario\/wp-json\/wp\/v2\/users\/1"}],"replies":[{"embeddable":true,"href":"https:\/\/armstrongyregion.com.ar\/diario\/wp-json\/wp\/v2\/comments?post=46135"}],"version-history":[{"count":1,"href":"https:\/\/armstrongyregion.com.ar\/diario\/wp-json\/wp\/v2\/posts\/46135\/revisions"}],"predecessor-version":[{"id":46137,"href":"https:\/\/armstrongyregion.com.ar\/diario\/wp-json\/wp\/v2\/posts\/46135\/revisions\/46137"}],"wp:featuredmedia":[{"embeddable":true,"href":"https:\/\/armstrongyregion.com.ar\/diario\/wp-json\/wp\/v2\/media\/46136"}],"wp:attachment":[{"href":"https:\/\/armstrongyregion.com.ar\/diario\/wp-json\/wp\/v2\/media?parent=46135"}],"wp:term":[{"taxonomy":"category","embeddable":true,"href":"https:\/\/armstrongyregion.com.ar\/diario\/wp-json\/wp\/v2\/categories?post=46135"},{"taxonomy":"post_tag","embeddable":true,"href":"https:\/\/armstrongyregion.com.ar\/diario\/wp-json\/wp\/v2\/tags?post=46135"}],"curies":[{"name":"wp","href":"https:\/\/api.w.org\/{rel}","templated":true}]}}