{"id":46133,"date":"2025-05-04T00:58:41","date_gmt":"2025-05-04T00:58:41","guid":{"rendered":"https:\/\/armstrongyregion.com.ar\/diario\/?p=46133"},"modified":"2025-05-04T00:58:43","modified_gmt":"2025-05-04T00:58:43","slug":"importante-avance-para-el-barrio-sur-aprueban-la-pavimentacion-de-10-cuadras-con-financiamiento-provincial-concejal-fischer-solicita-mantenimiento-urgente-para-calle-ecuador","status":"publish","type":"post","link":"https:\/\/armstrongyregion.com.ar\/diario\/importante-avance-para-el-barrio-sur-aprueban-la-pavimentacion-de-10-cuadras-con-financiamiento-provincial-concejal-fischer-solicita-mantenimiento-urgente-para-calle-ecuador\/","title":{"rendered":"Importante avance para el Barrio Sur: Aprueban la pavimentaci\u00f3n de 10 cuadras con financiamiento provincial. Concejal Fischer solicita mantenimiento urgente para calle Ecuador."},"content":{"rendered":"\n<figure class=\"wp-block-image size-full\"><img loading=\"lazy\" decoding=\"async\" width=\"786\" height=\"827\" src=\"http:\/\/armstrongyregion.com.ar\/diario\/wp-content\/uploads\/2024\/05\/LUZ-FISCHER-15-5-24-.jpg\" alt=\"\" class=\"wp-image-42874\" srcset=\"https:\/\/armstrongyregion.com.ar\/diario\/wp-content\/uploads\/2024\/05\/LUZ-FISCHER-15-5-24-.jpg 786w, https:\/\/armstrongyregion.com.ar\/diario\/wp-content\/uploads\/2024\/05\/LUZ-FISCHER-15-5-24--285x300.jpg 285w, https:\/\/armstrongyregion.com.ar\/diario\/wp-content\/uploads\/2024\/05\/LUZ-FISCHER-15-5-24--768x808.jpg 768w\" sizes=\"auto, (max-width: 786px) 100vw, 786px\" \/><\/figure>\n\n\n\n<p><strong>En una sesi\u00f3n que la concejal Luz Fischer, del bloque Avancemos, calific\u00f3 como \u00abmuy importante\u00bb, el Concejo Deliberante aprob\u00f3 la ejecuci\u00f3n de diez cuadras de pavimento para el Barrio Sur de nuestra ciudad. Esta obra, largamente esperada por los vecinos, ser\u00e1 financiada con fondos provinciales no reintegrables, lo que representa un alivio significativo para las arcas municipales.<\/strong><\/p>\n\n\n\n<p>La concejal Fischer destac\u00f3 que, si bien la decisi\u00f3n sobre las calles espec\u00edficas y el cronograma de obras corresponde al Departamento Ejecutivo, la aprobaci\u00f3n de los fondos es un paso crucial.<strong> \u00abHemos aprobado la afectaci\u00f3n de 490 millones de pesos enviados por la provincia, que no tendremos que devolver. Este dinero permitir\u00e1 dar el anticipo necesario a las empresas para iniciar la obra\u00bb, <\/strong>explic\u00f3 la edil.<\/p>\n\n\n\n<p>Un aspecto importante resaltado por la concejal es la modalidad de pago para los vecinos beneficiados. Gracias al financiamiento provincial, los frentistas no deber\u00e1n afrontar el costo total de la obra. \u00abHemos aprobado la obligatoriedad del pago, pero con un beneficio muy grande para los ciudadanos. Podr\u00e1n optar por abonar en una sola cuota sin inter\u00e9s o acceder a facilidades de pago con un inter\u00e9s de lo que fija el Banco Naci\u00f3n para sus tasas, lo que resultar\u00e1 un monto muy accesible\u00bb, detall\u00f3 Fischer, comprendiendo la situaci\u00f3n econ\u00f3mica actual.<strong> \u00abDesde el Ejecutivo nos han asegurado que la cuota ser\u00e1 flexible y estar\u00e1 al alcance de los vecinos, quienes seguramente con un peque\u00f1o esfuerzo podr\u00e1n acceder a este enorme beneficio\u00bb.<\/strong><\/p>\n\n\n\n<p><strong>Pedido de mantenimiento urgente para calle Ecuador<\/strong><\/p>\n\n\n\n<p>En otro orden de cosas, la concejal Luz Fischer present\u00f3 durante la sesi\u00f3n una <strong>minuta de comunicaci\u00f3n solicitando al Departamento Ejecutivo la realizaci\u00f3n urgente de tareas de mantenimiento en la calle Ecuador, espec\u00edficamente en el tramo comprendido entre las calles Dr. Fischer y Paran\u00e1<\/strong>.<\/p>\n\n\n\n<p>La concejal explic\u00f3 que los vecinos de la calle Ecuador han estado reclamando el pavimento desde hace aproximadamente diez a\u00f1os, presentando incluso solicitudes formales en el municipio. Ante la reciente planificaci\u00f3n de nuevas obras de pavimentaci\u00f3n que no los incluye, los vecinos han reiterado su pedido. Fischer destac\u00f3 que la solicitud presentada en el municipio cuenta con la firma de 16 vecinos, lo que demuestra un consenso en la necesidad de esta mejora.<\/p>\n\n\n\n<p><strong>\u00abAcompa\u00f1amos este reclamo de pavimentaci\u00f3n porque la situaci\u00f3n de la calle Ecuador entre Dr. Fischer y Paran\u00e1 es realmente desastrosa. Es intransitable, no hay un solo tramo sin pozos\u00bb, enfatiz\u00f3 la concejal. \u00abEsperamos que el intendente priorice este servicio b\u00e1sico que debe brindar el municipio, que es el mantenimiento de las calles, al menos con un buen mejorado. Es una necesidad no solo para los frentistas, que son los primeros beneficiados, sino para todos los que transitamos por all\u00ed\u00bb.<\/strong><\/p>\n\n\n\n<p><strong>Este pedido de la concejal Fischer fue acompa\u00f1ado por los dem\u00e1s concejales, lo que refleja una preocupaci\u00f3n compartida por el estado de esta importante arteria vial de la ciudad. Se espera una pronta respuesta por parte del Departamento Ejecutivo para brindar una soluci\u00f3n a los vecinos de calle Ecuador.<\/strong><\/p>\n","protected":false},"excerpt":{"rendered":"<p>Importante avance para el Barrio Sur: Aprueban la pavimentaci\u00f3n de 10 cuadras con financiamiento provincial. Concejal Fischer solicita mantenimiento urgente para calle Ecuador.<\/p>\n","protected":false},"author":1,"featured_media":42874,"comment_status":"open","ping_status":"open","sticky":false,"template":"","format":"image","meta":{"_jetpack_memberships_contains_paid_content":false,"footnotes":"","jetpack_publicize_message":"","jetpack_publicize_feature_enabled":true,"jetpack_social_post_already_shared":true,"jetpack_social_options":{"image_generator_settings":{"template":"highway","default_image_id":0,"enabled":false},"version":2}},"categories":[8,1,2,7,3],"tags":[11685,20,11340,11689,11690,5030,8777,626,709,3030],"class_list":["post-46133","post","type-post","status-publish","format-image","has-post-thumbnail","hentry","category-deliberando","category-diario-armstrong","category-locales","category-politica","category-region","tag-10-cuadra","tag-armstrong","tag-barrio-sur","tag-calle-ecuador","tag-concejal-fischer","tag-diario-armstrong","tag-lic-graciela-de-la-casa","tag-mantenimiento","tag-pavimento","tag-solicita","post_format-post-format-image"],"jetpack_publicize_connections":[],"jetpack_featured_media_url":"https:\/\/armstrongyregion.com.ar\/diario\/wp-content\/uploads\/2024\/05\/LUZ-FISCHER-15-5-24-.jpg","jetpack_shortlink":"https:\/\/wp.me\/p62QDO-c05","jetpack_sharing_enabled":true,"amp_enabled":true,"_links":{"self":[{"href":"https:\/\/armstrongyregion.com.ar\/diario\/wp-json\/wp\/v2\/posts\/46133","targetHints":{"allow":["GET"]}}],"collection":[{"href":"https:\/\/armstrongyregion.com.ar\/diario\/wp-json\/wp\/v2\/posts"}],"about":[{"href":"https:\/\/armstrongyregion.com.ar\/diario\/wp-json\/wp\/v2\/types\/post"}],"author":[{"embeddable":true,"href":"https:\/\/armstrongyregion.com.ar\/diario\/wp-json\/wp\/v2\/users\/1"}],"replies":[{"embeddable":true,"href":"https:\/\/armstrongyregion.com.ar\/diario\/wp-json\/wp\/v2\/comments?post=46133"}],"version-history":[{"count":1,"href":"https:\/\/armstrongyregion.com.ar\/diario\/wp-json\/wp\/v2\/posts\/46133\/revisions"}],"predecessor-version":[{"id":46134,"href":"https:\/\/armstrongyregion.com.ar\/diario\/wp-json\/wp\/v2\/posts\/46133\/revisions\/46134"}],"wp:featuredmedia":[{"embeddable":true,"href":"https:\/\/armstrongyregion.com.ar\/diario\/wp-json\/wp\/v2\/media\/42874"}],"wp:attachment":[{"href":"https:\/\/armstrongyregion.com.ar\/diario\/wp-json\/wp\/v2\/media?parent=46133"}],"wp:term":[{"taxonomy":"category","embeddable":true,"href":"https:\/\/armstrongyregion.com.ar\/diario\/wp-json\/wp\/v2\/categories?post=46133"},{"taxonomy":"post_tag","embeddable":true,"href":"https:\/\/armstrongyregion.com.ar\/diario\/wp-json\/wp\/v2\/tags?post=46133"}],"curies":[{"name":"wp","href":"https:\/\/api.w.org\/{rel}","templated":true}]}}