{"id":46126,"date":"2025-05-02T23:01:43","date_gmt":"2025-05-02T23:01:43","guid":{"rendered":"https:\/\/armstrongyregion.com.ar\/diario\/?p=46126"},"modified":"2025-05-02T23:01:45","modified_gmt":"2025-05-02T23:01:45","slug":"de-santa-fe-al-mundo-74-pymes-conquistan-mercados-internacionales-en-cinco-ferias-estrategicas","status":"publish","type":"post","link":"https:\/\/armstrongyregion.com.ar\/diario\/de-santa-fe-al-mundo-74-pymes-conquistan-mercados-internacionales-en-cinco-ferias-estrategicas\/","title":{"rendered":"De Santa Fe al mundo: 74 pymes conquistan mercados internacionales en cinco ferias estrat\u00e9gicas."},"content":{"rendered":"\n<figure class=\"wp-block-image size-large\"><img loading=\"lazy\" decoding=\"async\" width=\"636\" height=\"480\" src=\"http:\/\/armstrongyregion.com.ar\/diario\/wp-content\/uploads\/2025\/05\/74-pymes--636x480.jpg\" alt=\"\" class=\"wp-image-46127\" srcset=\"https:\/\/armstrongyregion.com.ar\/diario\/wp-content\/uploads\/2025\/05\/74-pymes--636x480.jpg 636w, https:\/\/armstrongyregion.com.ar\/diario\/wp-content\/uploads\/2025\/05\/74-pymes--300x227.jpg 300w, https:\/\/armstrongyregion.com.ar\/diario\/wp-content\/uploads\/2025\/05\/74-pymes--768x580.jpg 768w, https:\/\/armstrongyregion.com.ar\/diario\/wp-content\/uploads\/2025\/05\/74-pymes-.jpg 800w\" sizes=\"auto, (max-width: 636px) 100vw, 636px\" \/><\/figure>\n\n\n\n<h2 class=\"wp-block-heading\">Con el apoyo del Gobierno Provincial, pymes santafesinas participaron en eventos en Brasil, Chile y China. Estas misiones refuerzan la internacionalizaci\u00f3n del sector productivo, ampliando mercados y promoviendo su competitividad en el escenario global. Pr\u00f3ximamente, 15 firmas tambi\u00e9n estar\u00e1n presentes en la reconocida feria alimentaria SIAL China.<\/h2>\n\n\n\n\n\n<figure class=\"wp-block-table\"><table><tbody><tr><td>La Provincia de Santa Fe sigue consolidando su presencia en el escenario internacional con la participaci\u00f3n de 74 pymes santafesinas en importantes ferias de Am\u00e9rica Latina y Asia. Estas misiones comerciales demuestran el compromiso del gobernador Maximiliano Pullaro y el ministro de Desarrollo Productivo, Gustavo Puccini, con la apertura de nuevos mercados. La cartera productiva acompa\u00f1a a las empresas locales en su camino hacia los mercados mundiales, proporcionando herramientas clave para fortalecer su competitividad.<strong>Curitiba: impulsando el sector supermercadista<\/strong>Del 22 al 25 de abril, 16 pymes santafesinas participaron en ExpoApras 2025 (Curitiba, Brasil), la feria l\u00edder del sector supermercadista en Am\u00e9rica Latina. En esta edici\u00f3n, un stand conjunto represent\u00f3 a firmas de 13 provincias argentinas, destacando la identidad y valor agregado de los productos santafesinos. El ministro Gustavo Puccini enfatiz\u00f3:\u201cEstamos aqu\u00ed para apoyar a nuestras pymes, abrir mercados y generar posibilidades para productos que representan nuestra identidad\u201d. Durante la misi\u00f3n, se llevaron a cabo reuniones con autoridades relevantes, como el gobernador en funciones del Estado de Paran\u00e1, Darci Piana y representantes de Sebrae.\u201cSomos una pyme chica, por lo que para nosotros es fundamental poder acceder a una feria tan importante. Nos llevamos mucho aprendizaje, cosas para modificar y para crecer\u201d, consider\u00f3 Lorena Rol\u00f3n de Buen Sol S.R.L. Asimismo, Rub\u00e9n Palazzolo de Tanoni, afirm\u00f3: \u201cSiempre nos vamos con buenos resultados, buenas conexiones y oportunidades. En esta oportunidad notamos m\u00e1s concurrencia\u201d.<img decoding=\"async\" alt=\"\" src=\"https:\/\/ci3.googleusercontent.com\/meips\/ADKq_NYpFePe_RxKtt4JiGf1cptyW-__7z8pOsh53SSdIyyF3tx0dArQZ9RkIe3lZJoC24Fe2cV416P2pKo9_f6JRqfeSWb9Kq3P-GURyeRuNKbLSeEUl67S0knCKxRqKNhaEVqrKdlLDW2l07Pu3vs=s0-d-e1-ft#https:\/\/www.santafe.gob.ar\/noticias\/recursos\/fotos\/2025\/05\/2025-05-02NID_282922O_4.jpeg\"><strong>San Pablo: innovaci\u00f3n automotriz en Automec<\/strong>En la feria Automec 2025, 13 compa\u00f1\u00edas del sector autopartista accedieron a un encuentro que demuestra innovaci\u00f3n tecnol\u00f3gica y liderazgo en la regi\u00f3n. Talleres y conferencias especializadas reforzaron su enfoque hacia la competitividad global. \u201cParticipar en Automec fue una oportunidad \u00fanica para nuestras empresas. Nos permiti\u00f3 mostrar nuestro potencial y conectar con actores centrales\u201d, consideraron los representantes de las firmas que integraron la comitiva.<strong>China: puerta al mercado mundial<\/strong>La Feria de Cant\u00f3n -el evento de importaci\u00f3n y exportaci\u00f3n m\u00e1s grande del mundo &#8211; reuni\u00f3 a 15 firmas santafesinas en busca de nuevas tecnolog\u00edas y v\u00ednculos comerciales. Esta plataforma permiti\u00f3 fortalecer las capacidades productivas y abrir conexiones estrat\u00e9gicas en mercados asi\u00e1ticos. Adem\u00e1s, pr\u00f3ximamente est\u00e1 prevista la participaci\u00f3n de 15 pymes santafesinas en la SIAL China, una de las ferias de alimentos m\u00e1s importantes del mundo, que se celebrar\u00e1 en Shangh\u00e1i.<img decoding=\"async\" alt=\"\" src=\"https:\/\/ci3.googleusercontent.com\/meips\/ADKq_Na4htvQP8uH1t_uIuPRUYyJ-hIBA4F97X_4ftQ5SUmN4Cm3B5GEvULcOosjkXPUjct1k7I5pMQUFuqDjiYQRHI6jYTnNw14ds75BZGvHVfmbh2IEN6zBRr0iM65DwLN0QL47o5rgm4R3Zbzeq4=s0-d-e1-ft#https:\/\/www.santafe.gob.ar\/noticias\/recursos\/fotos\/2025\/05\/2025-05-02NID_282922O_2.jpeg\"><strong>Santiago de Chile: Santa Fe presente en Expomin 2025<\/strong>En la feria minera m\u00e1s importante de Am\u00e9rica Latina, 15 empresas santafesinas promovieron su integraci\u00f3n en la industria global, aprovechando ventajas para convertirse en proveedores estrat\u00e9gicos de la transici\u00f3n energ\u00e9tica y tecnol\u00f3gica.A trav\u00e9s de estas iniciativas, Santa Fe reafirma su compromiso con la internacionalizaci\u00f3n de sus pymes, consolidando su lugar en mercados estrat\u00e9gicos y generando v\u00ednculos comerciales duraderos. El pr\u00f3ximo gran hito ser\u00e1 el Santa Fe Business Forum 2025, del 1 al 5 de septiembre en Rosario, que reunir\u00e1 a m\u00e1s de 1.000 empresas de Argentina y compradores de m\u00e1s de 40 pa\u00edses.<img decoding=\"async\" alt=\"\" src=\"https:\/\/ci3.googleusercontent.com\/meips\/ADKq_NafxTa4Alpe9XGbVUhRVGAXK4SsC41XLznQt7EksWjk5ARB1MzhPLOlb1FObD-5M6R40V4RN6RwICRmYEAjDfNXeR2PGzqb3T9LxL8qu-Vu7xwkODC9B1nroacxGSqhzhRhZfvkXZndcaAhosY=s0-d-e1-ft#https:\/\/www.santafe.gob.ar\/noticias\/recursos\/fotos\/2025\/05\/2025-05-02NID_282922O_3.jpeg\">&nbsp;<\/td><td>&nbsp;<\/td><\/tr><\/tbody><\/table><\/figure>\n\n\n\n<figure class=\"wp-block-table\"><table><tbody><tr><td>&nbsp;<\/td><td>&nbsp;<\/td><\/tr><\/tbody><\/table><\/figure>\n","protected":false},"excerpt":{"rendered":"<p>De Santa Fe al mundo: 74 pymes conquistan mercados internacionales en cinco ferias estrat\u00e9gicas.<\/p>\n","protected":false},"author":1,"featured_media":46127,"comment_status":"open","ping_status":"open","sticky":false,"template":"","format":"image","meta":{"_jetpack_memberships_contains_paid_content":false,"footnotes":"","jetpack_publicize_message":"","jetpack_publicize_feature_enabled":true,"jetpack_social_post_already_shared":true,"jetpack_social_options":{"image_generator_settings":{"template":"highway","default_image_id":0,"enabled":false},"version":2}},"categories":[8,1,2,7,3],"tags":[11682,179,11683,9924,11684,249,3381],"class_list":["post-46126","post","type-post","status-publish","format-image","has-post-thumbnail","hentry","category-deliberando","category-diario-armstrong","category-locales","category-politica","category-region","tag-74-pymes","tag-al","tag-cinco-ferias","tag-diario-armstrong-y-region-2","tag-estrategicas","tag-mundo","tag-santa-fe","post_format-post-format-image"],"jetpack_publicize_connections":[],"jetpack_featured_media_url":"https:\/\/armstrongyregion.com.ar\/diario\/wp-content\/uploads\/2025\/05\/74-pymes-.jpg","jetpack_shortlink":"https:\/\/wp.me\/p62QDO-bZY","jetpack_sharing_enabled":true,"amp_enabled":true,"_links":{"self":[{"href":"https:\/\/armstrongyregion.com.ar\/diario\/wp-json\/wp\/v2\/posts\/46126","targetHints":{"allow":["GET"]}}],"collection":[{"href":"https:\/\/armstrongyregion.com.ar\/diario\/wp-json\/wp\/v2\/posts"}],"about":[{"href":"https:\/\/armstrongyregion.com.ar\/diario\/wp-json\/wp\/v2\/types\/post"}],"author":[{"embeddable":true,"href":"https:\/\/armstrongyregion.com.ar\/diario\/wp-json\/wp\/v2\/users\/1"}],"replies":[{"embeddable":true,"href":"https:\/\/armstrongyregion.com.ar\/diario\/wp-json\/wp\/v2\/comments?post=46126"}],"version-history":[{"count":1,"href":"https:\/\/armstrongyregion.com.ar\/diario\/wp-json\/wp\/v2\/posts\/46126\/revisions"}],"predecessor-version":[{"id":46128,"href":"https:\/\/armstrongyregion.com.ar\/diario\/wp-json\/wp\/v2\/posts\/46126\/revisions\/46128"}],"wp:featuredmedia":[{"embeddable":true,"href":"https:\/\/armstrongyregion.com.ar\/diario\/wp-json\/wp\/v2\/media\/46127"}],"wp:attachment":[{"href":"https:\/\/armstrongyregion.com.ar\/diario\/wp-json\/wp\/v2\/media?parent=46126"}],"wp:term":[{"taxonomy":"category","embeddable":true,"href":"https:\/\/armstrongyregion.com.ar\/diario\/wp-json\/wp\/v2\/categories?post=46126"},{"taxonomy":"post_tag","embeddable":true,"href":"https:\/\/armstrongyregion.com.ar\/diario\/wp-json\/wp\/v2\/tags?post=46126"}],"curies":[{"name":"wp","href":"https:\/\/api.w.org\/{rel}","templated":true}]}}