{"id":46117,"date":"2025-05-01T02:16:41","date_gmt":"2025-05-01T02:16:41","guid":{"rendered":"https:\/\/armstrongyregion.com.ar\/diario\/?p=46117"},"modified":"2025-05-01T02:16:43","modified_gmt":"2025-05-01T02:16:43","slug":"avanza-la-obra-en-el-acceso-a-armstrong","status":"publish","type":"post","link":"https:\/\/armstrongyregion.com.ar\/diario\/avanza-la-obra-en-el-acceso-a-armstrong\/","title":{"rendered":"Avanza la obra en el acceso a Armstrong."},"content":{"rendered":"\n<figure class=\"wp-block-image size-full\"><img loading=\"lazy\" decoding=\"async\" width=\"504\" height=\"378\" src=\"http:\/\/armstrongyregion.com.ar\/diario\/wp-content\/uploads\/2025\/05\/accesoa-.jpg\" alt=\"\" class=\"wp-image-46118\" srcset=\"https:\/\/armstrongyregion.com.ar\/diario\/wp-content\/uploads\/2025\/05\/accesoa-.jpg 504w, https:\/\/armstrongyregion.com.ar\/diario\/wp-content\/uploads\/2025\/05\/accesoa--300x225.jpg 300w\" sizes=\"auto, (max-width: 504px) 100vw, 504px\" \/><\/figure>\n\n\n\n<p>El Intendente Guillermo Luzzi acompa\u00f1ado por el Senador Pablo Verdecchia recorrieron la obra que<br>se est\u00e1 llevando adelante en el acceso a la ciudad de Armstrong desde la Ruta Provincial N\u00b0 15 y calle<br>Schaer.<\/p>\n\n\n\n<figure class=\"wp-block-image size-full\"><img loading=\"lazy\" decoding=\"async\" width=\"504\" height=\"378\" src=\"http:\/\/armstrongyregion.com.ar\/diario\/wp-content\/uploads\/2025\/05\/accesob-.jpg\" alt=\"\" class=\"wp-image-46119\" srcset=\"https:\/\/armstrongyregion.com.ar\/diario\/wp-content\/uploads\/2025\/05\/accesob-.jpg 504w, https:\/\/armstrongyregion.com.ar\/diario\/wp-content\/uploads\/2025\/05\/accesob--300x225.jpg 300w\" sizes=\"auto, (max-width: 504px) 100vw, 504px\" \/><\/figure>\n\n\n\n<p><br>La misma consiste en el ensanche de la calzada que se extiende aproximadamente 328 m en<br>correspondencia con la ruta provincial y unos 34 m hacia el este hasta la l\u00ednea de<br>alambrados existentes dentro de la zona de camino, en correspondencia con la calle.<br>Los trabajos contemplan isletas para giro y una bicisenda de hormig\u00f3n con una base<br>compactada de suelo cal, de un ancho de 2,5 mts.<\/p>\n\n\n\n<figure class=\"wp-block-image size-full\"><img loading=\"lazy\" decoding=\"async\" width=\"400\" height=\"267\" src=\"http:\/\/armstrongyregion.com.ar\/diario\/wp-content\/uploads\/2025\/05\/acceso-c-.jpg\" alt=\"\" class=\"wp-image-46120\" srcset=\"https:\/\/armstrongyregion.com.ar\/diario\/wp-content\/uploads\/2025\/05\/acceso-c-.jpg 400w, https:\/\/armstrongyregion.com.ar\/diario\/wp-content\/uploads\/2025\/05\/acceso-c--300x200.jpg 300w\" sizes=\"auto, (max-width: 400px) 100vw, 400px\" \/><\/figure>\n\n\n\n<p><br>Luzzi inform\u00f3 que la obra est\u00e1 est\u00e1 avanzada en un 50 % cumpliendo as\u00ed con los tiempos tal<br>como estaba previsto.<\/p>\n\n\n\n<figure class=\"wp-block-image size-full\"><img loading=\"lazy\" decoding=\"async\" width=\"400\" height=\"267\" src=\"http:\/\/armstrongyregion.com.ar\/diario\/wp-content\/uploads\/2025\/05\/acceso-d-.jpg\" alt=\"\" class=\"wp-image-46121\" srcset=\"https:\/\/armstrongyregion.com.ar\/diario\/wp-content\/uploads\/2025\/05\/acceso-d-.jpg 400w, https:\/\/armstrongyregion.com.ar\/diario\/wp-content\/uploads\/2025\/05\/acceso-d--300x200.jpg 300w\" sizes=\"auto, (max-width: 400px) 100vw, 400px\" \/><\/figure>\n\n\n\n<p><br>Son obras necesarias para garantizar la accesibilidad, conectividad, transitabilidad y<br>seguridad vial de los usuarios en el acceso a Armstrong desde Ruta Provincial N\u00b0 15, tramo<br>Armstrong-Cruz Alta que lleva a cabo el Gobierno Provincial a trav\u00e9s de la Direcci\u00f3n<br>Provincial de Vialidad.<br>Cabe destacar que mediante el Contrato N\u00b0 020804 firmado el 12 de diciembre de 2024, por<br>la Empresa Contratista CONYLOG S.A., se obliga a ejecutar la obra por la suma de $<br>1.138.371.508,05, contando con un plazo de ejecuci\u00f3n de 8 meses calendario.<\/p>\n","protected":false},"excerpt":{"rendered":"<p>Avanza la obra en el acceso a Armstrong.<\/p>\n","protected":false},"author":1,"featured_media":46121,"comment_status":"open","ping_status":"open","sticky":false,"template":"","format":"image","meta":{"_jetpack_memberships_contains_paid_content":false,"footnotes":"","jetpack_publicize_message":"","jetpack_publicize_feature_enabled":true,"jetpack_social_post_already_shared":true,"jetpack_social_options":{"image_generator_settings":{"template":"highway","default_image_id":0,"enabled":false},"version":2}},"categories":[8,1,2,7,3],"tags":[2194,20,634,5030,8777,635],"class_list":["post-46117","post","type-post","status-publish","format-image","has-post-thumbnail","hentry","category-deliberando","category-diario-armstrong","category-locales","category-politica","category-region","tag-acceso","tag-armstrong","tag-avanza","tag-diario-armstrong","tag-lic-graciela-de-la-casa","tag-obra","post_format-post-format-image"],"jetpack_publicize_connections":[],"jetpack_featured_media_url":"https:\/\/armstrongyregion.com.ar\/diario\/wp-content\/uploads\/2025\/05\/acceso-d-.jpg","jetpack_shortlink":"https:\/\/wp.me\/p62QDO-bZP","jetpack_sharing_enabled":true,"amp_enabled":true,"_links":{"self":[{"href":"https:\/\/armstrongyregion.com.ar\/diario\/wp-json\/wp\/v2\/posts\/46117","targetHints":{"allow":["GET"]}}],"collection":[{"href":"https:\/\/armstrongyregion.com.ar\/diario\/wp-json\/wp\/v2\/posts"}],"about":[{"href":"https:\/\/armstrongyregion.com.ar\/diario\/wp-json\/wp\/v2\/types\/post"}],"author":[{"embeddable":true,"href":"https:\/\/armstrongyregion.com.ar\/diario\/wp-json\/wp\/v2\/users\/1"}],"replies":[{"embeddable":true,"href":"https:\/\/armstrongyregion.com.ar\/diario\/wp-json\/wp\/v2\/comments?post=46117"}],"version-history":[{"count":1,"href":"https:\/\/armstrongyregion.com.ar\/diario\/wp-json\/wp\/v2\/posts\/46117\/revisions"}],"predecessor-version":[{"id":46122,"href":"https:\/\/armstrongyregion.com.ar\/diario\/wp-json\/wp\/v2\/posts\/46117\/revisions\/46122"}],"wp:featuredmedia":[{"embeddable":true,"href":"https:\/\/armstrongyregion.com.ar\/diario\/wp-json\/wp\/v2\/media\/46121"}],"wp:attachment":[{"href":"https:\/\/armstrongyregion.com.ar\/diario\/wp-json\/wp\/v2\/media?parent=46117"}],"wp:term":[{"taxonomy":"category","embeddable":true,"href":"https:\/\/armstrongyregion.com.ar\/diario\/wp-json\/wp\/v2\/categories?post=46117"},{"taxonomy":"post_tag","embeddable":true,"href":"https:\/\/armstrongyregion.com.ar\/diario\/wp-json\/wp\/v2\/tags?post=46117"}],"curies":[{"name":"wp","href":"https:\/\/api.w.org\/{rel}","templated":true}]}}