{"id":46111,"date":"2025-05-01T02:11:36","date_gmt":"2025-05-01T02:11:36","guid":{"rendered":"https:\/\/armstrongyregion.com.ar\/diario\/?p=46111"},"modified":"2025-05-01T02:11:38","modified_gmt":"2025-05-01T02:11:38","slug":"emotiva-actividad-por-el-2-de-mayo","status":"publish","type":"post","link":"https:\/\/armstrongyregion.com.ar\/diario\/emotiva-actividad-por-el-2-de-mayo\/","title":{"rendered":"Emotiva actividad por el 2 de Mayo."},"content":{"rendered":"\n<figure class=\"wp-block-image size-large\"><img loading=\"lazy\" decoding=\"async\" width=\"640\" height=\"427\" src=\"http:\/\/armstrongyregion.com.ar\/diario\/wp-content\/uploads\/2025\/05\/2-de-mayo-1--640x427.jpg\" alt=\"\" class=\"wp-image-46112\" srcset=\"https:\/\/armstrongyregion.com.ar\/diario\/wp-content\/uploads\/2025\/05\/2-de-mayo-1--640x427.jpg 640w, https:\/\/armstrongyregion.com.ar\/diario\/wp-content\/uploads\/2025\/05\/2-de-mayo-1--300x200.jpg 300w, https:\/\/armstrongyregion.com.ar\/diario\/wp-content\/uploads\/2025\/05\/2-de-mayo-1-.jpg 682w\" sizes=\"auto, (max-width: 640px) 100vw, 640px\" \/><\/figure>\n\n\n\n<p>La Municipalidad de Armstrong junto a las comunidades educativas de las escuelas N\u00b0 262 \u201cDomingo<br>F. Sarmiento\u201d y T\u00e9cnica N\u00b0 291 \u201cTte. Cnel. Fray Luis Beltr\u00e1n\u201d conmemoraron los 43 a\u00f1os del<br>hundimiento del ARA Gral. Belgrano resaltando la figura de nuestro H\u00e9roe Nacional Claudio Giaretti.<br>\u201cCalambre\u201d como su familia y amigos lo llamaban, curs\u00f3 sus estudios primarios en la Escuela N\u00b0 262<br>y egres\u00f3 como auxiliar mec\u00e1nico de la Escuela T\u00e9cnica en el a\u00f1o 1979.<\/p>\n\n\n\n<figure class=\"wp-block-image size-full\"><img loading=\"lazy\" decoding=\"async\" width=\"369\" height=\"246\" src=\"http:\/\/armstrongyregion.com.ar\/diario\/wp-content\/uploads\/2025\/05\/2-de-mayo-2-.jpg\" alt=\"\" class=\"wp-image-46113\" srcset=\"https:\/\/armstrongyregion.com.ar\/diario\/wp-content\/uploads\/2025\/05\/2-de-mayo-2-.jpg 369w, https:\/\/armstrongyregion.com.ar\/diario\/wp-content\/uploads\/2025\/05\/2-de-mayo-2--300x200.jpg 300w\" sizes=\"auto, (max-width: 369px) 100vw, 369px\" \/><\/figure>\n\n\n\n<p><br>Esta actividad \u201cSobrevivir antes de aprender a vivir\u201d fue declarada de Inter\u00e9s Municipal por el<br>Concejo Municipal.<\/p>\n\n\n\n<figure class=\"wp-block-image size-large\"><img loading=\"lazy\" decoding=\"async\" width=\"640\" height=\"427\" src=\"http:\/\/armstrongyregion.com.ar\/diario\/wp-content\/uploads\/2025\/05\/2-de-mayo-3--640x427.jpg\" alt=\"\" class=\"wp-image-46114\" srcset=\"https:\/\/armstrongyregion.com.ar\/diario\/wp-content\/uploads\/2025\/05\/2-de-mayo-3--640x427.jpg 640w, https:\/\/armstrongyregion.com.ar\/diario\/wp-content\/uploads\/2025\/05\/2-de-mayo-3--300x200.jpg 300w, https:\/\/armstrongyregion.com.ar\/diario\/wp-content\/uploads\/2025\/05\/2-de-mayo-3-.jpg 728w\" sizes=\"auto, (max-width: 640px) 100vw, 640px\" \/><\/figure>\n\n\n\n<p><br>En la oportunidad, el Prof. Miguel Herrera dio lectura a un texto escrito por la Prof. Lilian Coll<br>titulado \u201cYo, el Belgrano\u201d. Luego, los veteranos de la guerra de Malvinas Luis Giorgi, tripulante del<br>destructor ARA Bouchard, y Sergio Cambronera, tripulante del ARA Gral. Belgrano, contaron su<br>experiencia y vivencias en primera persona con testimonios muy profundos.<\/p>\n\n\n\n<figure class=\"wp-block-image size-large\"><img loading=\"lazy\" decoding=\"async\" width=\"640\" height=\"427\" src=\"http:\/\/armstrongyregion.com.ar\/diario\/wp-content\/uploads\/2025\/05\/2-de-mayo-4--640x427.jpg\" alt=\"\" class=\"wp-image-46115\" srcset=\"https:\/\/armstrongyregion.com.ar\/diario\/wp-content\/uploads\/2025\/05\/2-de-mayo-4--640x427.jpg 640w, https:\/\/armstrongyregion.com.ar\/diario\/wp-content\/uploads\/2025\/05\/2-de-mayo-4--300x200.jpg 300w, https:\/\/armstrongyregion.com.ar\/diario\/wp-content\/uploads\/2025\/05\/2-de-mayo-4-.jpg 734w\" sizes=\"auto, (max-width: 640px) 100vw, 640px\" \/><\/figure>\n\n\n\n<p><br>Finalmente, se comparti\u00f3 la proyecci\u00f3n de un video muy emotivo realizado por alumnos de la<br>Escuela T\u00e9cnica y de 6\u00b0 grado A, B y C de la Escuela N\u00b0 262, donde pudimos conocer un poco m\u00e1s<br>sobre la vida de Claudio acerc\u00e1ndonos a su historia personal, sus sue\u00f1os y sus afectos.<\/p>\n","protected":false},"excerpt":{"rendered":"<p>Emotiva actividad por el 2 de Mayo.<\/p>\n","protected":false},"author":1,"featured_media":46112,"comment_status":"open","ping_status":"open","sticky":false,"template":"","format":"image","meta":{"_jetpack_memberships_contains_paid_content":false,"footnotes":"","jetpack_publicize_message":"","jetpack_publicize_feature_enabled":true,"jetpack_social_post_already_shared":true,"jetpack_social_options":{"image_generator_settings":{"template":"highway","default_image_id":0,"enabled":false},"version":2}},"categories":[8,1,2,7,3],"tags":[9278,170,5030,16,2409,8777,60],"class_list":["post-46111","post","type-post","status-publish","format-image","has-post-thumbnail","hentry","category-deliberando","category-diario-armstrong","category-locales","category-politica","category-region","tag-2-de-mayo","tag-actividad","tag-diario-armstrong","tag-el","tag-emotiva","tag-lic-graciela-de-la-casa","tag-por","post_format-post-format-image"],"jetpack_publicize_connections":[],"jetpack_featured_media_url":"https:\/\/armstrongyregion.com.ar\/diario\/wp-content\/uploads\/2025\/05\/2-de-mayo-1-.jpg","jetpack_shortlink":"https:\/\/wp.me\/p62QDO-bZJ","jetpack_sharing_enabled":true,"amp_enabled":true,"_links":{"self":[{"href":"https:\/\/armstrongyregion.com.ar\/diario\/wp-json\/wp\/v2\/posts\/46111","targetHints":{"allow":["GET"]}}],"collection":[{"href":"https:\/\/armstrongyregion.com.ar\/diario\/wp-json\/wp\/v2\/posts"}],"about":[{"href":"https:\/\/armstrongyregion.com.ar\/diario\/wp-json\/wp\/v2\/types\/post"}],"author":[{"embeddable":true,"href":"https:\/\/armstrongyregion.com.ar\/diario\/wp-json\/wp\/v2\/users\/1"}],"replies":[{"embeddable":true,"href":"https:\/\/armstrongyregion.com.ar\/diario\/wp-json\/wp\/v2\/comments?post=46111"}],"version-history":[{"count":1,"href":"https:\/\/armstrongyregion.com.ar\/diario\/wp-json\/wp\/v2\/posts\/46111\/revisions"}],"predecessor-version":[{"id":46116,"href":"https:\/\/armstrongyregion.com.ar\/diario\/wp-json\/wp\/v2\/posts\/46111\/revisions\/46116"}],"wp:featuredmedia":[{"embeddable":true,"href":"https:\/\/armstrongyregion.com.ar\/diario\/wp-json\/wp\/v2\/media\/46112"}],"wp:attachment":[{"href":"https:\/\/armstrongyregion.com.ar\/diario\/wp-json\/wp\/v2\/media?parent=46111"}],"wp:term":[{"taxonomy":"category","embeddable":true,"href":"https:\/\/armstrongyregion.com.ar\/diario\/wp-json\/wp\/v2\/categories?post=46111"},{"taxonomy":"post_tag","embeddable":true,"href":"https:\/\/armstrongyregion.com.ar\/diario\/wp-json\/wp\/v2\/tags?post=46111"}],"curies":[{"name":"wp","href":"https:\/\/api.w.org\/{rel}","templated":true}]}}