{"id":46099,"date":"2025-05-01T01:57:13","date_gmt":"2025-05-01T01:57:13","guid":{"rendered":"https:\/\/armstrongyregion.com.ar\/diario\/?p=46099"},"modified":"2025-05-01T01:57:15","modified_gmt":"2025-05-01T01:57:15","slug":"3-peregrinacion-gaucha-a-caballo","status":"publish","type":"post","link":"https:\/\/armstrongyregion.com.ar\/diario\/3-peregrinacion-gaucha-a-caballo\/","title":{"rendered":"3\u00b0 Peregrinaci\u00f3n gaucha a caballo."},"content":{"rendered":"\n<figure class=\"wp-block-image size-full\"><img loading=\"lazy\" decoding=\"async\" width=\"400\" height=\"300\" src=\"http:\/\/armstrongyregion.com.ar\/diario\/wp-content\/uploads\/2025\/05\/PEREGRINACION-1-.jpg\" alt=\"\" class=\"wp-image-46100\" srcset=\"https:\/\/armstrongyregion.com.ar\/diario\/wp-content\/uploads\/2025\/05\/PEREGRINACION-1-.jpg 400w, https:\/\/armstrongyregion.com.ar\/diario\/wp-content\/uploads\/2025\/05\/PEREGRINACION-1--300x225.jpg 300w\" sizes=\"auto, (max-width: 400px) 100vw, 400px\" \/><\/figure>\n\n\n\n<p>El martes 22 de abril, la Municipalidad de Armstrong, en las instalaciones del C.T. El Tropero, ofreci\u00f3<br>una recepci\u00f3n a una delegaci\u00f3n de hombres y mujeres que llegaron a nuestra ciudad desde Salta,<br>Jujuy y Santiago del Estero llevando adelante la 3\u00b0 peregrinaci\u00f3n gaucha a caballo.<\/p>\n\n\n\n<figure class=\"wp-block-image size-full\"><img loading=\"lazy\" decoding=\"async\" width=\"378\" height=\"295\" src=\"http:\/\/armstrongyregion.com.ar\/diario\/wp-content\/uploads\/2025\/05\/PEREGRINACION-3-1-1.jpg\" alt=\"\" class=\"wp-image-46103\" srcset=\"https:\/\/armstrongyregion.com.ar\/diario\/wp-content\/uploads\/2025\/05\/PEREGRINACION-3-1-1.jpg 378w, https:\/\/armstrongyregion.com.ar\/diario\/wp-content\/uploads\/2025\/05\/PEREGRINACION-3-1-1-300x234.jpg 300w\" sizes=\"auto, (max-width: 378px) 100vw, 378px\" \/><\/figure>\n\n\n\n<p><br>La misma parti\u00f3 el pasado 11 de marzo desde el predio de Gauchos de G\u00fcemes de la ciudad de Salta,<br>y esperan llegar a Luj\u00e1n el pr\u00f3ximo 5 de mayo, justamente d\u00eda del gaucho peregrino, donde<br>participar\u00e1n de una Consagraci\u00f3n a la Virgen de Luj\u00e1n.<\/p>\n\n\n\n<figure class=\"wp-block-image size-full\"><img loading=\"lazy\" decoding=\"async\" width=\"400\" height=\"300\" src=\"http:\/\/armstrongyregion.com.ar\/diario\/wp-content\/uploads\/2025\/05\/PEREGRINACION-1-1-1.jpg\" alt=\"\" class=\"wp-image-46104\" srcset=\"https:\/\/armstrongyregion.com.ar\/diario\/wp-content\/uploads\/2025\/05\/PEREGRINACION-1-1-1.jpg 400w, https:\/\/armstrongyregion.com.ar\/diario\/wp-content\/uploads\/2025\/05\/PEREGRINACION-1-1-1-300x225.jpg 300w\" sizes=\"auto, (max-width: 400px) 100vw, 400px\" \/><\/figure>\n\n\n\n<p><br>Mientras tanto, Armstrong le abri\u00f3 las puertas recibi\u00e9ndolos en esta emblem\u00e1tica instituci\u00f3n local<br>donde pernoctaron para emprender nuevamente su viaje unas horas despu\u00e9s.<br>La peregrinaci\u00f3n gaucha a caballo es una tradici\u00f3n argentina que combina aspectos religiosos y<br>culturales, donde los gauchos, en sus caballos, se dirigen a la Bas\u00edlica de Luj\u00e1n como acto de fe y para<br>celebrar la cultura gaucha.\u00a0Es una actividad que busca mantener viva la imagen del gaucho a caballo,<br>s\u00edmbolo de la identidad argentina, y es un homenaje a la Virgen de Luj\u00e1n.<br>Cabe recordar que la primera edici\u00f3n la realizaron durante el a\u00f1o 2000 (Salta-Buenos Aires) y la<br>segunda se concret\u00f3 en el a\u00f1o 2021, en ese caso desde Luj\u00e1n hacia Salta.<br>Es una oportunidad para mostrar y mantener vivas las tradiciones gauchas, como el uso del caballo,<br>la m\u00fasica criolla y la vestimenta tradicional.<br>Uno de los peregrinos manifest\u00f3: \u201dNosotros vamos tratando de sembrar religi\u00f3n y Patria. La<br>intenci\u00f3n es esa. Dios dir\u00e1 si esas semillas germinan o no\u201d.<\/p>\n","protected":false},"excerpt":{"rendered":"<p>3\u00b0 Peregrinaci\u00f3n gaucha a caballo.<\/p>\n","protected":false},"author":1,"featured_media":46105,"comment_status":"open","ping_status":"open","sticky":false,"template":"","format":"image","meta":{"_jetpack_memberships_contains_paid_content":false,"footnotes":"","jetpack_publicize_message":"","jetpack_publicize_feature_enabled":true,"jetpack_social_post_already_shared":true,"jetpack_social_options":{"image_generator_settings":{"template":"highway","default_image_id":0,"enabled":false},"version":2}},"categories":[6,8,1,2,7,3],"tags":[11678,11680,11681,11679,8777],"class_list":["post-46099","post","type-post","status-publish","format-image","has-post-thumbnail","hentry","category-cultura-entretenimiento","category-deliberando","category-diario-armstrong","category-locales","category-politica","category-region","tag-3ra-peregrinacion","tag-a-caballo","tag-diario-armtrong","tag-gaucha","tag-lic-graciela-de-la-casa","post_format-post-format-image"],"jetpack_publicize_connections":[],"jetpack_featured_media_url":"https:\/\/armstrongyregion.com.ar\/diario\/wp-content\/uploads\/2025\/05\/PEREGRINACION-.4-1-1.jpg","jetpack_shortlink":"https:\/\/wp.me\/p62QDO-bZx","jetpack_sharing_enabled":true,"amp_enabled":true,"_links":{"self":[{"href":"https:\/\/armstrongyregion.com.ar\/diario\/wp-json\/wp\/v2\/posts\/46099","targetHints":{"allow":["GET"]}}],"collection":[{"href":"https:\/\/armstrongyregion.com.ar\/diario\/wp-json\/wp\/v2\/posts"}],"about":[{"href":"https:\/\/armstrongyregion.com.ar\/diario\/wp-json\/wp\/v2\/types\/post"}],"author":[{"embeddable":true,"href":"https:\/\/armstrongyregion.com.ar\/diario\/wp-json\/wp\/v2\/users\/1"}],"replies":[{"embeddable":true,"href":"https:\/\/armstrongyregion.com.ar\/diario\/wp-json\/wp\/v2\/comments?post=46099"}],"version-history":[{"count":1,"href":"https:\/\/armstrongyregion.com.ar\/diario\/wp-json\/wp\/v2\/posts\/46099\/revisions"}],"predecessor-version":[{"id":46106,"href":"https:\/\/armstrongyregion.com.ar\/diario\/wp-json\/wp\/v2\/posts\/46099\/revisions\/46106"}],"wp:featuredmedia":[{"embeddable":true,"href":"https:\/\/armstrongyregion.com.ar\/diario\/wp-json\/wp\/v2\/media\/46105"}],"wp:attachment":[{"href":"https:\/\/armstrongyregion.com.ar\/diario\/wp-json\/wp\/v2\/media?parent=46099"}],"wp:term":[{"taxonomy":"category","embeddable":true,"href":"https:\/\/armstrongyregion.com.ar\/diario\/wp-json\/wp\/v2\/categories?post=46099"},{"taxonomy":"post_tag","embeddable":true,"href":"https:\/\/armstrongyregion.com.ar\/diario\/wp-json\/wp\/v2\/tags?post=46099"}],"curies":[{"name":"wp","href":"https:\/\/api.w.org\/{rel}","templated":true}]}}