{"id":46095,"date":"2025-05-01T01:49:40","date_gmt":"2025-05-01T01:49:40","guid":{"rendered":"https:\/\/armstrongyregion.com.ar\/diario\/?p=46095"},"modified":"2025-05-01T01:49:42","modified_gmt":"2025-05-01T01:49:42","slug":"armstrong-nueva-capacitacion-sobre-arbolado-publico","status":"publish","type":"post","link":"https:\/\/armstrongyregion.com.ar\/diario\/armstrong-nueva-capacitacion-sobre-arbolado-publico\/","title":{"rendered":"Armstrong. Nueva capacitaci\u00f3n sobre arbolado p\u00fablico."},"content":{"rendered":"\n<figure class=\"wp-block-image size-full\"><img loading=\"lazy\" decoding=\"async\" width=\"362\" height=\"241\" src=\"http:\/\/armstrongyregion.com.ar\/diario\/wp-content\/uploads\/2025\/05\/ARBOLADO-1-.jpg\" alt=\"\" class=\"wp-image-46096\" srcset=\"https:\/\/armstrongyregion.com.ar\/diario\/wp-content\/uploads\/2025\/05\/ARBOLADO-1-.jpg 362w, https:\/\/armstrongyregion.com.ar\/diario\/wp-content\/uploads\/2025\/05\/ARBOLADO-1--300x200.jpg 300w\" sizes=\"auto, (max-width: 362px) 100vw, 362px\" \/><\/figure>\n\n\n\n<p>En el auditorio Delmo Dar\u00f3 de la Municipalidad de Armstrong se ofreci\u00f3 una nueva capacitaci\u00f3n<br>relacionada a la Ley del \u00c1rbol que es la N\u00b0 13.836, y gesti\u00f3n del arbolado en materia legal y t\u00e9cnica<br>sobre el arbolado p\u00fablico de ciudades y pueblos del territorio provincial.\u00a0<\/p>\n\n\n\n<figure class=\"wp-block-image size-large\"><img loading=\"lazy\" decoding=\"async\" width=\"640\" height=\"427\" src=\"http:\/\/armstrongyregion.com.ar\/diario\/wp-content\/uploads\/2025\/05\/ARBOLADO-2--640x427.jpg\" alt=\"\" class=\"wp-image-46097\" srcset=\"https:\/\/armstrongyregion.com.ar\/diario\/wp-content\/uploads\/2025\/05\/ARBOLADO-2--640x427.jpg 640w, https:\/\/armstrongyregion.com.ar\/diario\/wp-content\/uploads\/2025\/05\/ARBOLADO-2--300x200.jpg 300w, https:\/\/armstrongyregion.com.ar\/diario\/wp-content\/uploads\/2025\/05\/ARBOLADO-2-.jpg 737w\" sizes=\"auto, (max-width: 640px) 100vw, 640px\" \/><\/figure>\n\n\n\n<p><br>La misma estuvo a cargo de profesionales ingenieros de la Subdirecci\u00f3n General de Recursos<br>Naturales Delegaci\u00f3n Zona Sur del Ministerio de Ambiente y Cambio Clim\u00e1tico y Ministerio de<br>Desarrollo Productivo de la provincia de Santa Fe.<br>Fueron dos partes diferenciadas. Por un lado, se trata la ley provincial antes mencionada y su<br>decreto reglamentario N\u00b0 3674. Los mismos regulan todas las intervenciones que se hagan sobre el<br>arbolado p\u00fablico en toda la provincia.<br>Y por otro lado, es el segmento m\u00e1s t\u00e9cnico donde se habla de poda, cortes correctos, tiempos de<br>poda, etc.<br>La capacitaci\u00f3n estuvo destinada a autoridades municipales y comunales, t\u00e9cnicos del \u00e1rea de<br>arbolado y afines, personal municipal y comunal encargado del cuidado y mantenimiento del<br>arbolado, instituciones y organizaciones interesadas.<\/p>\n","protected":false},"excerpt":{"rendered":"<p>Armstrong. Nueva capacitaci\u00f3n sobre arbolado p\u00fablico.<\/p>\n","protected":false},"author":1,"featured_media":46096,"comment_status":"open","ping_status":"open","sticky":false,"template":"","format":"image","meta":{"_jetpack_memberships_contains_paid_content":false,"footnotes":"","jetpack_publicize_message":"","jetpack_publicize_feature_enabled":true,"jetpack_social_post_already_shared":true,"jetpack_social_options":{"image_generator_settings":{"template":"highway","default_image_id":0,"enabled":false},"version":2}},"categories":[8,1,2,7,3],"tags":[6353,20,1292,5030,8777,275,8773,118],"class_list":["post-46095","post","type-post","status-publish","format-image","has-post-thumbnail","hentry","category-deliberando","category-diario-armstrong","category-locales","category-politica","category-region","tag-arbolado","tag-armstrong","tag-capacitacion","tag-diario-armstrong","tag-lic-graciela-de-la-casa","tag-nueva","tag-publico-3","tag-sobre","post_format-post-format-image"],"jetpack_publicize_connections":[],"jetpack_featured_media_url":"https:\/\/armstrongyregion.com.ar\/diario\/wp-content\/uploads\/2025\/05\/ARBOLADO-1-.jpg","jetpack_shortlink":"https:\/\/wp.me\/p62QDO-bZt","jetpack_sharing_enabled":true,"amp_enabled":true,"_links":{"self":[{"href":"https:\/\/armstrongyregion.com.ar\/diario\/wp-json\/wp\/v2\/posts\/46095","targetHints":{"allow":["GET"]}}],"collection":[{"href":"https:\/\/armstrongyregion.com.ar\/diario\/wp-json\/wp\/v2\/posts"}],"about":[{"href":"https:\/\/armstrongyregion.com.ar\/diario\/wp-json\/wp\/v2\/types\/post"}],"author":[{"embeddable":true,"href":"https:\/\/armstrongyregion.com.ar\/diario\/wp-json\/wp\/v2\/users\/1"}],"replies":[{"embeddable":true,"href":"https:\/\/armstrongyregion.com.ar\/diario\/wp-json\/wp\/v2\/comments?post=46095"}],"version-history":[{"count":1,"href":"https:\/\/armstrongyregion.com.ar\/diario\/wp-json\/wp\/v2\/posts\/46095\/revisions"}],"predecessor-version":[{"id":46098,"href":"https:\/\/armstrongyregion.com.ar\/diario\/wp-json\/wp\/v2\/posts\/46095\/revisions\/46098"}],"wp:featuredmedia":[{"embeddable":true,"href":"https:\/\/armstrongyregion.com.ar\/diario\/wp-json\/wp\/v2\/media\/46096"}],"wp:attachment":[{"href":"https:\/\/armstrongyregion.com.ar\/diario\/wp-json\/wp\/v2\/media?parent=46095"}],"wp:term":[{"taxonomy":"category","embeddable":true,"href":"https:\/\/armstrongyregion.com.ar\/diario\/wp-json\/wp\/v2\/categories?post=46095"},{"taxonomy":"post_tag","embeddable":true,"href":"https:\/\/armstrongyregion.com.ar\/diario\/wp-json\/wp\/v2\/tags?post=46095"}],"curies":[{"name":"wp","href":"https:\/\/api.w.org\/{rel}","templated":true}]}}