{"id":4609,"date":"2015-10-19T01:38:12","date_gmt":"2015-10-19T01:38:12","guid":{"rendered":"https:\/\/armstrongyregion.com.ar\/diario\/?p=4609"},"modified":"2015-10-19T01:38:12","modified_gmt":"2015-10-19T01:38:12","slug":"reunion-con-el-director-provincial-de-proteccion-urbana-contra-inundaciones","status":"publish","type":"post","link":"https:\/\/armstrongyregion.com.ar\/diario\/reunion-con-el-director-provincial-de-proteccion-urbana-contra-inundaciones\/","title":{"rendered":"Reuni\u00f3n con el Director Provincial de Protecci\u00f3n Urbana contra Inundaciones."},"content":{"rendered":"<p><a href=\"http:\/\/armstrongyregion.com.ar\/diario\/wp-content\/uploads\/2015\/10\/reunion-nota.jpg\"><img loading=\"lazy\" decoding=\"async\" class=\"alignnone size-medium wp-image-4610\" src=\"http:\/\/armstrongyregion.com.ar\/diario\/wp-content\/uploads\/2015\/10\/reunion-nota-300x224.jpg\" alt=\"reunion nota\" width=\"300\" height=\"224\" srcset=\"https:\/\/armstrongyregion.com.ar\/diario\/wp-content\/uploads\/2015\/10\/reunion-nota-300x224.jpg 300w, https:\/\/armstrongyregion.com.ar\/diario\/wp-content\/uploads\/2015\/10\/reunion-nota-1024x765.jpg 1024w, https:\/\/armstrongyregion.com.ar\/diario\/wp-content\/uploads\/2015\/10\/reunion-nota.jpg 1600w\" sizes=\"auto, (max-width: 300px) 100vw, 300px\" \/><\/a>El Intendente Municipal Dr. Pablo Verdecchia junto al Secretario de Obras y Servicios P\u00fablicos Ing. Guillermo Luzzi mantuvieron una importante reuni\u00f3n con el Director Provincial de Protecci\u00f3n Urbana contra Inundaciones Ing. Ra\u00fal Navarro.<br \/>\nAsimismo, y con el objetivo de supervisar, recorrieron lugares de nuestra ciudad en los que ya se han concretado obras de desag\u00fces pluviales como el Camino 15, alteos calle Floresta para atenuar el ingreso del agua y su r\u00e1pido escurrimiento, entre otros.<br \/>\nSeg\u00fan confirmaron las autoridades municipales, solo resta concretar un trabajo muy importante en calle Paraguay y cruce de la ruta N\u00ba 9, proyecto presentado al Gobierno provincial en el a\u00f1o 2011, acompa\u00f1ado por otros trabajos a realizar en los que se incluyen las calles desde Hip\u00f3lito Irigoyen hacia el noreste.<br \/>\nPor este tema, en los \u00faltimos d\u00edas Verdecchia y Luzzi se reunieron con el Ministro de Aguas, Servicios P\u00fablicos y Medio Ambiente de Santa Fe Arq. Antonio Ciancio para entregarle en mano otro petitorio para que se otorgue al municipio local los fondos necesarios para dicha obra y que la misma se concrete lo antes posible.<\/p>\n","protected":false},"excerpt":{"rendered":"<p>El Intendente Municipal Dr. Pablo Verdecchia junto al Secretario de Obras y Servicios P\u00fablicos Ing. Guillermo Luzzi mantuvieron una importante reuni\u00f3n con el Director Provincial de Protecci\u00f3n Urbana contra Inundaciones Ing. Ra\u00fal Navarro. Asimismo, y con el objetivo de supervisar, recorrieron lugares de nuestra ciudad en los que ya se han concretado obras de desag\u00fces <a href=\"https:\/\/armstrongyregion.com.ar\/diario\/reunion-con-el-director-provincial-de-proteccion-urbana-contra-inundaciones\/\" title=\"Read more\" >&#8230;<\/a><\/p>\n","protected":false},"author":2,"featured_media":4610,"comment_status":"open","ping_status":"open","sticky":false,"template":"","format":"standard","meta":{"_jetpack_memberships_contains_paid_content":false,"footnotes":"","jetpack_publicize_message":"","jetpack_publicize_feature_enabled":true,"jetpack_social_post_already_shared":false,"jetpack_social_options":{"image_generator_settings":{"template":"highway","default_image_id":0,"enabled":false},"version":2}},"categories":[1,2,3],"tags":[100,1161,19,52,16,1852,2976,928,462,2977],"class_list":["post-4609","post","type-post","status-publish","format-standard","has-post-thumbnail","hentry","category-diario-armstrong","category-locales","category-region","tag-con","tag-contra","tag-de","tag-director","tag-el","tag-inundaciones","tag-proteccion","tag-provincial","tag-reunion","tag-urbana"],"jetpack_publicize_connections":[],"jetpack_featured_media_url":"https:\/\/armstrongyregion.com.ar\/diario\/wp-content\/uploads\/2015\/10\/reunion-nota.jpg","jetpack_shortlink":"https:\/\/wp.me\/p62QDO-1cl","jetpack_sharing_enabled":true,"amp_enabled":true,"_links":{"self":[{"href":"https:\/\/armstrongyregion.com.ar\/diario\/wp-json\/wp\/v2\/posts\/4609","targetHints":{"allow":["GET"]}}],"collection":[{"href":"https:\/\/armstrongyregion.com.ar\/diario\/wp-json\/wp\/v2\/posts"}],"about":[{"href":"https:\/\/armstrongyregion.com.ar\/diario\/wp-json\/wp\/v2\/types\/post"}],"author":[{"embeddable":true,"href":"https:\/\/armstrongyregion.com.ar\/diario\/wp-json\/wp\/v2\/users\/2"}],"replies":[{"embeddable":true,"href":"https:\/\/armstrongyregion.com.ar\/diario\/wp-json\/wp\/v2\/comments?post=4609"}],"version-history":[{"count":0,"href":"https:\/\/armstrongyregion.com.ar\/diario\/wp-json\/wp\/v2\/posts\/4609\/revisions"}],"wp:featuredmedia":[{"embeddable":true,"href":"https:\/\/armstrongyregion.com.ar\/diario\/wp-json\/wp\/v2\/media\/4610"}],"wp:attachment":[{"href":"https:\/\/armstrongyregion.com.ar\/diario\/wp-json\/wp\/v2\/media?parent=4609"}],"wp:term":[{"taxonomy":"category","embeddable":true,"href":"https:\/\/armstrongyregion.com.ar\/diario\/wp-json\/wp\/v2\/categories?post=4609"},{"taxonomy":"post_tag","embeddable":true,"href":"https:\/\/armstrongyregion.com.ar\/diario\/wp-json\/wp\/v2\/tags?post=4609"}],"curies":[{"name":"wp","href":"https:\/\/api.w.org\/{rel}","templated":true}]}}