{"id":46089,"date":"2025-04-30T02:12:58","date_gmt":"2025-04-30T02:12:58","guid":{"rendered":"https:\/\/armstrongyregion.com.ar\/diario\/?p=46089"},"modified":"2025-04-30T02:13:00","modified_gmt":"2025-04-30T02:13:00","slug":"inscripciones-abiertas-para-el-medio-maraton-delfo-cabrera-2025","status":"publish","type":"post","link":"https:\/\/armstrongyregion.com.ar\/diario\/inscripciones-abiertas-para-el-medio-maraton-delfo-cabrera-2025\/","title":{"rendered":"Inscripciones abiertas para el medio Marat\u00f3n Delfo Cabrera 2025."},"content":{"rendered":"\n<figure class=\"wp-block-image size-large\"><img loading=\"lazy\" decoding=\"async\" width=\"382\" height=\"480\" src=\"http:\/\/armstrongyregion.com.ar\/diario\/wp-content\/uploads\/2025\/04\/MARATON-DELFO-CABRERA2025-382x480.jpg\" alt=\"\" class=\"wp-image-46090\" srcset=\"https:\/\/armstrongyregion.com.ar\/diario\/wp-content\/uploads\/2025\/04\/MARATON-DELFO-CABRERA2025-382x480.jpg 382w, https:\/\/armstrongyregion.com.ar\/diario\/wp-content\/uploads\/2025\/04\/MARATON-DELFO-CABRERA2025-239x300.jpg 239w, https:\/\/armstrongyregion.com.ar\/diario\/wp-content\/uploads\/2025\/04\/MARATON-DELFO-CABRERA2025.jpg 636w\" sizes=\"auto, (max-width: 382px) 100vw, 382px\" \/><\/figure>\n\n\n\n<p>La Municipalidad de Armstrong informa que est\u00e1n abiertas las inscripciones para participar<br>de la edici\u00f3n N\u00b0 21 del medio Marat\u00f3n Delfo Cabrera, que se realizar\u00e1 el domingo 3 de<br>agosto de 2025, con largada a las 9 hs. desde Plaza Flotron.<br>Las inscripciones para las distancias de 10K y 21K, se realizan a trav\u00e9s de<br>www.eventick.com.ar.<br>Las inscripciones para los 6 K., circuito integrativo, se realizar\u00e1n a trav\u00e9s del siguiente<br>formulario: https:\/\/forms.gle\/Y6cywxUNvZ51CTs8A.<br>Para informes y\/o consultas, enviar mensaje a los WhatsApp 3471 341769 \/ 3471 680127.<br>En Facebook: Marat\u00f3n Delfo Cabrera Armstrong, y en Instagram: Marat\u00f3n Delfo Cabrera.<\/p>\n","protected":false},"excerpt":{"rendered":"<p>Inscripciones abiertas para el medio Marat\u00f3n Delfo Cabrera 2025.<\/p>\n","protected":false},"author":1,"featured_media":46090,"comment_status":"open","ping_status":"open","sticky":false,"template":"","format":"image","meta":{"_jetpack_memberships_contains_paid_content":false,"footnotes":"","jetpack_publicize_message":"","jetpack_publicize_feature_enabled":true,"jetpack_social_post_already_shared":true,"jetpack_social_options":{"image_generator_settings":{"template":"highway","default_image_id":0,"enabled":false},"version":2}},"categories":[6,8,1,2,7],"tags":[10981,433,2384,10859,1454,81],"class_list":["post-46089","post","type-post","status-publish","format-image","has-post-thumbnail","hentry","category-cultura-entretenimiento","category-deliberando","category-diario-armstrong","category-locales","category-politica","tag-10981","tag-abierta","tag-inscripciones","tag-maraton-delfo-cabrera","tag-medio","tag-para","post_format-post-format-image"],"jetpack_publicize_connections":[],"jetpack_featured_media_url":"https:\/\/armstrongyregion.com.ar\/diario\/wp-content\/uploads\/2025\/04\/MARATON-DELFO-CABRERA2025.jpg","jetpack_shortlink":"https:\/\/wp.me\/p62QDO-bZn","jetpack_sharing_enabled":true,"amp_enabled":true,"_links":{"self":[{"href":"https:\/\/armstrongyregion.com.ar\/diario\/wp-json\/wp\/v2\/posts\/46089","targetHints":{"allow":["GET"]}}],"collection":[{"href":"https:\/\/armstrongyregion.com.ar\/diario\/wp-json\/wp\/v2\/posts"}],"about":[{"href":"https:\/\/armstrongyregion.com.ar\/diario\/wp-json\/wp\/v2\/types\/post"}],"author":[{"embeddable":true,"href":"https:\/\/armstrongyregion.com.ar\/diario\/wp-json\/wp\/v2\/users\/1"}],"replies":[{"embeddable":true,"href":"https:\/\/armstrongyregion.com.ar\/diario\/wp-json\/wp\/v2\/comments?post=46089"}],"version-history":[{"count":1,"href":"https:\/\/armstrongyregion.com.ar\/diario\/wp-json\/wp\/v2\/posts\/46089\/revisions"}],"predecessor-version":[{"id":46091,"href":"https:\/\/armstrongyregion.com.ar\/diario\/wp-json\/wp\/v2\/posts\/46089\/revisions\/46091"}],"wp:featuredmedia":[{"embeddable":true,"href":"https:\/\/armstrongyregion.com.ar\/diario\/wp-json\/wp\/v2\/media\/46090"}],"wp:attachment":[{"href":"https:\/\/armstrongyregion.com.ar\/diario\/wp-json\/wp\/v2\/media?parent=46089"}],"wp:term":[{"taxonomy":"category","embeddable":true,"href":"https:\/\/armstrongyregion.com.ar\/diario\/wp-json\/wp\/v2\/categories?post=46089"},{"taxonomy":"post_tag","embeddable":true,"href":"https:\/\/armstrongyregion.com.ar\/diario\/wp-json\/wp\/v2\/tags?post=46089"}],"curies":[{"name":"wp","href":"https:\/\/api.w.org\/{rel}","templated":true}]}}