{"id":46080,"date":"2025-04-30T02:10:37","date_gmt":"2025-04-30T02:10:37","guid":{"rendered":"https:\/\/armstrongyregion.com.ar\/diario\/?p=46080"},"modified":"2025-04-30T02:10:39","modified_gmt":"2025-04-30T02:10:39","slug":"con-gran-exito-finalizo-la-1-edicion-de-cortos-72-hs-armstrong","status":"publish","type":"post","link":"https:\/\/armstrongyregion.com.ar\/diario\/con-gran-exito-finalizo-la-1-edicion-de-cortos-72-hs-armstrong\/","title":{"rendered":"Con gran \u00e9xito finaliz\u00f3 la 1\u00b0 edici\u00f3n de Cortos 72 hs Armstrong."},"content":{"rendered":"\n<figure class=\"wp-block-image size-full\"><img loading=\"lazy\" decoding=\"async\" width=\"482\" height=\"361\" src=\"http:\/\/armstrongyregion.com.ar\/diario\/wp-content\/uploads\/2025\/04\/cortos-1.jpg\" alt=\"\" class=\"wp-image-46081\" srcset=\"https:\/\/armstrongyregion.com.ar\/diario\/wp-content\/uploads\/2025\/04\/cortos-1.jpg 482w, https:\/\/armstrongyregion.com.ar\/diario\/wp-content\/uploads\/2025\/04\/cortos-1-300x225.jpg 300w\" sizes=\"auto, (max-width: 482px) 100vw, 482px\" \/><\/figure>\n\n\n\n<p>Desde la primera reuni\u00f3n entre las autoridades escolares y municipales, el compromiso fue llevar a<br>cabo esta propuesta donde uno de los objetivos principales fue la integraci\u00f3n de los alumnos.<br>Cada uno de los tres grupos participantes estuvo conformado por 20 estudiantes elegidos por sorteo<br>del nivel medio de las escuelas N\u00b0 33, N\u00b0 51 y N\u00b0 291.<\/p>\n\n\n\n<figure class=\"wp-block-image size-full\"><img loading=\"lazy\" decoding=\"async\" width=\"465\" height=\"349\" src=\"http:\/\/armstrongyregion.com.ar\/diario\/wp-content\/uploads\/2025\/04\/cortos-2-.jpg\" alt=\"\" class=\"wp-image-46082\" srcset=\"https:\/\/armstrongyregion.com.ar\/diario\/wp-content\/uploads\/2025\/04\/cortos-2-.jpg 465w, https:\/\/armstrongyregion.com.ar\/diario\/wp-content\/uploads\/2025\/04\/cortos-2--300x225.jpg 300w\" sizes=\"auto, (max-width: 465px) 100vw, 465px\" \/><\/figure>\n\n\n\n<p><br>Una vez m\u00e1s se resalta el trabajo en equipo entre la Escuela N\u00b0 33, la Municipalidad de Armstrong y<br>el staff de Cortos 72 hs. el cual fue muy fluido y desde donde, fundamentalmente, se busc\u00f3 crear y<br>generar un espacio para los alumnos, quienes recibieron la propuesta con gran expectativa<br>plasmando sus vivencias e ideas que fueron expuestas en dos funciones de cine, a sala llena.<\/p>\n\n\n\n<figure class=\"wp-block-image size-large\"><img loading=\"lazy\" decoding=\"async\" width=\"640\" height=\"427\" src=\"http:\/\/armstrongyregion.com.ar\/diario\/wp-content\/uploads\/2025\/04\/CORTOS-4--640x427.jpg\" alt=\"\" class=\"wp-image-46083\" srcset=\"https:\/\/armstrongyregion.com.ar\/diario\/wp-content\/uploads\/2025\/04\/CORTOS-4--640x427.jpg 640w, https:\/\/armstrongyregion.com.ar\/diario\/wp-content\/uploads\/2025\/04\/CORTOS-4--300x200.jpg 300w, https:\/\/armstrongyregion.com.ar\/diario\/wp-content\/uploads\/2025\/04\/CORTOS-4-.jpg 688w\" sizes=\"auto, (max-width: 640px) 100vw, 640px\" \/><\/figure>\n\n\n\n<p><br>Luego de lo que puedo verse el domingo 27 de abril en la pantalla de la sala Iris Marga, la secretaria<br>de Educaci\u00f3n y Desarrollo Integral Rosana Siri manifest\u00f3 que \u201cfue una satisfacci\u00f3n enorme ya que se<br>pudo observar c\u00f3mo se apropiaron de Cortos 72 hs, con la responsabilidad que trabajaron, el<br>cuidado de cada etapa desde guiones hasta el final. Nuestras felicitaciones para los alumnos de las<br>tres escuelas de nuestra ciudad\u201d.<\/p>\n\n\n\n<figure class=\"wp-block-image size-large\"><img loading=\"lazy\" decoding=\"async\" width=\"640\" height=\"427\" src=\"http:\/\/armstrongyregion.com.ar\/diario\/wp-content\/uploads\/2025\/04\/CORTOS-4-1-1-640x427.jpg\" alt=\"\" class=\"wp-image-46084\" srcset=\"https:\/\/armstrongyregion.com.ar\/diario\/wp-content\/uploads\/2025\/04\/CORTOS-4-1-1-640x427.jpg 640w, https:\/\/armstrongyregion.com.ar\/diario\/wp-content\/uploads\/2025\/04\/CORTOS-4-1-1-300x200.jpg 300w, https:\/\/armstrongyregion.com.ar\/diario\/wp-content\/uploads\/2025\/04\/CORTOS-4-1-1.jpg 688w\" sizes=\"auto, (max-width: 640px) 100vw, 640px\" \/><\/figure>\n\n\n\n<figure class=\"wp-block-image size-large\"><img loading=\"lazy\" decoding=\"async\" width=\"640\" height=\"426\" src=\"http:\/\/armstrongyregion.com.ar\/diario\/wp-content\/uploads\/2025\/04\/CORTOS-5--640x426.jpg\" alt=\"\" class=\"wp-image-46085\" srcset=\"https:\/\/armstrongyregion.com.ar\/diario\/wp-content\/uploads\/2025\/04\/CORTOS-5--640x426.jpg 640w, https:\/\/armstrongyregion.com.ar\/diario\/wp-content\/uploads\/2025\/04\/CORTOS-5--300x200.jpg 300w, https:\/\/armstrongyregion.com.ar\/diario\/wp-content\/uploads\/2025\/04\/CORTOS-5-.jpg 728w\" sizes=\"auto, (max-width: 640px) 100vw, 640px\" \/><\/figure>\n\n\n\n<p><br>Con respecto al resultado de esta experiencia, la funcionaria lo calific\u00f3 como altamente positivo e<br>inform\u00f3 que la Escuela N\u00b0 33 es la primera escuela p\u00fablica que lo realiza. \u201cDesde nuestra gesti\u00f3n<br>est\u00e1 siempre el apoyo a las escuelas, a la educaci\u00f3n y sobre todo la educaci\u00f3n p\u00fablica\u201d, dijo.<\/p>\n\n\n\n<figure class=\"wp-block-image size-large is-resized\"><img loading=\"lazy\" decoding=\"async\" width=\"640\" height=\"427\" src=\"http:\/\/armstrongyregion.com.ar\/diario\/wp-content\/uploads\/2025\/04\/CORTOS-6-B-640x427.jpg\" alt=\"\" class=\"wp-image-46086\" style=\"width:840px;height:auto\" srcset=\"https:\/\/armstrongyregion.com.ar\/diario\/wp-content\/uploads\/2025\/04\/CORTOS-6-B-640x427.jpg 640w, https:\/\/armstrongyregion.com.ar\/diario\/wp-content\/uploads\/2025\/04\/CORTOS-6-B-300x200.jpg 300w, https:\/\/armstrongyregion.com.ar\/diario\/wp-content\/uploads\/2025\/04\/CORTOS-6-B.jpg 741w\" sizes=\"auto, (max-width: 640px) 100vw, 640px\" \/><\/figure>\n\n\n\n<figure class=\"wp-block-image size-large\"><img loading=\"lazy\" decoding=\"async\" width=\"640\" height=\"427\" src=\"http:\/\/armstrongyregion.com.ar\/diario\/wp-content\/uploads\/2025\/04\/CORTOS-6--640x427.jpg\" alt=\"\" class=\"wp-image-46087\" srcset=\"https:\/\/armstrongyregion.com.ar\/diario\/wp-content\/uploads\/2025\/04\/CORTOS-6--640x427.jpg 640w, https:\/\/armstrongyregion.com.ar\/diario\/wp-content\/uploads\/2025\/04\/CORTOS-6--300x200.jpg 300w, https:\/\/armstrongyregion.com.ar\/diario\/wp-content\/uploads\/2025\/04\/CORTOS-6-.jpg 711w\" sizes=\"auto, (max-width: 640px) 100vw, 640px\" \/><\/figure>\n","protected":false},"excerpt":{"rendered":"<p>Con gran \u00e9xito finaliz\u00f3 la 1\u00b0 edici\u00f3n de Cortos 72 hs Armstrong.<\/p>\n","protected":false},"author":1,"featured_media":46082,"comment_status":"open","ping_status":"open","sticky":false,"template":"","format":"image","meta":{"_jetpack_memberships_contains_paid_content":false,"footnotes":"","jetpack_publicize_message":"","jetpack_publicize_feature_enabled":true,"jetpack_social_post_already_shared":true,"jetpack_social_options":{"image_generator_settings":{"template":"highway","default_image_id":0,"enabled":false},"version":2}},"categories":[8,1,2,7,3],"tags":[11676,11674,20,3067,5030,11675,8777],"class_list":["post-46080","post","type-post","status-publish","format-image","has-post-thumbnail","hentry","category-deliberando","category-diario-armstrong","category-locales","category-politica","category-region","tag-1ra-edicion","tag-72-horas","tag-armstrong","tag-cortos","tag-diario-armstrong","tag-exito-3","tag-lic-graciela-de-la-casa","post_format-post-format-image"],"jetpack_publicize_connections":[],"jetpack_featured_media_url":"https:\/\/armstrongyregion.com.ar\/diario\/wp-content\/uploads\/2025\/04\/cortos-2-.jpg","jetpack_shortlink":"https:\/\/wp.me\/p62QDO-bZe","jetpack_sharing_enabled":true,"amp_enabled":true,"_links":{"self":[{"href":"https:\/\/armstrongyregion.com.ar\/diario\/wp-json\/wp\/v2\/posts\/46080","targetHints":{"allow":["GET"]}}],"collection":[{"href":"https:\/\/armstrongyregion.com.ar\/diario\/wp-json\/wp\/v2\/posts"}],"about":[{"href":"https:\/\/armstrongyregion.com.ar\/diario\/wp-json\/wp\/v2\/types\/post"}],"author":[{"embeddable":true,"href":"https:\/\/armstrongyregion.com.ar\/diario\/wp-json\/wp\/v2\/users\/1"}],"replies":[{"embeddable":true,"href":"https:\/\/armstrongyregion.com.ar\/diario\/wp-json\/wp\/v2\/comments?post=46080"}],"version-history":[{"count":1,"href":"https:\/\/armstrongyregion.com.ar\/diario\/wp-json\/wp\/v2\/posts\/46080\/revisions"}],"predecessor-version":[{"id":46088,"href":"https:\/\/armstrongyregion.com.ar\/diario\/wp-json\/wp\/v2\/posts\/46080\/revisions\/46088"}],"wp:featuredmedia":[{"embeddable":true,"href":"https:\/\/armstrongyregion.com.ar\/diario\/wp-json\/wp\/v2\/media\/46082"}],"wp:attachment":[{"href":"https:\/\/armstrongyregion.com.ar\/diario\/wp-json\/wp\/v2\/media?parent=46080"}],"wp:term":[{"taxonomy":"category","embeddable":true,"href":"https:\/\/armstrongyregion.com.ar\/diario\/wp-json\/wp\/v2\/categories?post=46080"},{"taxonomy":"post_tag","embeddable":true,"href":"https:\/\/armstrongyregion.com.ar\/diario\/wp-json\/wp\/v2\/tags?post=46080"}],"curies":[{"name":"wp","href":"https:\/\/api.w.org\/{rel}","templated":true}]}}