{"id":46074,"date":"2025-04-29T16:22:41","date_gmt":"2025-04-29T16:22:41","guid":{"rendered":"https:\/\/armstrongyregion.com.ar\/diario\/?p=46074"},"modified":"2025-04-29T16:22:43","modified_gmt":"2025-04-29T16:22:43","slug":"armstrong-dia-de-la-tierra-con-jornada-de-canje","status":"publish","type":"post","link":"https:\/\/armstrongyregion.com.ar\/diario\/armstrong-dia-de-la-tierra-con-jornada-de-canje\/","title":{"rendered":"Armstrong. D\u00eda de la Tierra con jornada de canje."},"content":{"rendered":"\n<figure class=\"wp-block-image size-large\"><img loading=\"lazy\" decoding=\"async\" width=\"640\" height=\"427\" src=\"http:\/\/armstrongyregion.com.ar\/diario\/wp-content\/uploads\/2025\/04\/RECOLECCION-2--640x427.jpg\" alt=\"\" class=\"wp-image-46075\" srcset=\"https:\/\/armstrongyregion.com.ar\/diario\/wp-content\/uploads\/2025\/04\/RECOLECCION-2--640x427.jpg 640w, https:\/\/armstrongyregion.com.ar\/diario\/wp-content\/uploads\/2025\/04\/RECOLECCION-2--300x200.jpg 300w, https:\/\/armstrongyregion.com.ar\/diario\/wp-content\/uploads\/2025\/04\/RECOLECCION-2-.jpg 660w\" sizes=\"auto, (max-width: 640px) 100vw, 640px\" \/><\/figure>\n\n\n\n<p>El resultado de la \u00faltima jornada de canje propuesta por la Municipalidad de Armstrong y realizada<br>en conmemoraci\u00f3n al D\u00eda de la Tierra el 22 de abril y en el marco del programa \u201cYo Me<br>Comprometo\u201d, fue muy satisfactoria.<\/p>\n\n\n\n<figure class=\"wp-block-image size-large\"><img loading=\"lazy\" decoding=\"async\" width=\"640\" height=\"427\" src=\"http:\/\/armstrongyregion.com.ar\/diario\/wp-content\/uploads\/2025\/04\/RECOLECCION-1--640x427.jpg\" alt=\"\" class=\"wp-image-46076\" srcset=\"https:\/\/armstrongyregion.com.ar\/diario\/wp-content\/uploads\/2025\/04\/RECOLECCION-1--640x427.jpg 640w, https:\/\/armstrongyregion.com.ar\/diario\/wp-content\/uploads\/2025\/04\/RECOLECCION-1--300x200.jpg 300w, https:\/\/armstrongyregion.com.ar\/diario\/wp-content\/uploads\/2025\/04\/RECOLECCION-1-.jpg 735w\" sizes=\"auto, (max-width: 640px) 100vw, 640px\" \/><\/figure>\n\n\n\n<p><br>Como ya es costumbre, los vecinos se acercaron a la plazoleta Santa Rita llevando sus residuos secos<br>aptos para reciclado: cart\u00f3n, pl\u00e1sticos de todo tipo, residuos electr\u00f3nicos, botellas y envases de<br>vidrio, latas de aluminio, de conserva, entre otros, y recibieron como canje bolsas de compost (tierra<br>de hojas), y plantines de especies arom\u00e1ticas.<\/p>\n\n\n\n<figure class=\"wp-block-image size-large\"><img loading=\"lazy\" decoding=\"async\" width=\"640\" height=\"427\" src=\"http:\/\/armstrongyregion.com.ar\/diario\/wp-content\/uploads\/2025\/04\/RECOLECCION-3--640x427.jpg\" alt=\"\" class=\"wp-image-46077\" srcset=\"https:\/\/armstrongyregion.com.ar\/diario\/wp-content\/uploads\/2025\/04\/RECOLECCION-3--640x427.jpg 640w, https:\/\/armstrongyregion.com.ar\/diario\/wp-content\/uploads\/2025\/04\/RECOLECCION-3--300x200.jpg 300w, https:\/\/armstrongyregion.com.ar\/diario\/wp-content\/uploads\/2025\/04\/RECOLECCION-3-.jpg 715w\" sizes=\"auto, (max-width: 640px) 100vw, 640px\" \/><\/figure>\n\n\n\n<p><br>Durante dicha jornada se estima una recolecci\u00f3n de una tonelada de material reciclable, es decir que<br>evitamos que esta cantidad de residuos termine en los basurales a cielo abierto, obteniendo as\u00ed<br>m\u00faltiples beneficios tanto ambientales como econ\u00f3micos y sociales, reduce la contaminaci\u00f3n<br>conserva recursos naturales, disminuye la emisi\u00f3n de gases de efecto invernadero y contribuye a la<br>econom\u00eda circular.<\/p>\n\n\n\n<figure class=\"wp-block-image size-large\"><img loading=\"lazy\" decoding=\"async\" width=\"640\" height=\"427\" src=\"http:\/\/armstrongyregion.com.ar\/diario\/wp-content\/uploads\/2025\/04\/RECOLECCION-4--640x427.jpg\" alt=\"\" class=\"wp-image-46078\" srcset=\"https:\/\/armstrongyregion.com.ar\/diario\/wp-content\/uploads\/2025\/04\/RECOLECCION-4--640x427.jpg 640w, https:\/\/armstrongyregion.com.ar\/diario\/wp-content\/uploads\/2025\/04\/RECOLECCION-4--300x200.jpg 300w, https:\/\/armstrongyregion.com.ar\/diario\/wp-content\/uploads\/2025\/04\/RECOLECCION-4-.jpg 661w\" sizes=\"auto, (max-width: 640px) 100vw, 640px\" \/><\/figure>\n\n\n\n<p><br>Cada vez m\u00e1s somos los armstronenses que adquirimos h\u00e1bitos en cuanto a educaci\u00f3n ambiental.<br>Esta afirmaci\u00f3n se ve reflejada en la cantidad de residuos que puede observarse en los contenedores<br>para diferentes materiales reciclables que est\u00e1n distribuidos en toda la ciudad, y los que llevan<br>directamente a la planta ubicada sobre la Ruta N\u00b0 15.<\/p>\n","protected":false},"excerpt":{"rendered":"<p>Armstrong. D\u00eda de la Tierra con jornada de canje.<\/p>\n","protected":false},"author":1,"featured_media":46075,"comment_status":"open","ping_status":"open","sticky":false,"template":"","format":"image","meta":{"_jetpack_memberships_contains_paid_content":false,"footnotes":"","jetpack_publicize_message":"","jetpack_publicize_feature_enabled":true,"jetpack_social_post_already_shared":true,"jetpack_social_options":{"image_generator_settings":{"template":"highway","default_image_id":0,"enabled":false},"version":2}},"categories":[6,8,1,2,7,3],"tags":[20,9722,19,8609,5030,1291,31,8777,1763],"class_list":["post-46074","post","type-post","status-publish","format-image","has-post-thumbnail","hentry","category-cultura-entretenimiento","category-deliberando","category-diario-armstrong","category-locales","category-politica","category-region","tag-armstrong","tag-canje","tag-de","tag-dia-2","tag-diario-armstrong","tag-jornada","tag-la","tag-lic-graciela-de-la-casa","tag-tierra","post_format-post-format-image"],"jetpack_publicize_connections":[],"jetpack_featured_media_url":"https:\/\/armstrongyregion.com.ar\/diario\/wp-content\/uploads\/2025\/04\/RECOLECCION-2-.jpg","jetpack_shortlink":"https:\/\/wp.me\/p62QDO-bZ8","jetpack_sharing_enabled":true,"amp_enabled":true,"_links":{"self":[{"href":"https:\/\/armstrongyregion.com.ar\/diario\/wp-json\/wp\/v2\/posts\/46074","targetHints":{"allow":["GET"]}}],"collection":[{"href":"https:\/\/armstrongyregion.com.ar\/diario\/wp-json\/wp\/v2\/posts"}],"about":[{"href":"https:\/\/armstrongyregion.com.ar\/diario\/wp-json\/wp\/v2\/types\/post"}],"author":[{"embeddable":true,"href":"https:\/\/armstrongyregion.com.ar\/diario\/wp-json\/wp\/v2\/users\/1"}],"replies":[{"embeddable":true,"href":"https:\/\/armstrongyregion.com.ar\/diario\/wp-json\/wp\/v2\/comments?post=46074"}],"version-history":[{"count":1,"href":"https:\/\/armstrongyregion.com.ar\/diario\/wp-json\/wp\/v2\/posts\/46074\/revisions"}],"predecessor-version":[{"id":46079,"href":"https:\/\/armstrongyregion.com.ar\/diario\/wp-json\/wp\/v2\/posts\/46074\/revisions\/46079"}],"wp:featuredmedia":[{"embeddable":true,"href":"https:\/\/armstrongyregion.com.ar\/diario\/wp-json\/wp\/v2\/media\/46075"}],"wp:attachment":[{"href":"https:\/\/armstrongyregion.com.ar\/diario\/wp-json\/wp\/v2\/media?parent=46074"}],"wp:term":[{"taxonomy":"category","embeddable":true,"href":"https:\/\/armstrongyregion.com.ar\/diario\/wp-json\/wp\/v2\/categories?post=46074"},{"taxonomy":"post_tag","embeddable":true,"href":"https:\/\/armstrongyregion.com.ar\/diario\/wp-json\/wp\/v2\/tags?post=46074"}],"curies":[{"name":"wp","href":"https:\/\/api.w.org\/{rel}","templated":true}]}}