{"id":46071,"date":"2025-04-29T16:18:17","date_gmt":"2025-04-29T16:18:17","guid":{"rendered":"https:\/\/armstrongyregion.com.ar\/diario\/?p=46071"},"modified":"2025-04-29T16:18:19","modified_gmt":"2025-04-29T16:18:19","slug":"a-43-anos-del-hundimiento-del-ara-gral-belgrano","status":"publish","type":"post","link":"https:\/\/armstrongyregion.com.ar\/diario\/a-43-anos-del-hundimiento-del-ara-gral-belgrano\/","title":{"rendered":"A 43 a\u00f1os del hundimiento del ARA Gral. Belgrano."},"content":{"rendered":"\n<figure class=\"wp-block-image size-large\"><img loading=\"lazy\" decoding=\"async\" width=\"382\" height=\"480\" src=\"http:\/\/armstrongyregion.com.ar\/diario\/wp-content\/uploads\/2025\/04\/SOBREVIVIR-ARA-1--382x480.jpg\" alt=\"\" class=\"wp-image-46072\" srcset=\"https:\/\/armstrongyregion.com.ar\/diario\/wp-content\/uploads\/2025\/04\/SOBREVIVIR-ARA-1--382x480.jpg 382w, https:\/\/armstrongyregion.com.ar\/diario\/wp-content\/uploads\/2025\/04\/SOBREVIVIR-ARA-1--239x300.jpg 239w, https:\/\/armstrongyregion.com.ar\/diario\/wp-content\/uploads\/2025\/04\/SOBREVIVIR-ARA-1-.jpg 509w\" sizes=\"auto, (max-width: 382px) 100vw, 382px\" \/><\/figure>\n\n\n\n<p>En conmemoraci\u00f3n al aniversario 43 del hundimiento del ARA Gral Belgrano en la guerra de<br>Malvinas, Municipalidad de Armstrong junto a las Escuelas N\u00b0 262 \u201cDomingo F. Sarmiento\u201d y N\u00b0 291<br>\u201cTte. Cnel. Fray Luis Beltr\u00e1n\u201d, realizar\u00e1n una actividad especial el mi\u00e9rcoles 30 de abril, 9 hs. en el<br>sum de la Escuela T\u00e9cnica que lleva el nombre \u201cClaudio Giaretti\u201d.<br>Participar\u00e1n familiares de nuestro H\u00e9roe Nacional y alumno de ambas escuelas Claudio Giaretti, ex<br>combatientes, familiares de ex combatientes, autoridades, alumnos de todas las escuelas, y se podr\u00e1<br>escuchar el testimonio de los Veteranos de Malvinas: Luis Giorgi y Sergio Cambronera, este \u00faltimo,<br>tripulante del Belgrano.<\/p>\n","protected":false},"excerpt":{"rendered":"<p>A 43 a\u00f1os del hundimiento del ARA Gral. Belgrano.<\/p>\n","protected":false},"author":1,"featured_media":46072,"comment_status":"open","ping_status":"open","sticky":false,"template":"","format":"image","meta":{"_jetpack_memberships_contains_paid_content":false,"footnotes":"","jetpack_publicize_message":"","jetpack_publicize_feature_enabled":true,"jetpack_social_post_already_shared":true,"jetpack_social_options":{"image_generator_settings":{"template":"highway","default_image_id":0,"enabled":false},"version":2}},"categories":[6,8,1,2,7,3],"tags":[11602,11673,5030,9296,8777],"class_list":["post-46071","post","type-post","status-publish","format-image","has-post-thumbnail","hentry","category-cultura-entretenimiento","category-deliberando","category-diario-armstrong","category-locales","category-politica","category-region","tag-43-anos","tag-ara-gral-belgrano-2","tag-diario-armstrong","tag-hundimiento","tag-lic-graciela-de-la-casa","post_format-post-format-image"],"jetpack_publicize_connections":[],"jetpack_featured_media_url":"https:\/\/armstrongyregion.com.ar\/diario\/wp-content\/uploads\/2025\/04\/SOBREVIVIR-ARA-1-.jpg","jetpack_shortlink":"https:\/\/wp.me\/p62QDO-bZ5","jetpack_sharing_enabled":true,"amp_enabled":true,"_links":{"self":[{"href":"https:\/\/armstrongyregion.com.ar\/diario\/wp-json\/wp\/v2\/posts\/46071","targetHints":{"allow":["GET"]}}],"collection":[{"href":"https:\/\/armstrongyregion.com.ar\/diario\/wp-json\/wp\/v2\/posts"}],"about":[{"href":"https:\/\/armstrongyregion.com.ar\/diario\/wp-json\/wp\/v2\/types\/post"}],"author":[{"embeddable":true,"href":"https:\/\/armstrongyregion.com.ar\/diario\/wp-json\/wp\/v2\/users\/1"}],"replies":[{"embeddable":true,"href":"https:\/\/armstrongyregion.com.ar\/diario\/wp-json\/wp\/v2\/comments?post=46071"}],"version-history":[{"count":1,"href":"https:\/\/armstrongyregion.com.ar\/diario\/wp-json\/wp\/v2\/posts\/46071\/revisions"}],"predecessor-version":[{"id":46073,"href":"https:\/\/armstrongyregion.com.ar\/diario\/wp-json\/wp\/v2\/posts\/46071\/revisions\/46073"}],"wp:featuredmedia":[{"embeddable":true,"href":"https:\/\/armstrongyregion.com.ar\/diario\/wp-json\/wp\/v2\/media\/46072"}],"wp:attachment":[{"href":"https:\/\/armstrongyregion.com.ar\/diario\/wp-json\/wp\/v2\/media?parent=46071"}],"wp:term":[{"taxonomy":"category","embeddable":true,"href":"https:\/\/armstrongyregion.com.ar\/diario\/wp-json\/wp\/v2\/categories?post=46071"},{"taxonomy":"post_tag","embeddable":true,"href":"https:\/\/armstrongyregion.com.ar\/diario\/wp-json\/wp\/v2\/tags?post=46071"}],"curies":[{"name":"wp","href":"https:\/\/api.w.org\/{rel}","templated":true}]}}