{"id":46066,"date":"2025-04-29T01:59:42","date_gmt":"2025-04-29T01:59:42","guid":{"rendered":"https:\/\/armstrongyregion.com.ar\/diario\/?p=46066"},"modified":"2025-04-29T01:59:44","modified_gmt":"2025-04-29T01:59:44","slug":"deliberando-te-trae-un-debate-imperdible-sobre-el-futuro-de-armstrong","status":"publish","type":"post","link":"https:\/\/armstrongyregion.com.ar\/diario\/deliberando-te-trae-un-debate-imperdible-sobre-el-futuro-de-armstrong\/","title":{"rendered":"\u00abDeliberando\u00bb te trae un debate imperdible sobre el futuro de Armstrong."},"content":{"rendered":"\n<figure class=\"wp-block-image size-large\"><img loading=\"lazy\" decoding=\"async\" width=\"480\" height=\"480\" src=\"http:\/\/armstrongyregion.com.ar\/diario\/wp-content\/uploads\/2025\/04\/DELIBERANDO-28-4-25-480x480.jpg\" alt=\"\" class=\"wp-image-46067\" srcset=\"https:\/\/armstrongyregion.com.ar\/diario\/wp-content\/uploads\/2025\/04\/DELIBERANDO-28-4-25-480x480.jpg 480w, https:\/\/armstrongyregion.com.ar\/diario\/wp-content\/uploads\/2025\/04\/DELIBERANDO-28-4-25-300x300.jpg 300w, https:\/\/armstrongyregion.com.ar\/diario\/wp-content\/uploads\/2025\/04\/DELIBERANDO-28-4-25-150x150.jpg 150w, https:\/\/armstrongyregion.com.ar\/diario\/wp-content\/uploads\/2025\/04\/DELIBERANDO-28-4-25.jpg 720w\" sizes=\"auto, (max-width: 480px) 100vw, 480px\" \/><\/figure>\n\n\n\n<p>Tres invitados especiales analizar\u00e1n la gesti\u00f3n actual y compartir\u00e1n sus visiones para la ciudad: <\/p>\n\n\n\n<p>\u2022 Jorge Urqu\u00eda (Las Fuerzas del Cielo): Un diagn\u00f3stico profundo de las fortalezas y debilidades de la gesti\u00f3n municipal, y sus razones para aspirar a una banca en el Concejo. <\/p>\n\n\n\n<p>\u2022 Ra\u00fal \u00abPelu\u00bb Lencina, (Armstrong con Fe): Su perspectiva sobre las obras en Armstrong, el accionar del Concejo Deliberante, y sus propuestas para mejorar la ciudad. <\/p>\n\n\n\n<p>\u2022 Facundo Amil (Vecinal Somos Armstrong): Compartir\u00e1 su visi\u00f3n de la pol\u00edtica local, sus proyectos para el Concejo y las \u00e1reas donde considera que la gesti\u00f3n actual debe mejorar. <\/p>\n\n\n\n<p>No te pierdas este programa crucial para el futuro de Armstrong. <\/p>\n\n\n\n<p>\u00abDeliberando\u00bb este martes a las 21 hs. por Cable Imagen Armstrong-<\/p>\n","protected":false},"excerpt":{"rendered":"<p>\u00abDeliberando\u00bb te trae un debate imperdible sobre el futuro de Armstrong.<\/p>\n","protected":false},"author":1,"featured_media":46067,"comment_status":"open","ping_status":"open","sticky":false,"template":"","format":"image","meta":{"_jetpack_memberships_contains_paid_content":false,"footnotes":"","jetpack_publicize_message":"","jetpack_publicize_feature_enabled":true,"jetpack_social_post_already_shared":true,"jetpack_social_options":{"image_generator_settings":{"template":"highway","default_image_id":0,"enabled":false},"version":2}},"categories":[6,8,1,2,7,3],"tags":[20,19,1356,44,2254,11671,8777,9314,118],"class_list":["post-46066","post","type-post","status-publish","format-image","has-post-thumbnail","hentry","category-cultura-entretenimiento","category-deliberando","category-diario-armstrong","category-locales","category-politica","category-region","tag-armstrong","tag-de","tag-debate","tag-deliberando-2","tag-futuro","tag-imperdible","tag-lic-graciela-de-la-casa","tag-oscar-crispino","tag-sobre","post_format-post-format-image"],"jetpack_publicize_connections":[],"jetpack_featured_media_url":"https:\/\/armstrongyregion.com.ar\/diario\/wp-content\/uploads\/2025\/04\/DELIBERANDO-28-4-25.jpg","jetpack_shortlink":"https:\/\/wp.me\/p62QDO-bZ0","jetpack_sharing_enabled":true,"amp_enabled":true,"_links":{"self":[{"href":"https:\/\/armstrongyregion.com.ar\/diario\/wp-json\/wp\/v2\/posts\/46066","targetHints":{"allow":["GET"]}}],"collection":[{"href":"https:\/\/armstrongyregion.com.ar\/diario\/wp-json\/wp\/v2\/posts"}],"about":[{"href":"https:\/\/armstrongyregion.com.ar\/diario\/wp-json\/wp\/v2\/types\/post"}],"author":[{"embeddable":true,"href":"https:\/\/armstrongyregion.com.ar\/diario\/wp-json\/wp\/v2\/users\/1"}],"replies":[{"embeddable":true,"href":"https:\/\/armstrongyregion.com.ar\/diario\/wp-json\/wp\/v2\/comments?post=46066"}],"version-history":[{"count":1,"href":"https:\/\/armstrongyregion.com.ar\/diario\/wp-json\/wp\/v2\/posts\/46066\/revisions"}],"predecessor-version":[{"id":46068,"href":"https:\/\/armstrongyregion.com.ar\/diario\/wp-json\/wp\/v2\/posts\/46066\/revisions\/46068"}],"wp:featuredmedia":[{"embeddable":true,"href":"https:\/\/armstrongyregion.com.ar\/diario\/wp-json\/wp\/v2\/media\/46067"}],"wp:attachment":[{"href":"https:\/\/armstrongyregion.com.ar\/diario\/wp-json\/wp\/v2\/media?parent=46066"}],"wp:term":[{"taxonomy":"category","embeddable":true,"href":"https:\/\/armstrongyregion.com.ar\/diario\/wp-json\/wp\/v2\/categories?post=46066"},{"taxonomy":"post_tag","embeddable":true,"href":"https:\/\/armstrongyregion.com.ar\/diario\/wp-json\/wp\/v2\/tags?post=46066"}],"curies":[{"name":"wp","href":"https:\/\/api.w.org\/{rel}","templated":true}]}}