{"id":46058,"date":"2025-04-28T23:27:31","date_gmt":"2025-04-28T23:27:31","guid":{"rendered":"https:\/\/armstrongyregion.com.ar\/diario\/?p=46058"},"modified":"2025-04-29T00:39:47","modified_gmt":"2025-04-29T00:39:47","slug":"el-senador-pablo-verdecchia-recorrio-las-obras-de-reconstruccion-del-patio-en-la-escuela-n262-de-armstrong-y-anuncio-su-apoyo-incondicional","status":"publish","type":"post","link":"https:\/\/armstrongyregion.com.ar\/diario\/el-senador-pablo-verdecchia-recorrio-las-obras-de-reconstruccion-del-patio-en-la-escuela-n262-de-armstrong-y-anuncio-su-apoyo-incondicional\/","title":{"rendered":"El Senador Pablo Verdecchia recorri\u00f3 las Obras de Reconstrucci\u00f3n del Patio en la Escuela N\u00b0262 de Armstrong y anunci\u00f3 su apoyo incondicional."},"content":{"rendered":"\n<figure class=\"wp-block-image size-large\"><img loading=\"lazy\" decoding=\"async\" width=\"442\" height=\"480\" src=\"http:\/\/armstrongyregion.com.ar\/diario\/wp-content\/uploads\/2025\/04\/PABLO-ESCIELA-262-A-442x480.jpg\" alt=\"\" class=\"wp-image-46059\" srcset=\"https:\/\/armstrongyregion.com.ar\/diario\/wp-content\/uploads\/2025\/04\/PABLO-ESCIELA-262-A-442x480.jpg 442w, https:\/\/armstrongyregion.com.ar\/diario\/wp-content\/uploads\/2025\/04\/PABLO-ESCIELA-262-A-276x300.jpg 276w, https:\/\/armstrongyregion.com.ar\/diario\/wp-content\/uploads\/2025\/04\/PABLO-ESCIELA-262-A.jpg 720w\" sizes=\"auto, (max-width: 442px) 100vw, 442px\" \/><\/figure>\n\n\n\n<p><strong>En una muestra de compromiso con la educaci\u00f3n local, el senador provincial Pablo Verdecchia visit\u00f3 las instalaciones de la emblem\u00e1tica Escuela N\u00b0 262, para constatar los avances de una significativa obra largamente anhelada por la comunidad educativa: la reconstrucci\u00f3n integral de su patio abierto. Durante su exhaustiva recorrida por el predio escolar, el senador no solo expres\u00f3 su profunda satisfacci\u00f3n por la marcha del proyecto, sino que tambi\u00e9n anunci\u00f3 un valioso aporte econ\u00f3mico adicional destinado a complementar los trabajos en curso.<\/strong><\/p>\n\n\n\n<figure class=\"wp-block-image size-large\"><img loading=\"lazy\" decoding=\"async\" width=\"509\" height=\"480\" src=\"http:\/\/armstrongyregion.com.ar\/diario\/wp-content\/uploads\/2025\/04\/PABLO-ESCUELA-262-B-509x480.jpg\" alt=\"\" class=\"wp-image-46060\" srcset=\"https:\/\/armstrongyregion.com.ar\/diario\/wp-content\/uploads\/2025\/04\/PABLO-ESCUELA-262-B-509x480.jpg 509w, https:\/\/armstrongyregion.com.ar\/diario\/wp-content\/uploads\/2025\/04\/PABLO-ESCUELA-262-B-300x283.jpg 300w, https:\/\/armstrongyregion.com.ar\/diario\/wp-content\/uploads\/2025\/04\/PABLO-ESCUELA-262-B.jpg 716w\" sizes=\"auto, (max-width: 509px) 100vw, 509px\" \/><\/figure>\n\n\n\n<p>\u00bb La verdad, estoy muy contento de poder recorrer la Escuela 262&#8243;, fueron las primeras palabras del senador Verdecchia al iniciar su visita, reflejando su inter\u00e9s genuino por las necesidades de la instituci\u00f3n. \u00abFundamentalmente tiene que ver con una obra importante que dicha instituci\u00f3n viene bregando desde hace un tiempo, que es la reconstrucci\u00f3n del patio abierto\u00bb.<\/p>\n\n\n\n<p>Subrayando la trascendencia de esta mejora para el desarrollo integral de los estudiantes, el senador enfatiz\u00f3: <strong>\u00abVenimos a hacer un aporte extra como para poder complementar esos trabajos de una obra tan importante para la educaci\u00f3n, siempre apostando a lo que hacen cada d\u00eda tanto los cooperadores como los directivos\u00bb. Finalmente, extendi\u00f3 su reconocimiento a quienes trabajan incansablemente por la escuela: \u00abA la directora, docentes; familia educativa, padres y a la cooperadora\u00bb.<\/strong><\/p>\n\n\n\n<p>La labor incansable de la cooperadora escolar tambi\u00e9n fue destacada por el senador tras observar el progreso de la misma.<strong> \u00abTambi\u00e9n desde la cooperadora nos est\u00e1n presentando algunos nuevos proyectos\u00bb, se\u00f1al\u00f3, resaltando el esp\u00edritu proactivo de la instituci\u00f3n en la b\u00fasqueda constante de mejoras. <\/strong><\/p>\n\n\n\n<p>La directora de la Escuela N\u00b0 262, Susana Duranti, comparti\u00f3 su perspectiva sobre el avance de la obra y el sentir de la comunidad educativa. <strong>\u00abEstuve hablando con los alba\u00f1iles y a pesar de las inclemencias clim\u00e1ticas tienen intenci\u00f3n de hacerlo lo m\u00e1s r\u00e1pido posible\u00bb, coment\u00f3, transmitiendo un optimismo cauto. \u00abAs\u00ed que estamos a la expectativa de que se pueda finalizar dentro de un mes aproximadamente; aunque tambi\u00e9n surgen obras en relaci\u00f3n a lo que vamos encontrando, los ca\u00f1os m\u00e1s grandes, las rejillas, etc. No obstante, resalt\u00f3 la buena disposici\u00f3n del personal a cargo: \u00abSumamente respetuosos en la escuela y tambi\u00e9n a las familias quienes transmitieron a sus hijos sobre los trabajos que se est\u00e1n realizando para no entorpecer la labor de los trabajadores\u00bb.<\/strong><\/p>\n\n\n\n<p>Desde la cooperadora, Sergio Bellino ofreci\u00f3 detalles t\u00e9cnicos sobre la etapa actual de la construcci\u00f3n, respondiendo a la consulta sobre los materiales utilizados:<strong>\u00bb Mira, ahora se est\u00e1 haciendo toda la parte de la loseta\u00bb<\/strong>. Esta precisi\u00f3n permite visualizar el avance concreto de la obra.<\/p>\n\n\n\n<p>Bellino, visiblemente emocionado, comparti\u00f3 recuerdos y expectativas ligados a la renovaci\u00f3n del patio: <strong>\u00abNecesitamos la renovaci\u00f3n de un patio que cuando \u00e9ramos chicos nos parec\u00eda gigante. Ahora lo vemos un poco m\u00e1s chico, por decirlo de alguna manera, pero un patio donde hemos pasado la infancia, donde hemos jugado, donde nos hemos divertido, donde hemos hecho gimnasia, donde hemos vivido miles y miles de historias\u00bb.<\/strong><\/p>\n\n\n\n<p>Con la prometedora colocaci\u00f3n de la loseta en marcha, la comunidad educativa de la Escuela 262 aguarda con palpable entusiasmo la <strong>finalizaci\u00f3n de esta importante obra<\/strong>, que sin dudas transformar\u00e1 positivamente un espacio central para el desarrollo y la recreaci\u00f3n de sus alumnos. La significativa visita del senador Verdecchia no solo ratifica el compromiso de las autoridades con la educaci\u00f3n, sino que tambi\u00e9n pone de manifiesto el valioso trabajo mancomunado entre la escuela, la cooperadora y los representantes gubernamentales en pos del bienestar de los ni\u00f1os de Armstrong.<\/p>\n","protected":false},"excerpt":{"rendered":"<p>El Senador Pablo Verdecchia recorri\u00f3 las Obras de Reconstrucci\u00f3n del Patio en la Escuela N\u00b0262 de Armstrong y anunci\u00f3 su apoyo incondicional.<\/p>\n","protected":false},"author":1,"featured_media":46059,"comment_status":"open","ping_status":"open","sticky":false,"template":"","format":"image","meta":{"_jetpack_memberships_contains_paid_content":false,"footnotes":"","jetpack_publicize_message":"","jetpack_publicize_feature_enabled":true,"jetpack_social_post_already_shared":true,"jetpack_social_options":{"image_generator_settings":{"template":"highway","default_image_id":0,"enabled":false},"version":2}},"categories":[6,8,1,2,7,3],"tags":[11666,5030,10721,8777,2646,238,11667,11665],"class_list":["post-46058","post","type-post","status-publish","format-image","has-post-thumbnail","hentry","category-cultura-entretenimiento","category-deliberando","category-diario-armstrong","category-locales","category-politica","category-region","tag-cooperadora","tag-diario-armstrong","tag-diario-armstrong-region","tag-lic-graciela-de-la-casa","tag-pablo-verdecchia","tag-senador","tag-sergio-bellino","tag-susana-duranti","post_format-post-format-image"],"jetpack_publicize_connections":[],"jetpack_featured_media_url":"https:\/\/armstrongyregion.com.ar\/diario\/wp-content\/uploads\/2025\/04\/PABLO-ESCIELA-262-A.jpg","jetpack_shortlink":"https:\/\/wp.me\/p62QDO-bYS","jetpack_sharing_enabled":true,"amp_enabled":true,"_links":{"self":[{"href":"https:\/\/armstrongyregion.com.ar\/diario\/wp-json\/wp\/v2\/posts\/46058","targetHints":{"allow":["GET"]}}],"collection":[{"href":"https:\/\/armstrongyregion.com.ar\/diario\/wp-json\/wp\/v2\/posts"}],"about":[{"href":"https:\/\/armstrongyregion.com.ar\/diario\/wp-json\/wp\/v2\/types\/post"}],"author":[{"embeddable":true,"href":"https:\/\/armstrongyregion.com.ar\/diario\/wp-json\/wp\/v2\/users\/1"}],"replies":[{"embeddable":true,"href":"https:\/\/armstrongyregion.com.ar\/diario\/wp-json\/wp\/v2\/comments?post=46058"}],"version-history":[{"count":2,"href":"https:\/\/armstrongyregion.com.ar\/diario\/wp-json\/wp\/v2\/posts\/46058\/revisions"}],"predecessor-version":[{"id":46065,"href":"https:\/\/armstrongyregion.com.ar\/diario\/wp-json\/wp\/v2\/posts\/46058\/revisions\/46065"}],"wp:featuredmedia":[{"embeddable":true,"href":"https:\/\/armstrongyregion.com.ar\/diario\/wp-json\/wp\/v2\/media\/46059"}],"wp:attachment":[{"href":"https:\/\/armstrongyregion.com.ar\/diario\/wp-json\/wp\/v2\/media?parent=46058"}],"wp:term":[{"taxonomy":"category","embeddable":true,"href":"https:\/\/armstrongyregion.com.ar\/diario\/wp-json\/wp\/v2\/categories?post=46058"},{"taxonomy":"post_tag","embeddable":true,"href":"https:\/\/armstrongyregion.com.ar\/diario\/wp-json\/wp\/v2\/tags?post=46058"}],"curies":[{"name":"wp","href":"https:\/\/api.w.org\/{rel}","templated":true}]}}