{"id":46043,"date":"2025-04-23T20:49:58","date_gmt":"2025-04-23T20:49:58","guid":{"rendered":"https:\/\/armstrongyregion.com.ar\/diario\/?p=46043"},"modified":"2025-04-23T21:26:32","modified_gmt":"2025-04-23T21:26:32","slug":"renovacion-por-armstrong-adhiere-al-proyecto-de-ley-que-declara-la-emergencia-nacional-de-discapacidad","status":"publish","type":"post","link":"https:\/\/armstrongyregion.com.ar\/diario\/renovacion-por-armstrong-adhiere-al-proyecto-de-ley-que-declara-la-emergencia-nacional-de-discapacidad\/","title":{"rendered":"Renovaci\u00f3n por Armstrong adhiere al proyecto de Ley que declara la emergencia nacional de discapacidad."},"content":{"rendered":"\n<figure class=\"wp-block-image size-large\"><img loading=\"lazy\" decoding=\"async\" width=\"627\" height=\"480\" src=\"http:\/\/armstrongyregion.com.ar\/diario\/wp-content\/uploads\/2025\/03\/JESUS-URQUIA-25-627x480.jpg\" alt=\"\" class=\"wp-image-45626\" srcset=\"https:\/\/armstrongyregion.com.ar\/diario\/wp-content\/uploads\/2025\/03\/JESUS-URQUIA-25-627x480.jpg 627w, https:\/\/armstrongyregion.com.ar\/diario\/wp-content\/uploads\/2025\/03\/JESUS-URQUIA-25-300x230.jpg 300w, https:\/\/armstrongyregion.com.ar\/diario\/wp-content\/uploads\/2025\/03\/JESUS-URQUIA-25.jpg 640w\" sizes=\"auto, (max-width: 627px) 100vw, 627px\" \/><\/figure>\n\n\n\n<p>El Concejo Deliberante de Armstrong se encuentra en un momento crucial al debatir la posible declaraci\u00f3n de emergencia en discapacidad hasta el 31 de diciembre de 2027. Esta iniciativa, que ya obtuvo el aval mayoritario en la comisi\u00f3n de discapacidad, ahora est\u00e1 siendo analizada por las comisiones de Acci\u00f3n Social y de Hacienda. <strong>El objetivo principal es destinar todos los recursos necesarios para asegurar el cumplimiento de los derechos de las personas con discapacidad, en un contexto marcado por extensas demoras en los pagos a los prestadores de servicios a trav\u00e9s de la Agencia Nacional de Discapacidad (ANDIS).<\/strong><\/p>\n\n\n\n<p><strong>La problem\u00e1tica central que impulsa esta posible declaraci\u00f3n de emergencia es la cr\u00edtica situaci\u00f3n financiera que enfrentan los profesionales de la salud y las instituciones que brindan atenci\u00f3n a personas con discapacidad. Seg\u00fan se expuso en el debate, las demoras en los pagos pueden extenderse hasta seis meses, generando una situaci\u00f3n insostenible para los prestadores, quienes deben cubrir sus costos operativos y mantener la calidad de la atenci\u00f3n. Esta realidad tambi\u00e9n impacta directamente en las familias, que sufren la incertidumbre y las dificultades derivadas de la falta de flujo de fondos hacia quienes brindan las terapias y los servicios esenciales.<\/strong><\/p>\n\n\n\n<p>El concejal de Renovaci\u00f3n por Armstrong, Emiliano Gramigna, expres\u00f3 la visi\u00f3n de su bloque al se\u00f1alar: <strong>\u00abNosotros creemos que aportando desde nuestro lugar un granito de arena y fomentando a los concejos vecinos, creemos que podemos darle soluci\u00f3n a un problema que hoy no solamente atraviesa nuestra ciudad sino que atraviesa a cientos de familias.\u00bb<\/strong><\/p>\n\n\n\n<p>Por su parte, el concejal Jes\u00fas Urquia enfatiz\u00f3 la dif\u00edcil situaci\u00f3n econ\u00f3mica de los profesionales del sector: \u00abLa demora en sus aranceles es de tres meses, cinco meses o seis meses cuando realmente esa gente tiene que pagar los impuestos, tiene que comer, tiene que vivir.\u00bb<\/p>\n\n\n\n<p> Urquia tambi\u00e9n resalt\u00f3 la vocaci\u00f3n de servicio de muchos profesionales: <strong>\u00abAs\u00ed mismo, aunque los profesionales y no cobran los aranceles que tienen que cobrar, no dejan de atender a sus pacientes y es una acci\u00f3n para sacarse el sombrero.\u00bb<\/strong><\/p>\n\n\n\n<p>La urgencia de la medida tambi\u00e9n se refleja en la perspectiva de las familias, quienes priorizan el acceso a las terapias y servicios por encima de las consideraciones econ\u00f3micas. \u00abEstar pensando en el recurso econ\u00f3mico, cuando lo m\u00e1s importante son nuestros hijos, considerando una terapia para poder darle igualdad en una sociedad&#8230; esa igualdad tiene que ser en acci\u00f3n, pero en acci\u00f3n comunitaria,\u00bb se manifest\u00f3 Urqu\u00eda ante los medios locales.<\/p>\n\n\n\n<p>La posible declaraci\u00f3n de emergencia en discapacidad en Armstrong se presenta como un intento de dar una respuesta concreta a una problem\u00e1tica que afecta a un sector vulnerable de la comunidad y a quienes les brindan atenci\u00f3n. La decisi\u00f3n final de las comisiones de Acci\u00f3n Social y Hacienda ser\u00e1 determinante para el futuro de esta iniciativa, que busca garantizar los derechos, la inclusi\u00f3n y la calidad de vida de las personas con discapacidad en la regi\u00f3n, as\u00ed como asegurar la sostenibilidad de los servicios que necesitan.<\/p>\n","protected":false},"excerpt":{"rendered":"<p>Renovaci\u00f3n por Armstrong adhiere al proyecto de Ley que declara la emergencia nacional de discapacidad.<\/p>\n","protected":false},"author":1,"featured_media":45626,"comment_status":"open","ping_status":"open","sticky":false,"template":"","format":"image","meta":{"_jetpack_memberships_contains_paid_content":false,"footnotes":"","jetpack_publicize_message":"","jetpack_publicize_feature_enabled":true,"jetpack_social_post_already_shared":true,"jetpack_social_options":{"image_generator_settings":{"template":"highway","default_image_id":0,"enabled":false},"version":2}},"categories":[8,1,2,7,3],"tags":[5030,2725,9423,10679,11658,9298],"class_list":["post-46043","post","type-post","status-publish","format-image","has-post-thumbnail","hentry","category-deliberando","category-diario-armstrong","category-locales","category-politica","category-region","tag-diario-armstrong","tag-discapacidad","tag-emiliano-gramigna","tag-jesus-urquia","tag-ley-de-emergencia","tag-renovacion-por-armstrong","post_format-post-format-image"],"jetpack_publicize_connections":[],"jetpack_featured_media_url":"https:\/\/armstrongyregion.com.ar\/diario\/wp-content\/uploads\/2025\/03\/JESUS-URQUIA-25.jpg","jetpack_shortlink":"https:\/\/wp.me\/p62QDO-bYD","jetpack_sharing_enabled":true,"amp_enabled":true,"_links":{"self":[{"href":"https:\/\/armstrongyregion.com.ar\/diario\/wp-json\/wp\/v2\/posts\/46043","targetHints":{"allow":["GET"]}}],"collection":[{"href":"https:\/\/armstrongyregion.com.ar\/diario\/wp-json\/wp\/v2\/posts"}],"about":[{"href":"https:\/\/armstrongyregion.com.ar\/diario\/wp-json\/wp\/v2\/types\/post"}],"author":[{"embeddable":true,"href":"https:\/\/armstrongyregion.com.ar\/diario\/wp-json\/wp\/v2\/users\/1"}],"replies":[{"embeddable":true,"href":"https:\/\/armstrongyregion.com.ar\/diario\/wp-json\/wp\/v2\/comments?post=46043"}],"version-history":[{"count":1,"href":"https:\/\/armstrongyregion.com.ar\/diario\/wp-json\/wp\/v2\/posts\/46043\/revisions"}],"predecessor-version":[{"id":46044,"href":"https:\/\/armstrongyregion.com.ar\/diario\/wp-json\/wp\/v2\/posts\/46043\/revisions\/46044"}],"wp:featuredmedia":[{"embeddable":true,"href":"https:\/\/armstrongyregion.com.ar\/diario\/wp-json\/wp\/v2\/media\/45626"}],"wp:attachment":[{"href":"https:\/\/armstrongyregion.com.ar\/diario\/wp-json\/wp\/v2\/media?parent=46043"}],"wp:term":[{"taxonomy":"category","embeddable":true,"href":"https:\/\/armstrongyregion.com.ar\/diario\/wp-json\/wp\/v2\/categories?post=46043"},{"taxonomy":"post_tag","embeddable":true,"href":"https:\/\/armstrongyregion.com.ar\/diario\/wp-json\/wp\/v2\/tags?post=46043"}],"curies":[{"name":"wp","href":"https:\/\/api.w.org\/{rel}","templated":true}]}}