{"id":4603,"date":"2015-10-18T16:16:03","date_gmt":"2015-10-18T16:16:03","guid":{"rendered":"https:\/\/armstrongyregion.com.ar\/diario\/?p=4603"},"modified":"2015-10-18T16:16:03","modified_gmt":"2015-10-18T16:16:03","slug":"armstrong-estuvo-la-biblioteca-movil-en-el-bracito-fuerte","status":"publish","type":"post","link":"https:\/\/armstrongyregion.com.ar\/diario\/armstrong-estuvo-la-biblioteca-movil-en-el-bracito-fuerte\/","title":{"rendered":"Armstrong. Estuvo la Biblioteca M\u00f3vil en el Bracito Fuerte."},"content":{"rendered":"<p><a href=\"http:\/\/armstrongyregion.com.ar\/diario\/wp-content\/uploads\/2015\/10\/IMG-20151017-WA0067.jpg\"><img loading=\"lazy\" decoding=\"async\" class=\"alignnone size-medium wp-image-4604\" src=\"http:\/\/armstrongyregion.com.ar\/diario\/wp-content\/uploads\/2015\/10\/IMG-20151017-WA0067-300x199.jpg\" alt=\"Biblioteca-Movil-\" width=\"300\" height=\"199\" srcset=\"https:\/\/armstrongyregion.com.ar\/diario\/wp-content\/uploads\/2015\/10\/IMG-20151017-WA0067-300x199.jpg 300w, https:\/\/armstrongyregion.com.ar\/diario\/wp-content\/uploads\/2015\/10\/IMG-20151017-WA0067-1024x678.jpg 1024w, https:\/\/armstrongyregion.com.ar\/diario\/wp-content\/uploads\/2015\/10\/IMG-20151017-WA0067.jpg 1600w\" sizes=\"auto, (max-width: 300px) 100vw, 300px\" \/><\/a>El pasado s\u00e1bado 17 de octubre a partir de las 15hs visit\u00f3 el predio del Bracito Fuerte la Biblioteca M\u00f3vil, por gestiones del concejal Leonardo Rostagno realizadas ante el Ministerio de Educaci\u00f3n de la Naci\u00f3n y la Comisi\u00f3n Nacional de Bibliotecas Populares.<\/p>\n<p>El dispositivo est\u00e1 destinado a fomentar la lectura en el ni\u00f1o a trav\u00e9s de din\u00e1micas y cuentos los cuales se intercalan con acciones l\u00fadicas utilizando inflables, medios audiovisuales, instrumentos que se arman con reciclados, etc.<\/p>\n<p>Se trabaja a partir de cuentos y moralejas que pretenden estimular a los chicos no solo en la lectura sino tambi\u00e9n en aprendizajes que refieren a cuestiones de la moral y la vida en sociedad, fomentando cultura y creatividad en forma descentralizada.<\/p>\n<p>&nbsp;<\/p>\n","protected":false},"excerpt":{"rendered":"<p>El pasado s\u00e1bado 17 de octubre a partir de las 15hs visit\u00f3 el predio del Bracito Fuerte la Biblioteca M\u00f3vil, por gestiones del concejal Leonardo Rostagno realizadas ante el Ministerio de Educaci\u00f3n de la Naci\u00f3n y la Comisi\u00f3n Nacional de Bibliotecas Populares. El dispositivo est\u00e1 destinado a fomentar la lectura en el ni\u00f1o a trav\u00e9s <a href=\"https:\/\/armstrongyregion.com.ar\/diario\/armstrong-estuvo-la-biblioteca-movil-en-el-bracito-fuerte\/\" title=\"Read more\" >&#8230;<\/a><\/p>\n","protected":false},"author":2,"featured_media":4604,"comment_status":"open","ping_status":"open","sticky":false,"template":"","format":"standard","meta":{"_jetpack_memberships_contains_paid_content":false,"footnotes":"","jetpack_publicize_message":"","jetpack_publicize_feature_enabled":true,"jetpack_social_post_already_shared":false,"jetpack_social_options":{"image_generator_settings":{"template":"highway","default_image_id":0,"enabled":false},"version":2}},"categories":[1,2,7,3],"tags":[20,1344,1133,16,15,961,1134,31,56],"class_list":["post-4603","post","type-post","status-publish","format-standard","has-post-thumbnail","hentry","category-diario-armstrong","category-locales","category-politica","category-region","tag-armstrong","tag-biblioteca","tag-bracito","tag-el","tag-en","tag-estuvo","tag-fuerte","tag-la","tag-movil"],"jetpack_publicize_connections":[],"jetpack_featured_media_url":"https:\/\/armstrongyregion.com.ar\/diario\/wp-content\/uploads\/2015\/10\/IMG-20151017-WA0067.jpg","jetpack_shortlink":"https:\/\/wp.me\/p62QDO-1cf","jetpack_sharing_enabled":true,"amp_enabled":true,"_links":{"self":[{"href":"https:\/\/armstrongyregion.com.ar\/diario\/wp-json\/wp\/v2\/posts\/4603","targetHints":{"allow":["GET"]}}],"collection":[{"href":"https:\/\/armstrongyregion.com.ar\/diario\/wp-json\/wp\/v2\/posts"}],"about":[{"href":"https:\/\/armstrongyregion.com.ar\/diario\/wp-json\/wp\/v2\/types\/post"}],"author":[{"embeddable":true,"href":"https:\/\/armstrongyregion.com.ar\/diario\/wp-json\/wp\/v2\/users\/2"}],"replies":[{"embeddable":true,"href":"https:\/\/armstrongyregion.com.ar\/diario\/wp-json\/wp\/v2\/comments?post=4603"}],"version-history":[{"count":0,"href":"https:\/\/armstrongyregion.com.ar\/diario\/wp-json\/wp\/v2\/posts\/4603\/revisions"}],"wp:featuredmedia":[{"embeddable":true,"href":"https:\/\/armstrongyregion.com.ar\/diario\/wp-json\/wp\/v2\/media\/4604"}],"wp:attachment":[{"href":"https:\/\/armstrongyregion.com.ar\/diario\/wp-json\/wp\/v2\/media?parent=4603"}],"wp:term":[{"taxonomy":"category","embeddable":true,"href":"https:\/\/armstrongyregion.com.ar\/diario\/wp-json\/wp\/v2\/categories?post=4603"},{"taxonomy":"post_tag","embeddable":true,"href":"https:\/\/armstrongyregion.com.ar\/diario\/wp-json\/wp\/v2\/tags?post=4603"}],"curies":[{"name":"wp","href":"https:\/\/api.w.org\/{rel}","templated":true}]}}