{"id":46010,"date":"2025-04-21T02:07:36","date_gmt":"2025-04-21T02:07:36","guid":{"rendered":"https:\/\/armstrongyregion.com.ar\/diario\/?p=46010"},"modified":"2025-04-21T02:07:38","modified_gmt":"2025-04-21T02:07:38","slug":"profundo-pesar-en-armstrong-por-la-partida-de-la-arquitecta-alicia-schaer","status":"publish","type":"post","link":"https:\/\/armstrongyregion.com.ar\/diario\/profundo-pesar-en-armstrong-por-la-partida-de-la-arquitecta-alicia-schaer\/","title":{"rendered":"Profundo pesar en Armstrong por la partida de la Arquitecta Alicia Schaer."},"content":{"rendered":"\n<figure class=\"wp-block-image size-full\"><img loading=\"lazy\" decoding=\"async\" width=\"623\" height=\"415\" src=\"http:\/\/armstrongyregion.com.ar\/diario\/wp-content\/uploads\/2025\/04\/Alicia-Schaer-.jpg\" alt=\"\" class=\"wp-image-46011\" srcset=\"https:\/\/armstrongyregion.com.ar\/diario\/wp-content\/uploads\/2025\/04\/Alicia-Schaer-.jpg 623w, https:\/\/armstrongyregion.com.ar\/diario\/wp-content\/uploads\/2025\/04\/Alicia-Schaer--300x200.jpg 300w\" sizes=\"auto, (max-width: 623px) 100vw, 623px\" \/><\/figure>\n\n\n\n<p>Al t\u00e9rmino de la \u00faltima sesi\u00f3n del Concejo Deliberante, el Presidente del cuerpo legislativo, Prof. Alejandro Pertusati, comparti\u00f3 con los medios locales un sentido homenaje a la Arquitecta Alicia Schaer, quien lamentablemente falleci\u00f3 el pasado lunes.<\/p>\n\n\n\n<p>Conmovido, el Prof. Pertusati record\u00f3 la extensa y valiosa trayectoria de la arquitecta en la Municipalidad de Armstrong, donde dedic\u00f3 m\u00e1s de 30 a\u00f1os de su vida a la Direcci\u00f3n de Obras P\u00fablicas. \u00abHoy se nos fue una excelente persona y una gran profesional como la Arquitecta Schaer\u00bb, expres\u00f3 con pesar.<\/p>\n\n\n\n<p>En di\u00e1logo con Pertusati, rememor\u00f3 que la Arquitecta Schaer inici\u00f3 sus funciones durante la gesti\u00f3n del Intendente Comunal Lombardi, atravesando diversas administraciones hasta su jubilaci\u00f3n durante el mandato del Intendente Verdecchia. El Presidente del Concejo destac\u00f3 su profundo compromiso y la pasi\u00f3n que sent\u00eda por su trabajo.<\/p>\n\n\n\n<p>\u00abUna profesional muy comprometida y apasionada por su trabajo\u00bb, afirm\u00f3 Pertusati, resaltando que esa dedicaci\u00f3n trascendi\u00f3 su labor personal. \u00abEsa pasi\u00f3n no se la guard\u00f3 solamente para ella, sino que la comparti\u00f3 con los nuevos profesionales. Hizo docencia tambi\u00e9n de su profesi\u00f3n\u00bb.<\/p>\n\n\n\n<p>El Prof. Pertusati subray\u00f3 el rol fundamental de Alicia Schaer en la formaci\u00f3n de numerosos profesionales de la ciudad, dejando una huella imborrable en la comunidad. \u00abLa  verdad es que la vamos a recordar con mucho cari\u00f1o y con el agradecimiento de haber trabajado por la ciudad durante tantos a\u00f1os\u00bb.<\/p>\n\n\n\n<p>La partida de la Arquitecta Alicia Schaer deja un vac\u00edo significativo en el \u00e1mbito profesional y humano de Armstrong, siendo recordada con afecto y gratitud por su invaluable aporte al desarrollo de la ciudad.<\/p>\n","protected":false},"excerpt":{"rendered":"<p>Profundo pesar en Armstrong por la partida de la Arquitecta Alicia Schaer.<\/p>\n","protected":false},"author":1,"featured_media":46011,"comment_status":"open","ping_status":"open","sticky":false,"template":"","format":"image","meta":{"_jetpack_memberships_contains_paid_content":false,"footnotes":"","jetpack_publicize_message":"","jetpack_publicize_feature_enabled":true,"jetpack_social_post_already_shared":true,"jetpack_social_options":{"image_generator_settings":{"template":"highway","default_image_id":0,"enabled":false},"version":2}},"categories":[6,8,1,2,7,3],"tags":[11648,20,11649,5030,11650],"class_list":["post-46010","post","type-post","status-publish","format-image","has-post-thumbnail","hentry","category-cultura-entretenimiento","category-deliberando","category-diario-armstrong","category-locales","category-politica","category-region","tag-alicia-schaer","tag-armstrong","tag-arquitecta","tag-diario-armstrong","tag-partida","post_format-post-format-image"],"jetpack_publicize_connections":[],"jetpack_featured_media_url":"https:\/\/armstrongyregion.com.ar\/diario\/wp-content\/uploads\/2025\/04\/Alicia-Schaer-.jpg","jetpack_shortlink":"https:\/\/wp.me\/p62QDO-bY6","jetpack_sharing_enabled":true,"amp_enabled":true,"_links":{"self":[{"href":"https:\/\/armstrongyregion.com.ar\/diario\/wp-json\/wp\/v2\/posts\/46010","targetHints":{"allow":["GET"]}}],"collection":[{"href":"https:\/\/armstrongyregion.com.ar\/diario\/wp-json\/wp\/v2\/posts"}],"about":[{"href":"https:\/\/armstrongyregion.com.ar\/diario\/wp-json\/wp\/v2\/types\/post"}],"author":[{"embeddable":true,"href":"https:\/\/armstrongyregion.com.ar\/diario\/wp-json\/wp\/v2\/users\/1"}],"replies":[{"embeddable":true,"href":"https:\/\/armstrongyregion.com.ar\/diario\/wp-json\/wp\/v2\/comments?post=46010"}],"version-history":[{"count":1,"href":"https:\/\/armstrongyregion.com.ar\/diario\/wp-json\/wp\/v2\/posts\/46010\/revisions"}],"predecessor-version":[{"id":46012,"href":"https:\/\/armstrongyregion.com.ar\/diario\/wp-json\/wp\/v2\/posts\/46010\/revisions\/46012"}],"wp:featuredmedia":[{"embeddable":true,"href":"https:\/\/armstrongyregion.com.ar\/diario\/wp-json\/wp\/v2\/media\/46011"}],"wp:attachment":[{"href":"https:\/\/armstrongyregion.com.ar\/diario\/wp-json\/wp\/v2\/media?parent=46010"}],"wp:term":[{"taxonomy":"category","embeddable":true,"href":"https:\/\/armstrongyregion.com.ar\/diario\/wp-json\/wp\/v2\/categories?post=46010"},{"taxonomy":"post_tag","embeddable":true,"href":"https:\/\/armstrongyregion.com.ar\/diario\/wp-json\/wp\/v2\/tags?post=46010"}],"curies":[{"name":"wp","href":"https:\/\/api.w.org\/{rel}","templated":true}]}}