{"id":45998,"date":"2025-04-17T16:58:19","date_gmt":"2025-04-17T16:58:19","guid":{"rendered":"https:\/\/armstrongyregion.com.ar\/diario\/?p=45998"},"modified":"2025-04-17T16:58:21","modified_gmt":"2025-04-17T16:58:21","slug":"preocupacion-en-el-concejo-deliberante-por-el-estado-del-tanque-de-agua-y-las-calles-de-mejorado","status":"publish","type":"post","link":"https:\/\/armstrongyregion.com.ar\/diario\/preocupacion-en-el-concejo-deliberante-por-el-estado-del-tanque-de-agua-y-las-calles-de-mejorado\/","title":{"rendered":"Preocupaci\u00f3n en el Concejo Deliberante por el estado del tanque de agua y las calles de mejorado."},"content":{"rendered":"\n<figure class=\"wp-block-image size-large\"><img loading=\"lazy\" decoding=\"async\" width=\"640\" height=\"426\" src=\"http:\/\/armstrongyregion.com.ar\/diario\/wp-content\/uploads\/2025\/04\/Jesus-Urquia-17-4-25-640x426.jpg\" alt=\"\" class=\"wp-image-45999\" srcset=\"https:\/\/armstrongyregion.com.ar\/diario\/wp-content\/uploads\/2025\/04\/Jesus-Urquia-17-4-25-640x426.jpg 640w, https:\/\/armstrongyregion.com.ar\/diario\/wp-content\/uploads\/2025\/04\/Jesus-Urquia-17-4-25-300x200.jpg 300w, https:\/\/armstrongyregion.com.ar\/diario\/wp-content\/uploads\/2025\/04\/Jesus-Urquia-17-4-25-768x512.jpg 768w, https:\/\/armstrongyregion.com.ar\/diario\/wp-content\/uploads\/2025\/04\/Jesus-Urquia-17-4-25.jpg 800w\" sizes=\"auto, (max-width: 640px) 100vw, 640px\" \/><\/figure>\n\n\n\n<p>En la \u00faltima sesi\u00f3n del Concejo Deliberante de Armstrong, el concejal Jes\u00fas Urqu\u00eda, del partido Renovaci\u00f3n por Armstrong, expres\u00f3 su profunda preocupaci\u00f3n por dos problem\u00e1ticas que afectan a la comunidad: el deterioro del tanque de agua ubicado en la esquina de calle Delfo Cabrera e I. Borello y el mal estado de las calles de mejorado.<\/p>\n\n\n\n<p><strong>P\u00e9rdida de agua y focos de infecci\u00f3n<\/strong>.<\/p>\n\n\n\n<p>El concejal Urqu\u00eda denunci\u00f3 que el tanque de agua presenta un notable deterioro, con p\u00e9rdidas continuas de agua que generan descomposici\u00f3n y focos de infecci\u00f3n, causando malestar entre los vecinos. Urqu\u00eda record\u00f3 que este problema ya hab\u00eda sido presentado el a\u00f1o pasado, pero no se realizaron las reparaciones necesarias. \u00abEstamos desperdiciando un recurso tan importante como el agua\u00bb, afirm\u00f3 el concejal, y agreg\u00f3 que \u00aben vez de dar el ejemplo, estamos tirando litros de agua continuamente\u00bb.<\/p>\n\n\n\n<p><strong>Calles de mejorado intransitables<\/strong>.<\/p>\n\n\n\n<p>Otro tema que gener\u00f3 preocupaci\u00f3n fue el estado de las calles de mejorado, que se encuentran en p\u00e9simas condiciones y dificultan el tr\u00e1nsito de bicicletas, motos y veh\u00edculos en general. Urqu\u00eda se\u00f1al\u00f3 que incluso el recolector de basura ha tenido dificultades para circular por estas calles. \u00abLa gente est\u00e1 padeciendo una obra que deber\u00eda ser un beneficio\u00bb, expres\u00f3 el concejal, y pidi\u00f3 al municipio que realice un mantenimiento continuo de estas calles para garantizar la seguridad y el bienestar de los ciudadanos.<\/p>\n\n\n\n<p><strong>Pedido de soluciones urgentes<\/strong>.<\/p>\n\n\n\n<p>El concejal Urqu\u00eda hizo un llamado al municipio para que tome medidas urgentes y resuelva estos problemas. <strong>\u00abEs necesario que se realicen las reparaciones necesarias en el tanque de agua y que se coloque material en las calles de mejorado para que sean transitables\u00bb,<\/strong> afirm\u00f3.<strong> Urqu\u00eda tambi\u00e9n pidi\u00f3 al municipio que trabaje en la prevenci\u00f3n y el mantenimiento de las obras p\u00fablicas, para evitar que se deterioren y generen malestar en la comunidad.<\/strong><\/p>\n\n\n\n<p><strong>Repercusi\u00f3n en la comunidad.<\/strong><\/p>\n\n\n\n<p>Las declaraciones del concejal Urqu\u00eda generaron gran repercusi\u00f3n en la comunidad, que se manifest\u00f3 a trav\u00e9s de redes sociales, llamados y mensajes expresando su descontento por el estado de las calles y el tanque de agua. Se espera que el municipio tome medidas prontas para solucionar estos problemas y mejorar la calidad de vida de los ciudadanos de Armstrong.<\/p>\n","protected":false},"excerpt":{"rendered":"<p>Preocupaci\u00f3n en el Concejo Deliberante por el estado del tanque de agua y las calles de mejorado.<\/p>\n","protected":false},"author":1,"featured_media":45999,"comment_status":"open","ping_status":"open","sticky":false,"template":"","format":"image","meta":{"_jetpack_memberships_contains_paid_content":false,"footnotes":"","jetpack_publicize_message":"","jetpack_publicize_feature_enabled":true,"jetpack_social_post_already_shared":true,"jetpack_social_options":{"image_generator_settings":{"template":"highway","default_image_id":0,"enabled":false},"version":2}},"categories":[8,1,2,7,3],"tags":[1985,11640,9934,5030,3618,10679,8777,3938,8835,9298,11641],"class_list":["post-45998","post","type-post","status-publish","format-image","has-post-thumbnail","hentry","category-deliberando","category-diario-armstrong","category-locales","category-politica","category-region","tag-calles","tag-callles","tag-concejo-deliberante","tag-diario-armstrong","tag-estado","tag-jesus-urquia","tag-lic-graciela-de-la-casa","tag-mejorado","tag-preocupacion","tag-renovacion-por-armstrong","tag-tanque-de-agua","post_format-post-format-image"],"jetpack_publicize_connections":[],"jetpack_featured_media_url":"https:\/\/armstrongyregion.com.ar\/diario\/wp-content\/uploads\/2025\/04\/Jesus-Urquia-17-4-25.jpg","jetpack_shortlink":"https:\/\/wp.me\/p62QDO-bXU","jetpack_sharing_enabled":true,"amp_enabled":true,"_links":{"self":[{"href":"https:\/\/armstrongyregion.com.ar\/diario\/wp-json\/wp\/v2\/posts\/45998","targetHints":{"allow":["GET"]}}],"collection":[{"href":"https:\/\/armstrongyregion.com.ar\/diario\/wp-json\/wp\/v2\/posts"}],"about":[{"href":"https:\/\/armstrongyregion.com.ar\/diario\/wp-json\/wp\/v2\/types\/post"}],"author":[{"embeddable":true,"href":"https:\/\/armstrongyregion.com.ar\/diario\/wp-json\/wp\/v2\/users\/1"}],"replies":[{"embeddable":true,"href":"https:\/\/armstrongyregion.com.ar\/diario\/wp-json\/wp\/v2\/comments?post=45998"}],"version-history":[{"count":1,"href":"https:\/\/armstrongyregion.com.ar\/diario\/wp-json\/wp\/v2\/posts\/45998\/revisions"}],"predecessor-version":[{"id":46000,"href":"https:\/\/armstrongyregion.com.ar\/diario\/wp-json\/wp\/v2\/posts\/45998\/revisions\/46000"}],"wp:featuredmedia":[{"embeddable":true,"href":"https:\/\/armstrongyregion.com.ar\/diario\/wp-json\/wp\/v2\/media\/45999"}],"wp:attachment":[{"href":"https:\/\/armstrongyregion.com.ar\/diario\/wp-json\/wp\/v2\/media?parent=45998"}],"wp:term":[{"taxonomy":"category","embeddable":true,"href":"https:\/\/armstrongyregion.com.ar\/diario\/wp-json\/wp\/v2\/categories?post=45998"},{"taxonomy":"post_tag","embeddable":true,"href":"https:\/\/armstrongyregion.com.ar\/diario\/wp-json\/wp\/v2\/tags?post=45998"}],"curies":[{"name":"wp","href":"https:\/\/api.w.org\/{rel}","templated":true}]}}