{"id":4597,"date":"2015-10-18T15:32:49","date_gmt":"2015-10-18T15:32:49","guid":{"rendered":"https:\/\/armstrongyregion.com.ar\/diario\/?p=4597"},"modified":"2015-10-18T15:32:49","modified_gmt":"2015-10-18T15:32:49","slug":"70-anos-y-el-fuego-no-se-apaga-por-luis-rubeo-h","status":"publish","type":"post","link":"https:\/\/armstrongyregion.com.ar\/diario\/70-anos-y-el-fuego-no-se-apaga-por-luis-rubeo-h\/","title":{"rendered":"70 a\u00f1os y el fuego no se apaga. Por Luis Rubeo (h)*"},"content":{"rendered":"<p><a href=\"http:\/\/armstrongyregion.com.ar\/diario\/wp-content\/uploads\/2015\/10\/Luis-Rubeo-copia.jpg\"><img loading=\"lazy\" decoding=\"async\" class=\"alignnone size-medium wp-image-4598\" src=\"http:\/\/armstrongyregion.com.ar\/diario\/wp-content\/uploads\/2015\/10\/Luis-Rubeo-copia-300x200.jpg\" alt=\"Luis Rubeo -\" width=\"300\" height=\"200\" srcset=\"https:\/\/armstrongyregion.com.ar\/diario\/wp-content\/uploads\/2015\/10\/Luis-Rubeo-copia-300x200.jpg 300w, https:\/\/armstrongyregion.com.ar\/diario\/wp-content\/uploads\/2015\/10\/Luis-Rubeo-copia-1024x682.jpg 1024w\" sizes=\"auto, (max-width: 300px) 100vw, 300px\" \/><\/a>Hay preguntas que ni los historiadores, soci\u00f3logos o antrop\u00f3logos pueden responder, y est\u00e1 bien que as\u00ed sea, porque forman parte de un orden ajeno a esas y a otras disciplinas. Ni la pol\u00edtica puede dar respuesta a ellas.<\/p>\n<p>A m\u00ed, cada 17 de Octubre, me acometen varias, pero una en especial: habr\u00e1 sentido, al despertar aquel d\u00eda de 1945, cada quien de cada cual que luego march\u00f3 a la Plaza, que se trataba de una jornada especial, llamada a ser hist\u00f3rica?<\/p>\n<p>En mi fuero \u00edntimo pienso que pocos deben haber siquiera sospechado el alcance \u00e9pico que ese d\u00eda tuvo y tiene para el Pueblo argentino.<\/p>\n<p>Sin embargo, muchos y muchas percib\u00edan que se viv\u00eda un tiempo en el cual el aire que se respiraba llevaba de ac\u00e1 para all\u00e1, a lo largo y ancho de la Patria, un sentido pol\u00edtico de reparaci\u00f3n, de justicia e inclusi\u00f3n, y que los destinatarios de todo ello eran los despose\u00eddos, los vulnerables, millones de mujeres y hombres que hasta entonces parec\u00edan invisibles.<\/p>\n<p>Aquel 17 de Octubre los invisibles de pronto fueron vistos. Quisieron ser visibilizados. Decidieron ocupar el primer plano de una escena que les hab\u00eda sido negada.<\/p>\n<p>El hombre que hab\u00eda detenido su mirada en ellos, pagaba tama\u00f1a osad\u00eda con su propia libertad, y los invisibles decidieron que ese l\u00edmite resultaba inadmisible.<\/p>\n<p>Y \u00e9sa, m\u00e1s que cualquier otra raz\u00f3n, fue la que hizo posible la mayor y m\u00e1s impactante movilizaci\u00f3n de masas que se registra en toda la historia argentina: el Pueblo defini\u00f3 que esa raya nunca debi\u00f3 ser traspasada, que el hombre que le hab\u00eda devuelto la dignidad perdida no pod\u00eda dar con sus huesos en una c\u00e1rcel sin que su Pueblo hiciera tronar el escarmiento.<\/p>\n<p>Y ese escarmiento fue en paz, desbordante de alegr\u00eda y, por qu\u00e9 no, de regocijada desfachatez. Los pies cansados, hinchados por esa marcha en pos de la liberaci\u00f3n del l\u00edder, descansando en las aguas de la fuente de Mayo, son una desfachatez ante la historia concebida como patrimonio de unos pocos, reservado su bronce y su m\u00e1rmol a los que siempre mandan y nunca piensan en el otro.<\/p>\n<p>Por eso, volviendo a mi pregunta, tal vez pocos intuyeran al despertar aquel 17 de Octubre que los esperaba un d\u00eda inolvidable. Pero millones sab\u00edan desde antes que no iban a dejar que nadie moviera hacia atr\u00e1s las agujas del reloj de la historia. Y despu\u00e9s salieron decididos a no volver a sus hogares sin liberar a Juan Per\u00f3n.<\/p>\n","protected":false},"excerpt":{"rendered":"<p>Hay preguntas que ni los historiadores, soci\u00f3logos o antrop\u00f3logos pueden responder, y est\u00e1 bien que as\u00ed sea, porque forman parte de un orden ajeno a esas y a otras disciplinas. Ni la pol\u00edtica puede dar respuesta a ellas. A m\u00ed, cada 17 de Octubre, me acometen varias, pero una en especial: habr\u00e1 sentido, al despertar <a href=\"https:\/\/armstrongyregion.com.ar\/diario\/70-anos-y-el-fuego-no-se-apaga-por-luis-rubeo-h\/\" title=\"Read more\" >&#8230;<\/a><\/p>\n","protected":false},"author":2,"featured_media":4598,"comment_status":"open","ping_status":"open","sticky":false,"template":"","format":"standard","meta":{"_jetpack_memberships_contains_paid_content":false,"footnotes":"","jetpack_publicize_message":"","jetpack_publicize_feature_enabled":true,"jetpack_social_post_already_shared":false,"jetpack_social_options":{"image_generator_settings":{"template":"highway","default_image_id":0,"enabled":false},"version":2}},"categories":[1,2819,2,7,3],"tags":[2970,197,2971,16,1474,1377,96,60,2972,86,13],"class_list":["post-4597","post","type-post","status-publish","format-standard","has-post-thumbnail","hentry","category-diario-armstrong","category-el-pais","category-locales","category-politica","category-region","tag-2970","tag-anos","tag-apaga","tag-el","tag-fuego","tag-luis","tag-no","tag-por","tag-rubeo-h","tag-se","tag-y"],"jetpack_publicize_connections":[],"jetpack_featured_media_url":"https:\/\/armstrongyregion.com.ar\/diario\/wp-content\/uploads\/2015\/10\/Luis-Rubeo-copia.jpg","jetpack_shortlink":"https:\/\/wp.me\/p62QDO-1c9","jetpack_sharing_enabled":true,"amp_enabled":true,"_links":{"self":[{"href":"https:\/\/armstrongyregion.com.ar\/diario\/wp-json\/wp\/v2\/posts\/4597","targetHints":{"allow":["GET"]}}],"collection":[{"href":"https:\/\/armstrongyregion.com.ar\/diario\/wp-json\/wp\/v2\/posts"}],"about":[{"href":"https:\/\/armstrongyregion.com.ar\/diario\/wp-json\/wp\/v2\/types\/post"}],"author":[{"embeddable":true,"href":"https:\/\/armstrongyregion.com.ar\/diario\/wp-json\/wp\/v2\/users\/2"}],"replies":[{"embeddable":true,"href":"https:\/\/armstrongyregion.com.ar\/diario\/wp-json\/wp\/v2\/comments?post=4597"}],"version-history":[{"count":0,"href":"https:\/\/armstrongyregion.com.ar\/diario\/wp-json\/wp\/v2\/posts\/4597\/revisions"}],"wp:featuredmedia":[{"embeddable":true,"href":"https:\/\/armstrongyregion.com.ar\/diario\/wp-json\/wp\/v2\/media\/4598"}],"wp:attachment":[{"href":"https:\/\/armstrongyregion.com.ar\/diario\/wp-json\/wp\/v2\/media?parent=4597"}],"wp:term":[{"taxonomy":"category","embeddable":true,"href":"https:\/\/armstrongyregion.com.ar\/diario\/wp-json\/wp\/v2\/categories?post=4597"},{"taxonomy":"post_tag","embeddable":true,"href":"https:\/\/armstrongyregion.com.ar\/diario\/wp-json\/wp\/v2\/tags?post=4597"}],"curies":[{"name":"wp","href":"https:\/\/api.w.org\/{rel}","templated":true}]}}