{"id":45940,"date":"2025-04-10T02:14:01","date_gmt":"2025-04-10T02:14:01","guid":{"rendered":"https:\/\/armstrongyregion.com.ar\/diario\/?p=45940"},"modified":"2025-04-10T02:14:03","modified_gmt":"2025-04-10T02:14:03","slug":"santa-fe-a-las-puertas-de-un-cambio-historico-se-reforma-la-constitucion-luego-de-63-anos","status":"publish","type":"post","link":"https:\/\/armstrongyregion.com.ar\/diario\/santa-fe-a-las-puertas-de-un-cambio-historico-se-reforma-la-constitucion-luego-de-63-anos\/","title":{"rendered":"Santa Fe a las puertas de un cambio hist\u00f3rico: Se reforma la Constituci\u00f3n luego de 63 a\u00f1os."},"content":{"rendered":"\n<figure class=\"wp-block-image size-full\"><img loading=\"lazy\" decoding=\"async\" width=\"637\" height=\"395\" src=\"http:\/\/armstrongyregion.com.ar\/diario\/wp-content\/uploads\/2025\/04\/CONCENCIONAL-VERDECCHIA-1-.jpg\" alt=\"\" class=\"wp-image-45941\" srcset=\"https:\/\/armstrongyregion.com.ar\/diario\/wp-content\/uploads\/2025\/04\/CONCENCIONAL-VERDECCHIA-1-.jpg 637w, https:\/\/armstrongyregion.com.ar\/diario\/wp-content\/uploads\/2025\/04\/CONCENCIONAL-VERDECCHIA-1--300x186.jpg 300w\" sizes=\"auto, (max-width: 637px) 100vw, 637px\" \/><\/figure>\n\n\n\n<h2 class=\"wp-block-heading\">Una reforma largamente esperada, producto del consenso entre diferentes fuerzas pol\u00edticas, modernizar\u00e1 42 art\u00edculos de la Constituci\u00f3n Provincial, adapt\u00e1ndola a las necesidades del siglo XXI.<\/h2>\n\n\n\n<figure class=\"wp-block-image size-large\"><img loading=\"lazy\" decoding=\"async\" width=\"640\" height=\"480\" src=\"http:\/\/armstrongyregion.com.ar\/diario\/wp-content\/uploads\/2025\/04\/VERDECCHIA-CONCENCIONAL-.2-640x480.jpg\" alt=\"\" class=\"wp-image-45942\" srcset=\"https:\/\/armstrongyregion.com.ar\/diario\/wp-content\/uploads\/2025\/04\/VERDECCHIA-CONCENCIONAL-.2-640x480.jpg 640w, https:\/\/armstrongyregion.com.ar\/diario\/wp-content\/uploads\/2025\/04\/VERDECCHIA-CONCENCIONAL-.2-300x225.jpg 300w, https:\/\/armstrongyregion.com.ar\/diario\/wp-content\/uploads\/2025\/04\/VERDECCHIA-CONCENCIONAL-.2.jpg 714w\" sizes=\"auto, (max-width: 640px) 100vw, 640px\" \/><\/figure>\n\n\n\n<p>As\u00ed lo expresaba el Senador del Dto. Belgrano Dr. Pablo Verdecchia, candidato a Convencional Constituyente por el Departamento Belgrano; <strong>\u00abLuego de 63 a\u00f1os, la provincia de Santa Fe se encuentra a las puertas de una reforma constitucional. Este domingo, los santafesinos tendr\u00e1n la oportunidad de votar por una modificaci\u00f3n hist\u00f3rica que actualizar\u00e1 42 de los 114 art\u00edculos de la Carta Magna provincial. Esta reforma, largamente postergada, ha sido posible gracias a un arduo trabajo de consenso entre diferentes fuerzas pol\u00edticas, superando las barreras ideol\u00f3gicas que durante d\u00e9cadas impidieron su concreci\u00f3n\u00bb. <\/strong><\/p>\n\n\n\n<p>La necesidad de esta reforma se hace evidente al considerar el contexto hist\u00f3rico. En 1962, cuando se aprob\u00f3 la actual Constituci\u00f3n, la realidad social, econ\u00f3mica y tecnol\u00f3gica de la provincia era radicalmente diferente a la actual.<\/p>\n\n\n\n<p>El legislador a\u00f1adi\u00f3:<strong> \u00abLa reforma busca actualizar aspectos fundamentales, incluyendo temas que en 1962 ni siquiera exist\u00edan, como las nuevas tecnolog\u00edas de la informaci\u00f3n y la comunicaci\u00f3n. La provincia se encontraba atrasada en este aspecto, a diferencia de otras provincias que han ido actualizando sus constituciones a trav\u00e9s de enmiendas, como Mendoza. El proceso de reforma no ha estado exento de dificultades. Durante d\u00e9cadas, 22 proyectos de reforma se estancaron debido a las mezquindades pol\u00edticas y la falta de consenso. Sin embargo, gracias al esfuerzo conjunto de legisladores de diferentes partidos pol\u00edticos <\/strong>\u2013incluyendo el justicialismo, la izquierda, la derecha y partidos del centro\u2013, <strong>se logr\u00f3 un acuerdo hist\u00f3rico que permitir\u00e1 modernizar la Constituci\u00f3n. Esta reforma parcial, que abarca pr\u00e1cticamente todas las \u00e1reas importantes de la Constituci\u00f3n, no se limita a una mera actualizaci\u00f3n. Se incorporar\u00e1n nuevos cap\u00edtulos y se abordar\u00e1n temas cruciales para el desarrollo de la provincia en las pr\u00f3ximas d\u00e9cadas, con el objetivo de resolver las necesidades actuales de los santafesinos en materia de producci\u00f3n, seguridad, educaci\u00f3n y salud\u00bb. <\/strong><\/p>\n\n\n\n<p>El consenso alcanzado reflej\u00f3 un promedio de 75% de apoyo en ambas c\u00e1maras legislativas, demostrando la voluntad pol\u00edtica de avanzar hacia un futuro mejor para Santa Fe. <\/p>\n\n\n\n<p>Verdecchia a\u00f1adi\u00f3: \u00abEste cambio hist\u00f3rico sentar\u00e1 las bases para los pr\u00f3ximos 30 o 40 a\u00f1os, esperemos que no sea necesario esperar otros 63 a\u00f1os para una nueva reforma. El proceso de reforma incluy\u00f3 la modificaci\u00f3n del c\u00f3digo procesal penal, el c\u00f3digo procesal civil y comercial, el gobierno de la justicia, el sistema del Ministerio p\u00fablico de la acusaci\u00f3n, y el sistema penitenciario\u00bb&#8230;<\/p>\n\n\n\n<p><strong>El senador Verdecchia, tambi\u00e9n llamo a la reflexi\u00f3n y a la lectura de los 42 puntos a tratar a aquellos candidatos que quieren ganar una elecci\u00f3n con promesas infundadas que nada tienen que ver con la reforma de la constituci\u00f3n.<\/strong><\/p>\n\n\n\n<p> Acompa\u00f1aron al Candidato a convencional constituyente, Dr. Pablo Verdecchia el intendente <em>Guillermo Luzzi<\/em> junto a sus colaboradores brindando su apoyo al Senador destacado la importancia de esta elecci\u00f3n hist\u00f3rica, instando a los ciudadanos a informarse adecuadamente sobre las reformas propuestas. <\/p>\n\n\n\n<p><strong>\u00abLa participaci\u00f3n ciudadana es fundamental para asegurar que esta reforma constitucional sirva para el progreso y bienestar de todos los santafesinos\u00bb.<\/strong> Expres\u00f3 el intendente.<\/p>\n\n\n\n<p><\/p>\n","protected":false},"excerpt":{"rendered":"<p>Santa Fe a las puertas de un cambio hist\u00f3rico: Se reforma la Constituci\u00f3n luego de 63 a\u00f1os.<\/p>\n","protected":false},"author":1,"featured_media":45941,"comment_status":"open","ping_status":"open","sticky":false,"template":"","format":"image","meta":{"_jetpack_memberships_contains_paid_content":false,"footnotes":"","jetpack_publicize_message":"","jetpack_publicize_feature_enabled":true,"jetpack_social_post_already_shared":true,"jetpack_social_options":{"image_generator_settings":{"template":"highway","default_image_id":0,"enabled":false},"version":2}},"categories":[8,1,2,7,3],"tags":[33,11623,11608,19,5030,9794,23,8777,3419,11624,3381,192],"class_list":["post-45940","post","type-post","status-publish","format-image","has-post-thumbnail","hentry","category-deliberando","category-diario-armstrong","category-locales","category-politica","category-region","tag-a","tag-cambio-historico","tag-convencional-constituyente","tag-de","tag-diario-armstrong","tag-dr-pablo-verdecchia","tag-las","tag-lic-graciela-de-la-casa","tag-puerta","tag-reforma-constitucion-2","tag-santa-fe","tag-un","post_format-post-format-image"],"jetpack_publicize_connections":[],"jetpack_featured_media_url":"https:\/\/armstrongyregion.com.ar\/diario\/wp-content\/uploads\/2025\/04\/CONCENCIONAL-VERDECCHIA-1-.jpg","jetpack_shortlink":"https:\/\/wp.me\/p62QDO-bWY","jetpack_sharing_enabled":true,"amp_enabled":true,"_links":{"self":[{"href":"https:\/\/armstrongyregion.com.ar\/diario\/wp-json\/wp\/v2\/posts\/45940","targetHints":{"allow":["GET"]}}],"collection":[{"href":"https:\/\/armstrongyregion.com.ar\/diario\/wp-json\/wp\/v2\/posts"}],"about":[{"href":"https:\/\/armstrongyregion.com.ar\/diario\/wp-json\/wp\/v2\/types\/post"}],"author":[{"embeddable":true,"href":"https:\/\/armstrongyregion.com.ar\/diario\/wp-json\/wp\/v2\/users\/1"}],"replies":[{"embeddable":true,"href":"https:\/\/armstrongyregion.com.ar\/diario\/wp-json\/wp\/v2\/comments?post=45940"}],"version-history":[{"count":1,"href":"https:\/\/armstrongyregion.com.ar\/diario\/wp-json\/wp\/v2\/posts\/45940\/revisions"}],"predecessor-version":[{"id":45943,"href":"https:\/\/armstrongyregion.com.ar\/diario\/wp-json\/wp\/v2\/posts\/45940\/revisions\/45943"}],"wp:featuredmedia":[{"embeddable":true,"href":"https:\/\/armstrongyregion.com.ar\/diario\/wp-json\/wp\/v2\/media\/45941"}],"wp:attachment":[{"href":"https:\/\/armstrongyregion.com.ar\/diario\/wp-json\/wp\/v2\/media?parent=45940"}],"wp:term":[{"taxonomy":"category","embeddable":true,"href":"https:\/\/armstrongyregion.com.ar\/diario\/wp-json\/wp\/v2\/categories?post=45940"},{"taxonomy":"post_tag","embeddable":true,"href":"https:\/\/armstrongyregion.com.ar\/diario\/wp-json\/wp\/v2\/tags?post=45940"}],"curies":[{"name":"wp","href":"https:\/\/api.w.org\/{rel}","templated":true}]}}