{"id":4594,"date":"2015-10-18T15:24:20","date_gmt":"2015-10-18T15:24:20","guid":{"rendered":"https:\/\/armstrongyregion.com.ar\/diario\/?p=4594"},"modified":"2015-10-18T15:24:20","modified_gmt":"2015-10-18T15:24:20","slug":"diego-mansilla-en-carcarana","status":"publish","type":"post","link":"https:\/\/armstrongyregion.com.ar\/diario\/diego-mansilla-en-carcarana\/","title":{"rendered":"Diego Mansilla en Carcara\u00f1\u00e1."},"content":{"rendered":"<p><a href=\"http:\/\/armstrongyregion.com.ar\/diario\/wp-content\/uploads\/2015\/10\/Diego-Mansilla-en-Carcara\u00f1\u00e1.jpg\"><img loading=\"lazy\" decoding=\"async\" class=\"alignnone size-medium wp-image-4595\" src=\"http:\/\/armstrongyregion.com.ar\/diario\/wp-content\/uploads\/2015\/10\/Diego-Mansilla-en-Carcara\u00f1\u00e1-300x193.jpg\" alt=\"Diego Mansilla en Carcara\u00f1\u00e1\" width=\"300\" height=\"193\" srcset=\"https:\/\/armstrongyregion.com.ar\/diario\/wp-content\/uploads\/2015\/10\/Diego-Mansilla-en-Carcara\u00f1\u00e1-300x193.jpg 300w, https:\/\/armstrongyregion.com.ar\/diario\/wp-content\/uploads\/2015\/10\/Diego-Mansilla-en-Carcara\u00f1\u00e1-1024x660.jpg 1024w\" sizes=\"auto, (max-width: 300px) 100vw, 300px\" \/><\/a>\u201cEl Parlasur es una herramienta estrat\u00e9gica para consolidar el crecimiento inclusivo\u201d<\/p>\n<p>\u201cCreemos que vamos a ganar estas elecciones porque es lo que sentimos en cada ciudad y pueblo de la provincia, lo que transmiten nuestros dirigentes y militantes. Y porque lo que defendemos y queremos continuar son hechos, realidades que pueden m\u00e1s que cualquier intento de ocultamiento, que cualquier campa\u00f1a negativa\u201d, dijo Diego Mansilla, candidato al parlamento del Mercosur por el Frente para la Victoria santafesino, tras reunirse ayer en Carcara\u00f1\u00e1 con integrantes de la Agrupaci\u00f3n del Bicentenario (ABC).<br \/>\n\u201cLos compa\u00f1eros y compa\u00f1eras de Carcara\u00f1\u00e1 me entregaron un libro cuyo t\u00edtulo es El Pueblo no se equivoca. Y en los \u00faltimos a\u00f1os podemos ver c\u00f3mo esa m\u00e1xima se puede apreciar tanto en nuestro pa\u00eds como en nuestra patria grande, donde los proyectos transformadores avanzan en un marco de integraci\u00f3n al que queremos aportar nuestra fuerza y nuestra experiencia de gesti\u00f3n para el desarrollo conjunto, con complementaci\u00f3n, con planificaci\u00f3n, con el claro objetivo de seguir mejorando la calidad de vida de nuestra gente\u201d, sostuvo el intendente de Las Parejas, quien tambi\u00e9n remarc\u00f3 que \u201cel Parlasur es una herramienta estrat\u00e9gica para consolidar las pol\u00edticas de Estado de crecimiento inclusivo, de desarrollo orientado a satisfacer necesidades, a dignificar a las personas\u201d.<br \/>\n\u201cLa diversificaci\u00f3n de la industria, la innovaci\u00f3n tecnol\u00f3gica, el agregado de valor a las cadenas productivas, requieren cada vez m\u00e1s y m\u00e1s s\u00f3lidas herramientas de financiamiento, cada vez m\u00e1s y m\u00e1s firmes pol\u00edticas de Estado orientadas a reafirmar soberan\u00edas, a privilegiar el bienestar de nuestros pueblos\u201d, expres\u00f3 Diego Mansilla.<\/p>\n","protected":false},"excerpt":{"rendered":"<p>\u201cEl Parlasur es una herramienta estrat\u00e9gica para consolidar el crecimiento inclusivo\u201d \u201cCreemos que vamos a ganar estas elecciones porque es lo que sentimos en cada ciudad y pueblo de la provincia, lo que transmiten nuestros dirigentes y militantes. Y porque lo que defendemos y queremos continuar son hechos, realidades que pueden m\u00e1s que cualquier intento <a href=\"https:\/\/armstrongyregion.com.ar\/diario\/diego-mansilla-en-carcarana\/\" title=\"Read more\" >&#8230;<\/a><\/p>\n","protected":false},"author":2,"featured_media":4595,"comment_status":"open","ping_status":"open","sticky":false,"template":"","format":"standard","meta":{"_jetpack_memberships_contains_paid_content":false,"footnotes":"","jetpack_publicize_message":"","jetpack_publicize_feature_enabled":true,"jetpack_social_post_already_shared":false,"jetpack_social_options":{"image_generator_settings":{"template":"highway","default_image_id":0,"enabled":false},"version":2}},"categories":[1,2,7,3],"tags":[354,990,15,991],"class_list":["post-4594","post","type-post","status-publish","format-standard","has-post-thumbnail","hentry","category-diario-armstrong","category-locales","category-politica","category-region","tag-carcarana","tag-diego","tag-en","tag-mansilla"],"jetpack_publicize_connections":[],"jetpack_featured_media_url":"https:\/\/armstrongyregion.com.ar\/diario\/wp-content\/uploads\/2015\/10\/Diego-Mansilla-en-Carcara\u00f1\u00e1.jpg","jetpack_shortlink":"https:\/\/wp.me\/p62QDO-1c6","jetpack_sharing_enabled":true,"amp_enabled":true,"_links":{"self":[{"href":"https:\/\/armstrongyregion.com.ar\/diario\/wp-json\/wp\/v2\/posts\/4594","targetHints":{"allow":["GET"]}}],"collection":[{"href":"https:\/\/armstrongyregion.com.ar\/diario\/wp-json\/wp\/v2\/posts"}],"about":[{"href":"https:\/\/armstrongyregion.com.ar\/diario\/wp-json\/wp\/v2\/types\/post"}],"author":[{"embeddable":true,"href":"https:\/\/armstrongyregion.com.ar\/diario\/wp-json\/wp\/v2\/users\/2"}],"replies":[{"embeddable":true,"href":"https:\/\/armstrongyregion.com.ar\/diario\/wp-json\/wp\/v2\/comments?post=4594"}],"version-history":[{"count":0,"href":"https:\/\/armstrongyregion.com.ar\/diario\/wp-json\/wp\/v2\/posts\/4594\/revisions"}],"wp:featuredmedia":[{"embeddable":true,"href":"https:\/\/armstrongyregion.com.ar\/diario\/wp-json\/wp\/v2\/media\/4595"}],"wp:attachment":[{"href":"https:\/\/armstrongyregion.com.ar\/diario\/wp-json\/wp\/v2\/media?parent=4594"}],"wp:term":[{"taxonomy":"category","embeddable":true,"href":"https:\/\/armstrongyregion.com.ar\/diario\/wp-json\/wp\/v2\/categories?post=4594"},{"taxonomy":"post_tag","embeddable":true,"href":"https:\/\/armstrongyregion.com.ar\/diario\/wp-json\/wp\/v2\/tags?post=4594"}],"curies":[{"name":"wp","href":"https:\/\/api.w.org\/{rel}","templated":true}]}}