{"id":45937,"date":"2025-04-09T20:50:27","date_gmt":"2025-04-09T20:50:27","guid":{"rendered":"https:\/\/armstrongyregion.com.ar\/diario\/?p=45937"},"modified":"2025-04-09T20:50:28","modified_gmt":"2025-04-09T20:50:28","slug":"acuerdo-con-armstrong-el-municipio-donde-el-campo-levanta-bandera","status":"publish","type":"post","link":"https:\/\/armstrongyregion.com.ar\/diario\/acuerdo-con-armstrong-el-municipio-donde-el-campo-levanta-bandera\/","title":{"rendered":"Acuerdo con Armstrong, el municipio donde el Campo levanta Bandera."},"content":{"rendered":"\n<figure class=\"wp-block-image size-large\"><img loading=\"lazy\" decoding=\"async\" width=\"640\" height=\"428\" src=\"http:\/\/armstrongyregion.com.ar\/diario\/wp-content\/uploads\/2025\/04\/LUZZI-NARDI--640x428.jpg\" alt=\"\" class=\"wp-image-45938\" srcset=\"https:\/\/armstrongyregion.com.ar\/diario\/wp-content\/uploads\/2025\/04\/LUZZI-NARDI--640x428.jpg 640w, https:\/\/armstrongyregion.com.ar\/diario\/wp-content\/uploads\/2025\/04\/LUZZI-NARDI--300x200.jpg 300w, https:\/\/armstrongyregion.com.ar\/diario\/wp-content\/uploads\/2025\/04\/LUZZI-NARDI-.jpg 645w\" sizes=\"auto, (max-width: 640px) 100vw, 640px\" \/><\/figure>\n\n\n\n<h2 class=\"wp-block-heading\">El municipio de Armstrong y AgroActiva se comprometieron a trabajar en conjunto para que la muestra sea todo un \u00e9xito del 4 al 7 de junio pr\u00f3ximo.<\/h2>\n\n\n\n<p>En una reuni\u00f3n realizada en el palacio municipal de Armstrong, el Intendente de la ciudad, Guillermo Luzzi, junto con la directora general de AgroActiva, Rosana Nardi, acompa\u00f1adas por Rosana Siri; secretaria de Cultura y Desarrollo Integral de Armstrong y Vanina Macchiavello, l\u00edder de Relaciones Institucionales de AgroActiva, acordaron trabajar de manera multidisciplinaria a menos de dos meses de una edici\u00f3n que ser\u00e1 revolucionaria.<\/p>\n\n\n\n<p>Bajo el lema \u201cdonde el campo levanta su bandera\u201d, del 4 al 7 de junio el ecosistema del agro se sumergir\u00e1 en un mar de innovaciones y tecnolog\u00edas, y las empresas del sector ser\u00e1n protagonistas como nunca antes.<\/p>\n\n\n\n<p>Por ese motivo, el mandatario municipal respald\u00f3 su compromiso de colaborar con la organizaci\u00f3n de la muestra para que los visitantes se lleven la mejor impresi\u00f3n de AgroActiva y de la ciudad que la cobija.<\/p>\n\n\n\n<p>En una \u00e9poca clave que permite que productores de todo el pa\u00eds participen de la mayor feria a campo abierto del pa\u00eds, la alianza entre AgroActiva y el municipio local es fundamental para avanzar hacia una edici\u00f3n multitudinaria, representativa y m\u00e1s federal que nunca.&nbsp;<\/p>\n","protected":false},"excerpt":{"rendered":"<p>Acuerdo con Armstrong, el municipio donde el Campo levanta Bandera.<\/p>\n","protected":false},"author":1,"featured_media":45938,"comment_status":"open","ping_status":"open","sticky":false,"template":"","format":"image","meta":{"_jetpack_memberships_contains_paid_content":false,"footnotes":"","jetpack_publicize_message":"","jetpack_publicize_feature_enabled":true,"jetpack_social_post_already_shared":true,"jetpack_social_options":{"image_generator_settings":{"template":"highway","default_image_id":0,"enabled":false},"version":2}},"categories":[8,1,2,7,3],"tags":[2561,8750,20,1894,100,5030,11622,8777,217],"class_list":["post-45937","post","type-post","status-publish","format-image","has-post-thumbnail","hentry","category-deliberando","category-diario-armstrong","category-locales","category-politica","category-region","tag-acuerdo","tag-agroactiva-2","tag-armstrong","tag-bandera","tag-con","tag-diario-armstrong","tag-levanta","tag-lic-graciela-de-la-casa","tag-municipio","post_format-post-format-image"],"jetpack_publicize_connections":[],"jetpack_featured_media_url":"https:\/\/armstrongyregion.com.ar\/diario\/wp-content\/uploads\/2025\/04\/LUZZI-NARDI-.jpg","jetpack_shortlink":"https:\/\/wp.me\/p62QDO-bWV","jetpack_sharing_enabled":true,"amp_enabled":true,"_links":{"self":[{"href":"https:\/\/armstrongyregion.com.ar\/diario\/wp-json\/wp\/v2\/posts\/45937","targetHints":{"allow":["GET"]}}],"collection":[{"href":"https:\/\/armstrongyregion.com.ar\/diario\/wp-json\/wp\/v2\/posts"}],"about":[{"href":"https:\/\/armstrongyregion.com.ar\/diario\/wp-json\/wp\/v2\/types\/post"}],"author":[{"embeddable":true,"href":"https:\/\/armstrongyregion.com.ar\/diario\/wp-json\/wp\/v2\/users\/1"}],"replies":[{"embeddable":true,"href":"https:\/\/armstrongyregion.com.ar\/diario\/wp-json\/wp\/v2\/comments?post=45937"}],"version-history":[{"count":1,"href":"https:\/\/armstrongyregion.com.ar\/diario\/wp-json\/wp\/v2\/posts\/45937\/revisions"}],"predecessor-version":[{"id":45939,"href":"https:\/\/armstrongyregion.com.ar\/diario\/wp-json\/wp\/v2\/posts\/45937\/revisions\/45939"}],"wp:featuredmedia":[{"embeddable":true,"href":"https:\/\/armstrongyregion.com.ar\/diario\/wp-json\/wp\/v2\/media\/45938"}],"wp:attachment":[{"href":"https:\/\/armstrongyregion.com.ar\/diario\/wp-json\/wp\/v2\/media?parent=45937"}],"wp:term":[{"taxonomy":"category","embeddable":true,"href":"https:\/\/armstrongyregion.com.ar\/diario\/wp-json\/wp\/v2\/categories?post=45937"},{"taxonomy":"post_tag","embeddable":true,"href":"https:\/\/armstrongyregion.com.ar\/diario\/wp-json\/wp\/v2\/tags?post=45937"}],"curies":[{"name":"wp","href":"https:\/\/api.w.org\/{rel}","templated":true}]}}