{"id":45934,"date":"2025-04-09T20:27:47","date_gmt":"2025-04-09T20:27:47","guid":{"rendered":"https:\/\/armstrongyregion.com.ar\/diario\/?p=45934"},"modified":"2025-04-09T20:27:49","modified_gmt":"2025-04-09T20:27:49","slug":"hallaron-un-cuerpo-calcinado-en-un-camino-rural-de-canada-de-gomez","status":"publish","type":"post","link":"https:\/\/armstrongyregion.com.ar\/diario\/hallaron-un-cuerpo-calcinado-en-un-camino-rural-de-canada-de-gomez\/","title":{"rendered":"Hallaron un cuerpo calcinado en un camino rural de Ca\u00f1ada de G\u00f3mez."},"content":{"rendered":"\n<figure class=\"wp-block-image size-large\"><img loading=\"lazy\" decoding=\"async\" width=\"640\" height=\"475\" src=\"http:\/\/armstrongyregion.com.ar\/diario\/wp-content\/uploads\/2025\/04\/MUERTITOCDG-640x475.jpg\" alt=\"\" class=\"wp-image-45935\" srcset=\"https:\/\/armstrongyregion.com.ar\/diario\/wp-content\/uploads\/2025\/04\/MUERTITOCDG-640x475.jpg 640w, https:\/\/armstrongyregion.com.ar\/diario\/wp-content\/uploads\/2025\/04\/MUERTITOCDG-300x223.jpg 300w, https:\/\/armstrongyregion.com.ar\/diario\/wp-content\/uploads\/2025\/04\/MUERTITOCDG.jpg 645w\" sizes=\"auto, (max-width: 640px) 100vw, 640px\" \/><\/figure>\n\n\n\n<p><strong>El fallecido es un hombre de 39 a\u00f1os con un \u201cfrondoso prontuario\u201d por delitos contra la propiedad. La Polic\u00eda encontr\u00f3 un bid\u00f3n de nafta a pocos metros del cad\u00e1ver.<\/strong><\/p>\n\n\n\n<p>El martes en horas de la tarde la ciudad de Ca\u00f1ada de G\u00f3mez qued\u00f3 at\u00f3nita al haber aparecido a la vera del arroyo un hombre sin vida totalmente calcinado.<\/p>\n\n\n\n<p>Vecinos caminando por calle Sargento Cabral y el segundo puente del arroyo hacia el oeste de la ciudad, el cual se encuentra entre calles Chuquisaca y Alem, encontraron el cuerpo de un hombre calcinado ubicado en uno de los desag\u00fces del mismo.<\/p>\n\n\n\n<p>El Fiscal Franco Miatello es quien se encuentra al frente de esta causa. Desde la Fiscalia de Rosario del MPA confirman que el hombre presentaba signos de calcinaci\u00f3n.<\/p>\n\n\n\n<p>Los primeros ex\u00e1menes m\u00e9dicos dan cuenta que no presenta signos de violencia externa, ni heridas de arma blanca, ni de fuego. Dicha persona est\u00e1 identificada pero se mantiene en reserva por el momento ya que es un joven que presentaba diversas situaciones de consumo.<\/p>\n\n\n\n<p>Se llevaron a cabo tareas de levantamiento de rastros y tomas de testimonios.<\/p>\n\n\n\n<p>Una de las principales hip\u00f3tesis seg\u00fan fiscal\u00eda es que podr\u00eda tratarse de un hecho de suicidio, pero no se desestima un homicidio. Se siguen desarrollando las tareas investigativas correspondientes para determinar la mec\u00e1nica del hecho.<\/p>\n\n\n\n<p>Redacci\u00f3n \/&nbsp;<strong><a href=\"https:\/\/cdg24.com.ar\/informacion-oficial-del-hombre-encontrado-calcinado-a-la-vera-del-arroyo-canada-de-gomez\/\" rel=\"noreferrer noopener\" target=\"_blank\">CDG24<\/a><\/strong><\/p>\n\n\n\n<p><\/p>\n\n\n\n<p><a href=\"https:\/\/www.facebook.com\/sharer\/sharer.php?u=https:\/\/renacerfm.com.ar\/contenido\/20261\/hallaron-un-cuerpo-calcinado-en-un-camino-rural-de-canada-de-gomez\" target=\"_blank\" rel=\"noreferrer noopener\"><\/a><a href=\"https:\/\/twitter.com\/intent\/tweet?url=https:\/\/renacerfm.com.ar\/contenido\/20261\/hallaron-un-cuerpo-calcinado-en-un-camino-rural-de-canada-de-gomez&amp;text=HALLARON%20UN%20CUERPO%20CALCINADO%20EN%20UN%20CAMINO%20RURAL%20DE%20CA%C3%91ADA%20DE%20G%C3%93MEZ\" target=\"_blank\" rel=\"noreferrer noopener\"><\/a><a href=\"https:\/\/www.linkedin.com\/shareArticle?url=https:\/\/renacerfm.com.ar\/contenido\/20261\/hallaron-un-cuerpo-calcinado-en-un-camino-rural-de-canada-de-gomez\" target=\"_blank\" rel=\"noreferrer noopener\"><\/a><a href=\"https:\/\/pinterest.com\/pin\/create\/bookmarklet\/?url=https:\/\/renacerfm.com.ar\/contenido\/20261\/hallaron-un-cuerpo-calcinado-en-un-camino-rural-de-canada-de-gomez\" target=\"_blank\" rel=\"noreferrer noopener\"><\/a><a href=\"https:\/\/api.whatsapp.com\/send?text=HALLARON%20UN%20CUERPO%20CALCINADO%20EN%20UN%20CAMINO%20RURAL%20DE%20CA%C3%91ADA%20DE%20G%C3%93MEZ+https:\/\/renacerfm.com.ar\/contenido\/20261\/hallaron-un-cuerpo-calcinado-en-un-camino-rural-de-canada-de-gomez\" target=\"_blank\" rel=\"noreferrer noopener\"><\/a><\/p>\n","protected":false},"excerpt":{"rendered":"<p>Hallaron un cuerpo calcinado en un camino rural de Ca\u00f1ada de G\u00f3mez.<\/p>\n","protected":false},"author":1,"featured_media":45935,"comment_status":"open","ping_status":"open","sticky":false,"template":"","format":"image","meta":{"_jetpack_memberships_contains_paid_content":false,"footnotes":"","jetpack_publicize_message":"","jetpack_publicize_feature_enabled":true,"jetpack_social_post_already_shared":true,"jetpack_social_options":{"image_generator_settings":{"template":"highway","default_image_id":0,"enabled":false},"version":2}},"categories":[8,1,2,7,3],"tags":[11620,11621,420,1117,5030,8777],"class_list":["post-45934","post","type-post","status-publish","format-image","has-post-thumbnail","hentry","category-deliberando","category-diario-armstrong","category-locales","category-politica","category-region","tag-calcinado","tag-camino-rural","tag-canada-de-gomez","tag-cuerpo","tag-diario-armstrong","tag-lic-graciela-de-la-casa","post_format-post-format-image"],"jetpack_publicize_connections":[],"jetpack_featured_media_url":"https:\/\/armstrongyregion.com.ar\/diario\/wp-content\/uploads\/2025\/04\/MUERTITOCDG.jpg","jetpack_shortlink":"https:\/\/wp.me\/p62QDO-bWS","jetpack_sharing_enabled":true,"amp_enabled":true,"_links":{"self":[{"href":"https:\/\/armstrongyregion.com.ar\/diario\/wp-json\/wp\/v2\/posts\/45934","targetHints":{"allow":["GET"]}}],"collection":[{"href":"https:\/\/armstrongyregion.com.ar\/diario\/wp-json\/wp\/v2\/posts"}],"about":[{"href":"https:\/\/armstrongyregion.com.ar\/diario\/wp-json\/wp\/v2\/types\/post"}],"author":[{"embeddable":true,"href":"https:\/\/armstrongyregion.com.ar\/diario\/wp-json\/wp\/v2\/users\/1"}],"replies":[{"embeddable":true,"href":"https:\/\/armstrongyregion.com.ar\/diario\/wp-json\/wp\/v2\/comments?post=45934"}],"version-history":[{"count":1,"href":"https:\/\/armstrongyregion.com.ar\/diario\/wp-json\/wp\/v2\/posts\/45934\/revisions"}],"predecessor-version":[{"id":45936,"href":"https:\/\/armstrongyregion.com.ar\/diario\/wp-json\/wp\/v2\/posts\/45934\/revisions\/45936"}],"wp:featuredmedia":[{"embeddable":true,"href":"https:\/\/armstrongyregion.com.ar\/diario\/wp-json\/wp\/v2\/media\/45935"}],"wp:attachment":[{"href":"https:\/\/armstrongyregion.com.ar\/diario\/wp-json\/wp\/v2\/media?parent=45934"}],"wp:term":[{"taxonomy":"category","embeddable":true,"href":"https:\/\/armstrongyregion.com.ar\/diario\/wp-json\/wp\/v2\/categories?post=45934"},{"taxonomy":"post_tag","embeddable":true,"href":"https:\/\/armstrongyregion.com.ar\/diario\/wp-json\/wp\/v2\/tags?post=45934"}],"curies":[{"name":"wp","href":"https:\/\/api.w.org\/{rel}","templated":true}]}}