{"id":45929,"date":"2025-04-08T18:11:02","date_gmt":"2025-04-08T18:11:02","guid":{"rendered":"https:\/\/armstrongyregion.com.ar\/diario\/?p=45929"},"modified":"2025-04-08T18:11:03","modified_gmt":"2025-04-08T18:11:03","slug":"pullaro-hay-una-provincia-comprometida-que-quiere-la-mejor-calidad-educativa-de-la-republica-argentina","status":"publish","type":"post","link":"https:\/\/armstrongyregion.com.ar\/diario\/pullaro-hay-una-provincia-comprometida-que-quiere-la-mejor-calidad-educativa-de-la-republica-argentina\/","title":{"rendered":"Pullaro: \u201cHay una Provincia comprometida que quiere la mejor calidad educativa de la Rep\u00fablica Argentina\u201d"},"content":{"rendered":"\n<figure class=\"wp-block-image size-large\"><img loading=\"lazy\" decoding=\"async\" width=\"640\" height=\"426\" src=\"http:\/\/armstrongyregion.com.ar\/diario\/wp-content\/uploads\/2025\/04\/Pullaro-Goity-640x426.jpg\" alt=\"\" class=\"wp-image-45930\" srcset=\"https:\/\/armstrongyregion.com.ar\/diario\/wp-content\/uploads\/2025\/04\/Pullaro-Goity-640x426.jpg 640w, https:\/\/armstrongyregion.com.ar\/diario\/wp-content\/uploads\/2025\/04\/Pullaro-Goity-300x200.jpg 300w, https:\/\/armstrongyregion.com.ar\/diario\/wp-content\/uploads\/2025\/04\/Pullaro-Goity-768x512.jpg 768w, https:\/\/armstrongyregion.com.ar\/diario\/wp-content\/uploads\/2025\/04\/Pullaro-Goity.jpg 800w\" sizes=\"auto, (max-width: 640px) 100vw, 640px\" \/><\/figure>\n\n\n\n<h2 class=\"wp-block-heading\">Pullaro: \u201cHay una Provincia comprometida que quiere la mejor calidad educativa de la Rep\u00fablica Argentina\u201d<\/h2>\n\n\n\n<p>El gobernador Maximiliano Pullaro, junto al ministro de Educaci\u00f3n de Santa Fe, Jos\u00e9 Goity, recibieron un reconocimiento de la Campa\u00f1a Nacional por la Alfabetizaci\u00f3n \u201cQue Entiendan Lo Que Lean\u201d. En la oportunidad, el director ejecutivo de Argentinos por la Educaci\u00f3n, una de las 200 organizaciones que impulsan la Campa\u00f1a, Ignacio Ibarz\u00e1bal, entreg\u00f3 un certificado a la Provincia de Santa Fe en reconocimiento al \u201ccompromiso en la implementaci\u00f3n de su plan de alfabetizaci\u00f3n y destaca los avances logrados\u201d.<\/p>\n\n\n\n<p>Al recibir la distinci\u00f3n, el gobernador destac\u00f3: \u201cEs un profundo honor recibir este reconocimiento y quiero agradecer a esta organizaci\u00f3n que viene desde afuera a aportar ideas, conceptos, pero tambi\u00e9n valores y principios que tenemos que llevar adelante cuando construimos pol\u00edticas p\u00fablicas o cuando le damos prioridad a las pol\u00edticas p\u00fablicas\u201d.<\/p>\n\n\n\n<p>\u201cCuando uno analiza una pol\u00edtica p\u00fablica, lo primero que analiza es el presupuesto destinado a ella y, lo que podemos evaluar en la provincia de Santa Fe, es que el problema no est\u00e1 en los recursos que dispone el Poder Ejecutivo a trav\u00e9s del presupuesto, a\u00f1o tras a\u00f1o, sino est\u00e1 en el reordenamiento del sistema educativo en su conjunto. Y para dar estos debates uno tiene que estar dispuesto a salir de los lugares de comodidad\u201d, dijo Pullaro.<\/p>\n\n\n\n<figure class=\"wp-block-image\"><img decoding=\"async\" src=\"https:\/\/ci3.googleusercontent.com\/meips\/ADKq_Nank2sdkTonOiOOjWCgyzRTdVylalopSJ_ajnt3YJVo2KXanbWEfaI5lv_bBNcXGtRtG1qag4SCBphmJ5YS3mXWZIhnkSz_L4MkJNpkwTyBQvl2bmXeIBhNS7oVA3XpfslA5wdfwu71tRhRuOc=s0-d-e1-ft#https:\/\/www.santafe.gov.ar\/noticias\/recursos\/fotos\/2025\/04\/2025-04-08NID_282739O_2.jpeg\" alt=\"\"\/><\/figure>\n\n\n\n<p>Y agreg\u00f3: \u201cNo vinimos a dejar que las cosas sigan sucediendo de la misma manera, sino que vinimos a dar debates inc\u00f3modos. Y entendimos que era fundamental tener un programa de alfabetizaci\u00f3n que sea igual para un ni\u00f1o o una ni\u00f1a del norte, de una escuela de Gato Colorado, o del sur, de una escuela de Aar\u00f3n Castellanos\u201d.<\/p>\n\n\n\n<p>Asimismo, remarc\u00f3 que este programa \u201cviene de la mano de un aporte muy grande en lo que es la infraestructura escolar\u201d, porque \u201csi los docentes, los directivos y fundamentalmente los ni\u00f1os y las ni\u00f1as no tienen una infraestructura amigable, una infraestructura acorde es muy dif\u00edcil que se puedan desarrollar los aprendizajes como corresponde en cada uno de los establecimientos escolares\u201d. \u201cAqu\u00ed hay una provincia comprometida y que quiere que sus ni\u00f1os, ni\u00f1as y adolescentes tengan la mejor calidad educativa de toda la Rep\u00fablica Argentina y de Am\u00e9rica Latina\u201d, concluy\u00f3.<\/p>\n\n\n\n<p><strong>Una responsabilidad indelegable del Estado<\/strong><\/p>\n\n\n\n<p>Por su parte, el ministro Goity se refiri\u00f3 a la alfabetizaci\u00f3n como \u201cun tema prioritario para la agenda de este Gobierno. La alfabetizaci\u00f3n, y sobre todo la alfabetizaci\u00f3n inicial, es la base sobre la cual se asientan todos los aprendizajes que vamos a tener a lo largo de nuestra vida. Entonces, tener una alfabetizaci\u00f3n inicial consistente, es lo que nos va a dar la posibilidad de desarrollar una biograf\u00eda escolar que nos supere, que nos permita ponernos en otro lugar\u201d, apunt\u00f3. \u201cHay una responsabilidad indelegable del Estado. El Estado y el sistema educativo es quien debe alfabetizar y quien debe proveerlos de los conocimientos fundamentales para el desarrollo de una vida plena\u201d, agreg\u00f3.<\/p>\n\n\n\n<figure class=\"wp-block-image\"><img decoding=\"async\" src=\"https:\/\/ci3.googleusercontent.com\/meips\/ADKq_NZco5wLRActc3EgO0KuWV4bl2OP1V6s3K3FkdfoE2g6oZN-rLBBil2BzOXLB0iVIMMxrKnP49dJCaA-BGhKYo1x5k3WaJYdjq1LWc_SCQnQyAfVv8iH5y1DWqrGvIFuwMduDmDIDlS9yM3oL6A=s0-d-e1-ft#https:\/\/www.santafe.gov.ar\/noticias\/recursos\/fotos\/2025\/04\/2025-04-08NID_282739O_3.jpeg\" alt=\"\"\/><\/figure>\n\n\n\n<p>A continuaci\u00f3n, destac\u00f3: \u201cEstamos trabajando en la evaluaci\u00f3n y el seguimiento del Plan de Alfabetizaci\u00f3n Ra\u00edz. Lo hemos hecho de una manera muy consciente, de una manera muy medular, analizando los puntos cr\u00edticos sobre los cuales tiene que sostenerse un plan educativo y particularmente un plan que tenga la alfabetizaci\u00f3n como objeto. Y hemos quedado muy satisfechos con ese trabajo\u201d.<\/p>\n\n\n\n<p>Finalmente, Ibarz\u00e1bal, explic\u00f3 que \u201ceste reconocimiento lo estamos otorgando en base a un proceso riguroso de an\u00e1lisis de distintos componentes de la pol\u00edtica de alfabetizaci\u00f3n de la provincia que tienen que ver tanto con la nominalidad de los estudiantes y el seguimiento de la asistencia, como con la capacitaci\u00f3n docente, la entrega de materiales en las escuelas,&nbsp; la evaluaci\u00f3n y tambi\u00e9n con el proceso de institucionalizaci\u00f3n de esta pol\u00edtica\u201d. \u201cHoy, a poco tiempo del inicio de la gesti\u00f3n, nos parece importante reconocer el proceso. No es lo mismo estar actuando que no estar actuando y ac\u00e1 estamos viendo una serie de acciones consistentes que deber\u00edan llevar a una mejora en los resultados\u201d, remarc\u00f3 y concluy\u00f3: \u201cSin educaci\u00f3n no es posible ni la inclusi\u00f3n ni el desarrollo ni el crecimiento y nosotros estamos comprometidos con ese futuro\u201d.<\/p>\n\n\n\n<figure class=\"wp-block-image\"><img decoding=\"async\" src=\"https:\/\/ci3.googleusercontent.com\/meips\/ADKq_NZ4WhcJ1tGt0G4AdJDhlIspE66lKXOgoKU3tmdMQ20lB0cuyEvqvs3c4AwFC-2B-efY87e0ulIktjUzI_tnEboAXg-VftyghXa-tX9S4GTTb8nGJzTEq3bSIH9BjkxT6emtUlE5SeQ7IrryMlA=s0-d-e1-ft#https:\/\/www.santafe.gov.ar\/noticias\/recursos\/fotos\/2025\/04\/2025-04-08NID_282739O_7.jpeg\" alt=\"\"\/><\/figure>\n\n\n\n<p>En el acto estuvieron presentes, adem\u00e1s, las secretaria General del Ministerio de Educaci\u00f3n, Mar\u00eda Mart\u00edn, ls secretaria de Educaci\u00f3n, Carolina Piedrabuena, la secretaria de Gesti\u00f3n Territorial Educativa, Daiana Gallo Ambrosis, la secretaria de Coordinaci\u00f3n y Gesti\u00f3n de Recursos, Florencia Gonz\u00e1lez y la subsecretaria de Calidad Educativa, Mariana Migliaro, entre otras autoridades.<\/p>\n","protected":false},"excerpt":{"rendered":"<p>Pullaro: \u201cHay una Provincia comprometida que quiere la mejor calidad educativa de la Rep\u00fablica Argentina\u201d<\/p>\n","protected":false},"author":1,"featured_media":45930,"comment_status":"open","ping_status":"open","sticky":false,"template":"","format":"image","meta":{"_jetpack_memberships_contains_paid_content":false,"footnotes":"","jetpack_publicize_message":"","jetpack_publicize_feature_enabled":true,"jetpack_social_post_already_shared":true,"jetpack_social_options":{"image_generator_settings":{"template":"highway","default_image_id":0,"enabled":false},"version":2}},"categories":[8,1,2,7,3],"tags":[2288,5030,9548,10089,8777,2846,3381],"class_list":["post-45929","post","type-post","status-publish","format-image","has-post-thumbnail","hentry","category-deliberando","category-diario-armstrong","category-locales","category-politica","category-region","tag-calidad","tag-diario-armstrong","tag-educativa","tag-goity","tag-lic-graciela-de-la-casa","tag-pullaro","tag-santa-fe","post_format-post-format-image"],"jetpack_publicize_connections":[],"jetpack_featured_media_url":"https:\/\/armstrongyregion.com.ar\/diario\/wp-content\/uploads\/2025\/04\/Pullaro-Goity.jpg","jetpack_shortlink":"https:\/\/wp.me\/p62QDO-bWN","jetpack_sharing_enabled":true,"amp_enabled":true,"_links":{"self":[{"href":"https:\/\/armstrongyregion.com.ar\/diario\/wp-json\/wp\/v2\/posts\/45929","targetHints":{"allow":["GET"]}}],"collection":[{"href":"https:\/\/armstrongyregion.com.ar\/diario\/wp-json\/wp\/v2\/posts"}],"about":[{"href":"https:\/\/armstrongyregion.com.ar\/diario\/wp-json\/wp\/v2\/types\/post"}],"author":[{"embeddable":true,"href":"https:\/\/armstrongyregion.com.ar\/diario\/wp-json\/wp\/v2\/users\/1"}],"replies":[{"embeddable":true,"href":"https:\/\/armstrongyregion.com.ar\/diario\/wp-json\/wp\/v2\/comments?post=45929"}],"version-history":[{"count":1,"href":"https:\/\/armstrongyregion.com.ar\/diario\/wp-json\/wp\/v2\/posts\/45929\/revisions"}],"predecessor-version":[{"id":45931,"href":"https:\/\/armstrongyregion.com.ar\/diario\/wp-json\/wp\/v2\/posts\/45929\/revisions\/45931"}],"wp:featuredmedia":[{"embeddable":true,"href":"https:\/\/armstrongyregion.com.ar\/diario\/wp-json\/wp\/v2\/media\/45930"}],"wp:attachment":[{"href":"https:\/\/armstrongyregion.com.ar\/diario\/wp-json\/wp\/v2\/media?parent=45929"}],"wp:term":[{"taxonomy":"category","embeddable":true,"href":"https:\/\/armstrongyregion.com.ar\/diario\/wp-json\/wp\/v2\/categories?post=45929"},{"taxonomy":"post_tag","embeddable":true,"href":"https:\/\/armstrongyregion.com.ar\/diario\/wp-json\/wp\/v2\/tags?post=45929"}],"curies":[{"name":"wp","href":"https:\/\/api.w.org\/{rel}","templated":true}]}}