{"id":45918,"date":"2025-04-08T00:13:18","date_gmt":"2025-04-08T00:13:18","guid":{"rendered":"https:\/\/armstrongyregion.com.ar\/diario\/?p=45918"},"modified":"2025-04-08T01:32:57","modified_gmt":"2025-04-08T01:32:57","slug":"deliberando-de-cara-a-las-elecciones-convencionales-constituyentes","status":"publish","type":"post","link":"https:\/\/armstrongyregion.com.ar\/diario\/deliberando-de-cara-a-las-elecciones-convencionales-constituyentes\/","title":{"rendered":"Deliberando: De cara a las Elecciones Convencionales Constituyentes."},"content":{"rendered":"\n<figure class=\"wp-block-image size-large\"><img loading=\"lazy\" decoding=\"async\" width=\"480\" height=\"480\" src=\"http:\/\/armstrongyregion.com.ar\/diario\/wp-content\/uploads\/2025\/04\/CONVENCIONALES-8-4-25-480x480.jpg\" alt=\"\" class=\"wp-image-45919\" srcset=\"https:\/\/armstrongyregion.com.ar\/diario\/wp-content\/uploads\/2025\/04\/CONVENCIONALES-8-4-25-480x480.jpg 480w, https:\/\/armstrongyregion.com.ar\/diario\/wp-content\/uploads\/2025\/04\/CONVENCIONALES-8-4-25-300x300.jpg 300w, https:\/\/armstrongyregion.com.ar\/diario\/wp-content\/uploads\/2025\/04\/CONVENCIONALES-8-4-25-150x150.jpg 150w, https:\/\/armstrongyregion.com.ar\/diario\/wp-content\/uploads\/2025\/04\/CONVENCIONALES-8-4-25.jpg 720w\" sizes=\"auto, (max-width: 480px) 100vw, 480px\" \/><\/figure>\n\n\n\n<p>Tres Miradas, una Misi\u00f3n: El programa contar\u00e1 con la participaci\u00f3n de tres figuras clave de la contienda electoral de las elecciones a realizarse el pr\u00f3ximo 13 de abril a Convencionales Constituyentes: <\/p>\n\n\n\n<p>\u2022 Dr. Pablo Verdecchia candidato de la Lista \u00abUnidos\u00bb, por el departamento Belgrano, compartir\u00e1 su experiencia como senador, detallando su visi\u00f3n sobre las reformas necesarias. Analizaremos su trabajo legislativo, su estrategia de campa\u00f1a y su respuesta a las cr\u00edticas de otros candidatos. Descubriremos cu\u00e1les son, para \u00e9l, los art\u00edculos m\u00e1s importantes a modificar.<\/p>\n\n\n\n<p> \u2022  El concejal de Las Rosa Marcos Di Santo, integrante de la lista \u00abM\u00e1s para Santa Fe\u00bb expondr\u00e1 sus propuestas y argumentos para ser convencional constituyente. Analizaremos su postura sobre las controversias pol\u00edticas de la campa\u00f1a y los puntos clave que considera prioritarios para modificar en la constituci\u00f3n.<\/p>\n\n\n\n<p> \u2022 Ex Senador del Departamento Belgrano Alberto Crossetti,  representando la lista \u00abActivemos\u00bb presentar\u00e1 las propuestas de su espacio y abordar\u00e1 los temas centrales de la convenci\u00f3n constituyente. Se diferenciar\u00e1 de otros candidatos y explicar\u00e1 su postura sobre la unicameralidad, un tema que, a pesar de no estar en la agenda oficial, ha generado debate. Tambi\u00e9n cuestionar\u00e1 la falta de claridad en las propuestas de algunos candidatos.<\/p>\n\n\n\n<p> \u00abDeliberando\u00bb ofrece un espacio de di\u00e1logo crucial para comprender las propuestas de los candidatos y el impacto de las reformas constitucionales en la provincia de Santa Fe. No se lo pierda! Martes 8 de Abril, a las 21 hs por Cable Imagen Armstrong.<\/p>\n\n\n\n<p>Conducci\u00f3n: Lic. Graciela de la Casa y Oscar Crispino.<\/p>\n","protected":false},"excerpt":{"rendered":"<p>Deliberando: De cara a las Elecciones Convencionales Constituyentes.<\/p>\n","protected":false},"author":1,"featured_media":45919,"comment_status":"open","ping_status":"open","sticky":false,"template":"","format":"image","meta":{"_jetpack_memberships_contains_paid_content":false,"footnotes":"","jetpack_publicize_message":"","jetpack_publicize_feature_enabled":true,"jetpack_social_post_already_shared":true,"jetpack_social_options":{"image_generator_settings":{"template":"highway","default_image_id":0,"enabled":false},"version":2}},"categories":[8,1,2,7,3],"tags":[11401,11348,44,5030,8495,8777],"class_list":["post-45918","post","type-post","status-publish","format-image","has-post-thumbnail","hentry","category-deliberando","category-diario-armstrong","category-locales","category-politica","category-region","tag-constituyentes","tag-convencionales","tag-deliberando-2","tag-diario-armstrong","tag-elecciones-2","tag-lic-graciela-de-la-casa","post_format-post-format-image"],"jetpack_publicize_connections":[],"jetpack_featured_media_url":"https:\/\/armstrongyregion.com.ar\/diario\/wp-content\/uploads\/2025\/04\/CONVENCIONALES-8-4-25.jpg","jetpack_shortlink":"https:\/\/wp.me\/p62QDO-bWC","jetpack_sharing_enabled":true,"amp_enabled":true,"_links":{"self":[{"href":"https:\/\/armstrongyregion.com.ar\/diario\/wp-json\/wp\/v2\/posts\/45918","targetHints":{"allow":["GET"]}}],"collection":[{"href":"https:\/\/armstrongyregion.com.ar\/diario\/wp-json\/wp\/v2\/posts"}],"about":[{"href":"https:\/\/armstrongyregion.com.ar\/diario\/wp-json\/wp\/v2\/types\/post"}],"author":[{"embeddable":true,"href":"https:\/\/armstrongyregion.com.ar\/diario\/wp-json\/wp\/v2\/users\/1"}],"replies":[{"embeddable":true,"href":"https:\/\/armstrongyregion.com.ar\/diario\/wp-json\/wp\/v2\/comments?post=45918"}],"version-history":[{"count":3,"href":"https:\/\/armstrongyregion.com.ar\/diario\/wp-json\/wp\/v2\/posts\/45918\/revisions"}],"predecessor-version":[{"id":45923,"href":"https:\/\/armstrongyregion.com.ar\/diario\/wp-json\/wp\/v2\/posts\/45918\/revisions\/45923"}],"wp:featuredmedia":[{"embeddable":true,"href":"https:\/\/armstrongyregion.com.ar\/diario\/wp-json\/wp\/v2\/media\/45919"}],"wp:attachment":[{"href":"https:\/\/armstrongyregion.com.ar\/diario\/wp-json\/wp\/v2\/media?parent=45918"}],"wp:term":[{"taxonomy":"category","embeddable":true,"href":"https:\/\/armstrongyregion.com.ar\/diario\/wp-json\/wp\/v2\/categories?post=45918"},{"taxonomy":"post_tag","embeddable":true,"href":"https:\/\/armstrongyregion.com.ar\/diario\/wp-json\/wp\/v2\/tags?post=45918"}],"curies":[{"name":"wp","href":"https:\/\/api.w.org\/{rel}","templated":true}]}}