{"id":45915,"date":"2025-04-07T21:59:02","date_gmt":"2025-04-07T21:59:02","guid":{"rendered":"https:\/\/armstrongyregion.com.ar\/diario\/?p=45915"},"modified":"2025-04-07T21:59:04","modified_gmt":"2025-04-07T21:59:04","slug":"provincia-avanza-con-el-plan-de-alfabetizacion-raiz","status":"publish","type":"post","link":"https:\/\/armstrongyregion.com.ar\/diario\/provincia-avanza-con-el-plan-de-alfabetizacion-raiz\/","title":{"rendered":"Provincia avanza con el Plan de Alfabetizaci\u00f3n Ra\u00edz."},"content":{"rendered":"\n<figure class=\"wp-block-image size-full\"><img loading=\"lazy\" decoding=\"async\" width=\"570\" height=\"320\" src=\"http:\/\/armstrongyregion.com.ar\/diario\/wp-content\/uploads\/2025\/04\/RAIZ-ALFABETIZACION-.jpg\" alt=\"\" class=\"wp-image-45916\" srcset=\"https:\/\/armstrongyregion.com.ar\/diario\/wp-content\/uploads\/2025\/04\/RAIZ-ALFABETIZACION-.jpg 570w, https:\/\/armstrongyregion.com.ar\/diario\/wp-content\/uploads\/2025\/04\/RAIZ-ALFABETIZACION--300x168.jpg 300w\" sizes=\"auto, (max-width: 570px) 100vw, 570px\" \/><\/figure>\n\n\n\n<p><strong>Pullaro y el ministro de Educaci\u00f3n, Jos\u00e9 Goity, acompa\u00f1aron la entrega de libros para ni\u00f1os y ni\u00f1as de primer y segundo grado y docentes. \u201cEl objetivo es que todos los chicos y chicas de la provincia puedan tener un conocimiento uniforme y puedan llevar adelante la misma forma de leer y escribir\u201d, se\u00f1al\u00f3 el gobernador.<\/strong><\/p>\n\n\n\n<p>En el marco del Plan de Alfabetizaci\u00f3n Ra\u00edz, el gobernador de la provincia de Santa Fe, Maximiliano Pullaro, y el ministro de Educaci\u00f3n, Jos\u00e9 Goity, acompa\u00f1aron la entrega de libros en el Complejo Educativo Cristiano IEMA de la ciudad de Rosario.&nbsp;<\/p>\n\n\n\n<p>En la oportunidad, Pullaro y Goity dialogaron con los directivos de la instituci\u00f3n educativa, donde se destinaron 61 ejemplares de los libros de lectura y de actividades, \u201cD\u00edas Animados\u201d, destinados a ni\u00f1os y ni\u00f1as de primer grado; y 75 ejemplares de los libros de actividades y lectura, \u201cAventuras en el Cerro y Cuentos con Sorpresas y Picard\u00edas\u201d, para ni\u00f1os y ni\u00f1as de segundo grado. Tambi\u00e9n recibi\u00f3 libros de trabajo el cuerpo docente del complejo educativo que fue fundado en 1992.<\/p>\n\n\n\n<figure class=\"wp-block-image\"><img decoding=\"async\" src=\"https:\/\/ci3.googleusercontent.com\/meips\/ADKq_NYd3uzvxWtFYO_I9NoqdK-4evrpi5QHoQoiN1PUy-SjzcW3JxPlLx1L8obAWGWpItIblPOj4EJ_VVTyURgzuRdrG91c2BeA1zwCAqoOKnSWyjmBlPJVx-OHefl3R49YxbXvtduIyoPprNBksH0=s0-d-e1-ft#https:\/\/www.santafe.gob.ar\/noticias\/recursos\/fotos\/2025\/04\/2025-04-07NID_282731O_2.jpeg\" alt=\"\"\/><\/figure>\n\n\n\n<p>Durante la actividad, Pullaro destac\u00f3 \u201cel Plan Ra\u00edz que apuesta a que todos los chicos y chicas de la provincia de Santa Fe puedan tener un conocimiento uniforme y puedan llevar adelante la misma forma de leer y escribir. Ese objetivo es para primer y segundo grado, despu\u00e9s vamos a autoevaluarnos como provincia porque queremos que nuestros chicos sean los que m\u00e1s sepan de toda la Rep\u00fablica Argentina\u201d.&nbsp;<\/p>\n\n\n\n<p>En ese sentido, el gobernador expres\u00f3: \u201cPara eso es muy importante que sepan leer y escribir. Por eso entregamos un libro a cada chico y a cada chica de toda la provincia de Santa Fe. El estudio y el conocimiento es algo que nadie les va a sacar\u201d.&nbsp;<\/p>\n\n\n\n<p>Por su parte, Goity se\u00f1al\u00f3: \u00abHoy es un d\u00eda importante porque entregamos libros junto al gobernador, que se preocupa por la lectura, por la escritura y por lo que todos ustedes puedan aprender. Estamos ac\u00e1 para que tengan un muy buen futuro y puedan progresar en este pa\u00eds y en esta provincia\u00bb.<\/p>\n\n\n\n<figure class=\"wp-block-image\"><img decoding=\"async\" src=\"https:\/\/ci3.googleusercontent.com\/meips\/ADKq_NYZdYmUEzjA1U5KBJ_LBbJI57TLGH2CF_umVCmQ7OJx6oSFBk9W4WCO9hVcOmC53BXMu2DOG9m6h67Jd_xW6qZP3IP2_nY_3MSfPSY2r6UhXyXqsyeDEHk3Hh5_plG0Rv5sM33gFLZCibqA5ig=s0-d-e1-ft#https:\/\/www.santafe.gob.ar\/noticias\/recursos\/fotos\/2025\/04\/2025-04-07NID_282731O_3.jpeg\" alt=\"\"\/><\/figure>\n\n\n\n<p><strong>Mejorar los niveles de aprendizaje<\/strong><\/p>\n\n\n\n<p>Ra\u00edz es un Plan de Alfabetizaci\u00f3n integral que implement\u00f3 el Gobierno de la Provincia durante el a\u00f1o pasado para que, progresivamente, todos los ni\u00f1os y ni\u00f1as alcancen los niveles de alfabetizaci\u00f3n esperables para su situaci\u00f3n escolar y para dar un impulso significativo para la mejora general de los niveles de aprendizaje en la provincia.&nbsp;<\/p>\n\n\n\n<p>Cabe destacar que en 2025, a trav\u00e9s de Ra\u00edz, se est\u00e1n alfabetizando 104.827 estudiantes de primer y segundo grado; se est\u00e1n entregando m\u00e1s de 300 mil libros a 1700 escuelas; 7396 maestros de grado y directivos se forman y capacitan; y se conformaron 20 sedes de formaci\u00f3n. Adem\u00e1s, est\u00e1 previsto aplicar estrategias focalizadas para los ni\u00f1os de 3er grado en base a la Evaluaci\u00f3n Censal de Lectura realizada en 2024.&nbsp;<\/p>\n\n\n\n<figure class=\"wp-block-image\"><img decoding=\"async\" src=\"https:\/\/ci3.googleusercontent.com\/meips\/ADKq_NZyvziREw9x8yC-sCmStRv4AY2fUuOCBa6dqhSkZfIGQeQcYuTf7W4qahu0LwlnaH1XTW1_qm_Hp0JlivpzcAZB0wvoek-EE5aIe02eOVpmCBMyIdbjTK6tT7B0Hh5BHVpQrFyIblbAAAEf1N8=s0-d-e1-ft#https:\/\/www.santafe.gob.ar\/noticias\/recursos\/fotos\/2025\/04\/2025-04-07NID_282731O_4.jpeg\" alt=\"\"\/><\/figure>\n\n\n\n<p>Durante 2024, los n\u00fameros de Ra\u00edz fueron 53.400 estudiantes de primer grado alfabetizados; 4.400 maestros de grado y directivos formados y capacitados en alfabetizaci\u00f3n; 5.656 encuentros presenciales en los que se matricularon agentes; y 150 mil libros distribuidos para estudiantes y&nbsp; docentes.&nbsp;<\/p>\n\n\n\n<p>En la actividad estuvieron presentes, adem\u00e1s, la secretaria de Gesti\u00f3n Territorial Educativa, Daiana Gallo Ambrosis, la directora de la instituci\u00f3n, Gabriela Nocera, la Supervisora General de la Direcci\u00f3n Provincial de Educaci\u00f3n de Gesti\u00f3n Privada, Sandra Soazo y la coordinadora de Relaciones Gubernamentales de Argentinos por la Educaci\u00f3n, Agustina Lenzi, entre otras autoridades.<\/p>\n\n\n\n<p><\/p>\n","protected":false},"excerpt":{"rendered":"<p>Provincia avanza con el Plan de Alfabetizaci\u00f3n Ra\u00edz.<\/p>\n","protected":false},"author":1,"featured_media":45916,"comment_status":"open","ping_status":"open","sticky":false,"template":"","format":"image","meta":{"_jetpack_memberships_contains_paid_content":false,"footnotes":"","jetpack_publicize_message":"","jetpack_publicize_feature_enabled":true,"jetpack_social_post_already_shared":true,"jetpack_social_options":{"image_generator_settings":{"template":"highway","default_image_id":0,"enabled":false},"version":2}},"categories":[8,1,2,7,3],"tags":[11616,5030,8777,177,8640],"class_list":["post-45915","post","type-post","status-publish","format-image","has-post-thumbnail","hentry","category-deliberando","category-diario-armstrong","category-locales","category-politica","category-region","tag-alfabetizacion-raiz","tag-diario-armstrong","tag-lic-graciela-de-la-casa","tag-plan","tag-provincia-2","post_format-post-format-image"],"jetpack_publicize_connections":[],"jetpack_featured_media_url":"https:\/\/armstrongyregion.com.ar\/diario\/wp-content\/uploads\/2025\/04\/RAIZ-ALFABETIZACION-.jpg","jetpack_shortlink":"https:\/\/wp.me\/p62QDO-bWz","jetpack_sharing_enabled":true,"amp_enabled":true,"_links":{"self":[{"href":"https:\/\/armstrongyregion.com.ar\/diario\/wp-json\/wp\/v2\/posts\/45915","targetHints":{"allow":["GET"]}}],"collection":[{"href":"https:\/\/armstrongyregion.com.ar\/diario\/wp-json\/wp\/v2\/posts"}],"about":[{"href":"https:\/\/armstrongyregion.com.ar\/diario\/wp-json\/wp\/v2\/types\/post"}],"author":[{"embeddable":true,"href":"https:\/\/armstrongyregion.com.ar\/diario\/wp-json\/wp\/v2\/users\/1"}],"replies":[{"embeddable":true,"href":"https:\/\/armstrongyregion.com.ar\/diario\/wp-json\/wp\/v2\/comments?post=45915"}],"version-history":[{"count":1,"href":"https:\/\/armstrongyregion.com.ar\/diario\/wp-json\/wp\/v2\/posts\/45915\/revisions"}],"predecessor-version":[{"id":45917,"href":"https:\/\/armstrongyregion.com.ar\/diario\/wp-json\/wp\/v2\/posts\/45915\/revisions\/45917"}],"wp:featuredmedia":[{"embeddable":true,"href":"https:\/\/armstrongyregion.com.ar\/diario\/wp-json\/wp\/v2\/media\/45916"}],"wp:attachment":[{"href":"https:\/\/armstrongyregion.com.ar\/diario\/wp-json\/wp\/v2\/media?parent=45915"}],"wp:term":[{"taxonomy":"category","embeddable":true,"href":"https:\/\/armstrongyregion.com.ar\/diario\/wp-json\/wp\/v2\/categories?post=45915"},{"taxonomy":"post_tag","embeddable":true,"href":"https:\/\/armstrongyregion.com.ar\/diario\/wp-json\/wp\/v2\/tags?post=45915"}],"curies":[{"name":"wp","href":"https:\/\/api.w.org\/{rel}","templated":true}]}}