{"id":45908,"date":"2025-04-06T21:32:18","date_gmt":"2025-04-06T21:32:18","guid":{"rendered":"https:\/\/armstrongyregion.com.ar\/diario\/?p=45908"},"modified":"2025-04-06T21:32:20","modified_gmt":"2025-04-06T21:32:20","slug":"santa-fe-entra-en-modo-domingo-13-ultimos-dias-de-cara-a-las-elecciones","status":"publish","type":"post","link":"https:\/\/armstrongyregion.com.ar\/diario\/santa-fe-entra-en-modo-domingo-13-ultimos-dias-de-cara-a-las-elecciones\/","title":{"rendered":"Santa Fe entra en modo domingo 13: \u00faltimos d\u00edas de cara a las elecciones."},"content":{"rendered":"\n<figure class=\"wp-block-image size-large\"><img loading=\"lazy\" decoding=\"async\" width=\"640\" height=\"371\" src=\"http:\/\/armstrongyregion.com.ar\/diario\/wp-content\/uploads\/2025\/04\/ELECCIONES-13-ABRIL--640x371.jpg\" alt=\"\" class=\"wp-image-45909\" srcset=\"https:\/\/armstrongyregion.com.ar\/diario\/wp-content\/uploads\/2025\/04\/ELECCIONES-13-ABRIL--640x371.jpg 640w, https:\/\/armstrongyregion.com.ar\/diario\/wp-content\/uploads\/2025\/04\/ELECCIONES-13-ABRIL--300x174.jpg 300w, https:\/\/armstrongyregion.com.ar\/diario\/wp-content\/uploads\/2025\/04\/ELECCIONES-13-ABRIL--768x445.jpg 768w, https:\/\/armstrongyregion.com.ar\/diario\/wp-content\/uploads\/2025\/04\/ELECCIONES-13-ABRIL-.jpg 929w\" sizes=\"auto, (max-width: 640px) 100vw, 640px\" \/><\/figure>\n\n\n\n<h2 class=\"wp-block-heading\">La primera contienda electoral del a\u00f1o en el pa\u00eds ser\u00e1 la elecci\u00f3n de los 69 convencionales constituyentes que redactar\u00e1n la reforma de la Carta Magna. Unidos ante su primer desaf\u00edo desde la llegada al gobierno. Primera contienda provincial de La Libertad Avanza y el justicialismo dividido.<\/h2>\n\n\n\n<p><strong>Despu\u00e9s de 63 a\u00f1os<\/strong>&nbsp;y casi cuatro meses, el electorado santafesino regresar\u00e1 a las&nbsp;<a href=\"https:\/\/www.ellitoral.com\/politica\/elecciones-2025-candidatos-convencionales-constituyentes-reforma-constitucion-santafe-boletas-unicas-papel_0_Pcm2ZR1WzT.html\">urnas<\/a>&nbsp;para definir los 69 convencionales constituyentes que modificar\u00e1n parte de la&nbsp;<strong>Carta Magna sancionada el 14 de abril de 1962.<\/strong><\/p>\n\n\n\n<p>Ser\u00e1 la primera elecci\u00f3n argentina de 2025, proceso electoral que finalizar\u00e1 en octubre con la renovaci\u00f3n de la mitad de la C\u00e1mara de Diputados y un tercio del Senado de la Naci\u00f3n. En el medio, CABA y varias provincias resolvieron desenganchar las elecciones locales de las nacionales.<\/p>\n\n\n\n<p><a href=\"https:\/\/www.ellitoral.com\/politica\/santafe-provincia-elecciones-comicios-concurrentes-13-abril-vota-convencionales-constituyentes-reforma-constitucion-paso-concejales-intendentes_0_2HFepoXc4k.html\">El resultado electoral del 13<\/a>\u00a0ser\u00e1 mirado por todo el pa\u00eds pol\u00edtico ya que Santa Fe representa uno de los principales distritos en peso electoral. Pero adem\u00e1s gobierna un ecl\u00e9ctico frente electoral encabezado por\u00a0<strong>el radicalismo que volvi\u00f3 a la Casa Gris despu\u00e9s de 60 a\u00f1os.<\/strong><\/p>\n\n\n\n<p>Enfrente tendr\u00e1 a La Libertad Avanza en su primera experiencia provincial y un justicialismo dividido en al menos tres sectores. Otros siete frentes o alianzas tambi\u00e9n conforman la oferta electoral, varios de ellos con chances de sumar convencionales.<\/p>\n\n\n\n<p><strong>El umbral fue establecido en el 2,5% del padr\u00f3n, unos 71 mil votos.<\/strong>&nbsp;Es decir, quien obtenga ese piso entrar\u00e1 en el reparto del sistema D\u2019Hont por las 50 bancas.<\/p>\n\n\n\n<p>Con encuestas en observaci\u00f3n por el generalizado rechazo a responder telef\u00f3nicamente y con pocos trabajos de campo,\u00a0<a href=\"https:\/\/www.ellitoral.com\/politica\/elecciones-2025-reforma-constitucion-nombres-candidatos-distrito-unico-tribunal-electoral-pullaro-lewandowski-germana-figueroa-mayoraz_0_5MchmsqeTR.html\">gran parte de la pol\u00edtica parece navegar a ciegas hacia el acto comicial.<\/a><\/p>\n\n\n\n<h2 class=\"wp-block-heading\"><strong>El oficialismo<\/strong><\/h2>\n\n\n\n<p>La principal inc\u00f3gnita electoral la tiene el gobierno. Unidos sabe que el gobernador Maximiliano&nbsp;<a href=\"https:\/\/www.ellitoral.com\/tags\/maximiliano-pullaro\">Pullaro<\/a>&nbsp;a la cabeza de los candidatos a convencionales no alcanzar\u00e1 la cifra superior al mill\u00f3n de votos de septiembre de 2023.<\/p>\n\n\n\n<p>En Casa Gris hay confianza y en la \u00faltima semana insistir\u00e1n mucho en la obligatoriedad de la elecci\u00f3n. Entienden que los desencantados con Pullaro van a ir a expresar el rechazo en las urnas y deber\u00e1n optar entre varios candidatos. Docentes y un sector de estatales son los m\u00e1s activos en redes sociales pidiendo el rechazo al voto del gobernador.<\/p>\n\n\n\n<p>No obstante, hay un extenso e intensivo trabajo territorial que viene realizando Unidos desde hace varias semanas. El propio ministro de Gobierno, Fabi\u00e1n&nbsp;<a href=\"https:\/\/www.ellitoral.com\/temas\/fabian-bastia\">Bastia<\/a>, recorri\u00f3 varios veces los departamentos para reuniones con autoridades municipales y comunales. Lo hace siempre acompa\u00f1ado por legisladores del oficialismo. Es solo un ejemplo.<\/p>\n\n\n\n<p>La apuesta es que las listas locales -muchas de las que no competir\u00e1n el domingo por falta de internas- trabajen para traccionar el voto hacia arriba.<\/p>\n\n\n\n<p>El objetivo de Unidos es llegar a los 35 convencionales, llave para la reforma constitucional porque le asegurar\u00eda la mayor\u00eda a la hora de votar.<\/p>\n\n\n\n<h2 class=\"wp-block-heading\"><strong>La oposici\u00f3n<\/strong><\/h2>\n\n\n\n<p>En el justicialismo hay moderado optimismo. La primera gran duda electoral es qu\u00e9 frente ser\u00e1 el m\u00e1s votado. Marcelo&nbsp;<a href=\"https:\/\/www.ellitoral.com\/temas\/marcelo-lewandowski\">Lewandowski<\/a>&nbsp;(Activemos) o Juan&nbsp;<a href=\"https:\/\/www.ellitoral.com\/temas\/juan-monteverde\">Monteverde<\/a>&nbsp;(M\u00e1s para Santa Fe). Ambos est\u00e1n expectantes.<\/p>\n\n\n\n<p>La inc\u00f3gnita es si en la convenci\u00f3n actuar\u00e1n en conjunto o ir\u00e1n por caminos separados como en la campa\u00f1a. Otro justicialista, Roberto Sukerman (Pais) juega la patriada de llegar al umbral y sentarse en la mesa.<\/p>\n\n\n\n<p>Lewandowski realiza su tercera campa\u00f1a provincial y encabeza un frente donde adem\u00e1s del ex socialista Rub\u00e9n Giustiniani, logr\u00f3 sumar a intendentes justicialistas, dirigentes gremiales e independientes. Monteverde, en cambio, desde un partido distrital rosarino, encabeza la oferta oficial del peronismo santafesino.<\/p>\n\n\n\n<p>\u00bfServir\u00e1 la elecci\u00f3n para empezar a unir al justicialismo a\u00fan golpeado por la p\u00e9rdida del gobierno provincial y de muchos municipios y comunas en el 2023?. Omar\u00a0<a href=\"https:\/\/www.ellitoral.com\/temas\/omar-perotti\">Perotti<\/a>\u00a0habilit\u00f3 la\u00a0<a href=\"https:\/\/www.ellitoral.com\/tags\/reforma-constitucional-en-santa-fe\">reforma de la Constituci\u00f3n<\/a>\u00a0en la C\u00e1mara de Diputados pero luego decidi\u00f3 no participar de la elecci\u00f3n.<\/p>\n\n\n\n<p>Tampoco est\u00e1n los principales dirigentes de su sector en las boletas. Ahora espera el resultado electoral y entiende que hacia el 2027, la provincia se disputar\u00e1 entre tres grandes frentes electorales.<\/p>\n\n\n\n<p>Hay optimismo en La Libertad Avanza que tendr\u00e1 su debut electoral en una elecci\u00f3n santafesina. Logr\u00f3 dos diputados nacionales de la mano de Javier&nbsp;<a href=\"https:\/\/www.ellitoral.com\/tags\/javier-milei\">Milei&nbsp;<\/a>pero no estuvo en las boletas electorales del 2023. \u00bfCu\u00e1nto pesa la marca?. \u201cPara nosotros es todo ganancia\u201d repiten sus dirigentes que cerrar\u00e1n el martes la campa\u00f1a en Santa Fe con Patricia&nbsp;<a href=\"https:\/\/www.ellitoral.com\/temas\/patricia-bullrich\">Bullrich<\/a>&nbsp;y Karina Milei.<\/p>\n\n\n\n<p>El oficialismo nacional trabaj\u00f3 fuerte el concepto de unicameralidad para hacerse sentir en los dos grandes centros urbanos donde el rol del Senado se diluye. No importa que el tema en s\u00ed no est\u00e9 habilitado, vale como eslogan.<\/p>\n\n\n\n<p>\u00bfEl avance de La Libertad Avanza le quita votos a Somos Vida y Libertad (Amalia Granata)?. Tambi\u00e9n all\u00ed est\u00e1n presentes las diferencias entre Nicol\u00e1s&nbsp;<a href=\"https:\/\/www.ellitoral.com\/temas\/nicolas-mayoraz\">Mayoraz<\/a>&nbsp;y Granata que en 2019 llegaron en una boleta com\u00fan, con el pa\u00f1uelo celeste, a la Legislatura y a los pocos meses tomaron caminos diferentes. Parecen competir por el mismo electorado.<\/p>\n\n\n\n<p>El Frente Amplio Progresista apuesta a ganar votos entre sectores de izquierda y votantes arrepentidos de Unidos. No pocos candidatos del sector formaron parte de los gobiernos del Frente Progresista.<\/p>\n\n\n\n<p>La izquierda tradicional (Frente de Izquierda Unidad); una medi\u00e1tica boxeadora (Frente de la Esperanza); pueblos originarios (Confluencia Santafesina) m\u00e1s Acuerdo Ciudadano y el Partido Moderado, completan la oferta en la boleta.<\/p>\n\n\n\n<p>De esa boleta con doce listas saldr\u00e1n 50 convencionales. Los restantes llegar\u00e1n uno por departamentos con historias pol\u00edticas propias en cada uno de ellos.<\/p>\n\n\n\n<p>Resta la \u00faltima semana de campa\u00f1a que adem\u00e1s se encontrar\u00e1 con el paro de la CGT del jueves, justo en el d\u00eda de cierre.<\/p>\n\n\n\n<p>El Litoral.com<\/p>\n","protected":false},"excerpt":{"rendered":"<p>Santa Fe entra en modo domingo 13: \u00faltimos d\u00edas de cara a las elecciones.<\/p>\n","protected":false},"author":1,"featured_media":45909,"comment_status":"open","ping_status":"open","sticky":false,"template":"","format":"image","meta":{"_jetpack_memberships_contains_paid_content":false,"footnotes":"","jetpack_publicize_message":"","jetpack_publicize_feature_enabled":true,"jetpack_social_post_already_shared":true,"jetpack_social_options":{"image_generator_settings":{"template":"highway","default_image_id":0,"enabled":false},"version":2}},"categories":[8,1,2,7,3],"tags":[10482,11446,9924,1467,8495,11615,3381],"class_list":["post-45908","post","type-post","status-publish","format-image","has-post-thumbnail","hentry","category-deliberando","category-diario-armstrong","category-locales","category-politica","category-region","tag-13-de-abril","tag-convencionales-constituyentes","tag-diario-armstrong-y-region-2","tag-domingo","tag-elecciones-2","tag-modo","tag-santa-fe","post_format-post-format-image"],"jetpack_publicize_connections":[],"jetpack_featured_media_url":"https:\/\/armstrongyregion.com.ar\/diario\/wp-content\/uploads\/2025\/04\/ELECCIONES-13-ABRIL-.jpg","jetpack_shortlink":"https:\/\/wp.me\/p62QDO-bWs","jetpack_sharing_enabled":true,"amp_enabled":true,"_links":{"self":[{"href":"https:\/\/armstrongyregion.com.ar\/diario\/wp-json\/wp\/v2\/posts\/45908","targetHints":{"allow":["GET"]}}],"collection":[{"href":"https:\/\/armstrongyregion.com.ar\/diario\/wp-json\/wp\/v2\/posts"}],"about":[{"href":"https:\/\/armstrongyregion.com.ar\/diario\/wp-json\/wp\/v2\/types\/post"}],"author":[{"embeddable":true,"href":"https:\/\/armstrongyregion.com.ar\/diario\/wp-json\/wp\/v2\/users\/1"}],"replies":[{"embeddable":true,"href":"https:\/\/armstrongyregion.com.ar\/diario\/wp-json\/wp\/v2\/comments?post=45908"}],"version-history":[{"count":1,"href":"https:\/\/armstrongyregion.com.ar\/diario\/wp-json\/wp\/v2\/posts\/45908\/revisions"}],"predecessor-version":[{"id":45910,"href":"https:\/\/armstrongyregion.com.ar\/diario\/wp-json\/wp\/v2\/posts\/45908\/revisions\/45910"}],"wp:featuredmedia":[{"embeddable":true,"href":"https:\/\/armstrongyregion.com.ar\/diario\/wp-json\/wp\/v2\/media\/45909"}],"wp:attachment":[{"href":"https:\/\/armstrongyregion.com.ar\/diario\/wp-json\/wp\/v2\/media?parent=45908"}],"wp:term":[{"taxonomy":"category","embeddable":true,"href":"https:\/\/armstrongyregion.com.ar\/diario\/wp-json\/wp\/v2\/categories?post=45908"},{"taxonomy":"post_tag","embeddable":true,"href":"https:\/\/armstrongyregion.com.ar\/diario\/wp-json\/wp\/v2\/tags?post=45908"}],"curies":[{"name":"wp","href":"https:\/\/api.w.org\/{rel}","templated":true}]}}