{"id":45902,"date":"2025-04-06T20:00:33","date_gmt":"2025-04-06T20:00:33","guid":{"rendered":"https:\/\/armstrongyregion.com.ar\/diario\/?p=45902"},"modified":"2025-04-06T20:08:36","modified_gmt":"2025-04-06T20:08:36","slug":"departamento-belgrano-seguridad-reforzada-con-nueva-tecnologia-y-el-sistema-911","status":"publish","type":"post","link":"https:\/\/armstrongyregion.com.ar\/diario\/departamento-belgrano-seguridad-reforzada-con-nueva-tecnologia-y-el-sistema-911\/","title":{"rendered":"Departamento Belgrano: Seguridad reforzada con nueva tecnolog\u00eda y el sistema 911."},"content":{"rendered":"\n<figure class=\"wp-block-image size-large\"><img loading=\"lazy\" decoding=\"async\" width=\"640\" height=\"449\" src=\"http:\/\/armstrongyregion.com.ar\/diario\/wp-content\/uploads\/2025\/04\/SISTEMA-COMUNIC.DIGITAL--640x449.jpg\" alt=\"\" class=\"wp-image-45906\" srcset=\"https:\/\/armstrongyregion.com.ar\/diario\/wp-content\/uploads\/2025\/04\/SISTEMA-COMUNIC.DIGITAL--640x449.jpg 640w, https:\/\/armstrongyregion.com.ar\/diario\/wp-content\/uploads\/2025\/04\/SISTEMA-COMUNIC.DIGITAL--300x210.jpg 300w, https:\/\/armstrongyregion.com.ar\/diario\/wp-content\/uploads\/2025\/04\/SISTEMA-COMUNIC.DIGITAL--768x539.jpg 768w, https:\/\/armstrongyregion.com.ar\/diario\/wp-content\/uploads\/2025\/04\/SISTEMA-COMUNIC.DIGITAL-.jpg 800w\" sizes=\"auto, (max-width: 640px) 100vw, 640px\" \/><\/figure>\n\n\n\n<h2 class=\"wp-block-heading\">El Ministro de Seguridad provincial y el Senador Verdecchia anunciaron la implementaci\u00f3n de un avanzado sistema tecnol\u00f3gico que incluye la activaci\u00f3n del 911 y el sistema Tetra, prometiendo una respuesta policial m\u00e1s r\u00e1pida y eficiente.<\/h2>\n\n\n\n<figure class=\"wp-block-embed is-type-video is-provider-youtube wp-block-embed-youtube wp-embed-aspect-16-9 wp-has-aspect-ratio\"><div class=\"wp-block-embed__wrapper\">\n<iframe loading=\"lazy\" title=\"Seguridad reforzada con nueva tecnolog\u00eda y el sistema 911 para el departamento Belgrano - Santa Fe\" width=\"800\" height=\"450\" src=\"https:\/\/www.youtube.com\/embed\/2rAkWmw9Owo?feature=oembed\" frameborder=\"0\" allow=\"accelerometer; autoplay; clipboard-write; encrypted-media; gyroscope; picture-in-picture; web-share\" referrerpolicy=\"strict-origin-when-cross-origin\" allowfullscreen><\/iframe>\n<\/div><\/figure>\n\n\n\n<h3 class=\"wp-block-heading\">Innovaci\u00f3n tecnol\u00f3gica para una seguridad m\u00e1s eficiente<\/h3>\n\n\n\n<p>El Senador Verdecchia expres\u00f3 su agradecimiento al Ministro por llevar estas mejoras al interior de la provincia:&nbsp;<em>\u00abPara m\u00ed y como para cada uno de los vecinos del Departamento, poder lograr que un ordenamiento de la Fuerza de Seguridad a la hora de tratar cada uno de los delitos, cada una de las llamadas de nuestros vecinos es fundamental\u00bb.&nbsp;<\/em>Subray\u00f3 que este trabajo, que comenz\u00f3 en las grandes ciudades, ahora se extiende al interior, siendo crucial para que el Departamento Belgrano alcance el nivel de seguridad que necesita.<\/p>\n\n\n\n<blockquote class=\"wp-block-quote is-layout-flow wp-block-quote-is-layout-flow\">\n<p><strong>Verdecchia:<\/strong>&nbsp;\u00abPara m\u00ed y como para cada uno de los vecinos del Departamento, poder lograr que un ordenamiento de la Fuerza de Seguridad a la hora de tratar cada uno de los delitos, cada una de las llamadas de nuestros vecinos es fundamental\u00bb&nbsp;<\/p>\n<\/blockquote>\n\n\n\n<p>Por su parte, el Ministro explic\u00f3 que esta iniciativa es posible gracias a la&nbsp;<em>\u00abenorme inversi\u00f3n en infraestructura que est\u00e1 llevando adelante el Gobierno de la provincia a trav\u00e9s del Ministerio de Gobierno e Innovaci\u00f3n\u00bb.&nbsp;<\/em>Desde la cartera de Seguridad, se aprovecha esta infraestructura tecnol\u00f3gica y de comunicaciones para modernizar los m\u00e9todos de policiamiento, las comunicaciones policiales y la atenci\u00f3n de emergencias.<\/p>\n\n\n\n<h3 class=\"wp-block-heading\">Extensi\u00f3n del modelo exitoso de Rosario y Santa Fe<\/h3>\n\n\n\n<p>Coccocioni destac\u00f3 que el modelo de funcionamiento policial que se implementar\u00e1 en departamento Belgrano ya ha demostrado su eficacia en ciudades como Rosario y Santa Fe.&nbsp;<em>\u00abGradualmente se est\u00e1 extendiendo conforme los recursos tecnol\u00f3gicos de base nos lo permiten, con el mandato muy claro de nuestro Gobernador de que hasta el \u00faltimo rinc\u00f3n de la provincia, queremos atender y mejorar la seguridad de la gente\u00bb,<\/em>&nbsp;afirm\u00f3. Este compromiso abarca no solo las grandes ciudades, sino tambi\u00e9n los departamentos del interior, las zonas rurales, los corredores viales y los accesos cr\u00edticos a la provincia.<\/p>\n\n\n\n<p>Un avance clave para el Departamento Belgrano es la pr\u00f3xima puesta en funcionamiento oficial de una nueva antena del sistema Tetra en la localidad de Las Rosas.<em>&nbsp;\u00abFalta una certificaci\u00f3n nom\u00e1s\u00bb<\/em>, indic\u00f3 el Ministro, se\u00f1alando que esta infraestructura permitir\u00e1 cubrir pr\u00e1cticamente todo el territorio y los principales n\u00facleos poblacionales del departamento con tecnolog\u00eda de punta.<\/p>\n\n\n\n<h3 class=\"wp-block-heading\">Beneficios concretos: del 911 al an\u00e1lisis criminal<\/h3>\n\n\n\n<p>La implementaci\u00f3n del sistema Tetra habilitar\u00e1 plenamente el servicio de emergencias 911 en el Departamento Belgrano. Adem\u00e1s, la informaci\u00f3n centralizada a trav\u00e9s de este sistema permitir\u00e1 profundizar el an\u00e1lisis criminal.&nbsp;<em>\u00abEs decir, para ordenar el despliegue policial y para controlar la efectividad del trabajo policial, partir de informaci\u00f3n fidedigna sobre qu\u00e9 est\u00e1 pasando en el territorio\u00bb,<\/em>&nbsp;explic\u00f3 el Ministro. Esto incluye datos sobre qu\u00e9 demanda la ciudadan\u00eda, qu\u00e9 delitos se cometen, a qu\u00e9 hora y d\u00f3nde, basados en estad\u00edsticas generadas por el sistema.<\/p>\n\n\n\n<p>Esta informaci\u00f3n objetiva permitir\u00e1 a las \u00e1reas de seguridad p\u00fablica asignar y reordenar recursos de manera m\u00e1s eficiente, controlando tanto el despliegue como la operatividad policial. El Ministro resalt\u00f3 que el sistema permite monitorear indicadores clave de la productividad policial, como identificaciones de personas, consultas a sistemas de antecedentes, detenciones, secuestros de armas y estupefacientes, y requisas. Estos datos servir\u00e1n para evaluar y mejorar el trabajo policial de manera peri\u00f3dica.<\/p>\n\n\n\n<h3 class=\"wp-block-heading\">Un antes y un despu\u00e9s: la medici\u00f3n del impacto<\/h3>\n\n\n\n<p>El Ministro subray\u00f3 que el sistema genera una&nbsp;<em>\u00abl\u00ednea de base\u00bb&nbsp;<\/em>desde el momento de su implementaci\u00f3n, permitiendo comparar la situaci\u00f3n antes y despu\u00e9s. Puso como ejemplo el caso de Rosario, donde al inicio de la actual gesti\u00f3n, el tiempo promedio de respuesta del 911 era superior a los 20 minutos, mientras que hoy se sit\u00faa en 7 minutos y 15 segundos. \u00abEso, por ejemplo, es un comparativo que se hace en algunos casos semana a semana, mes tras mes, justamente para evaluar los resultados de las pol\u00edticas p\u00fablicas implementadas\u00bb, afirm\u00f3. Esta medici\u00f3n constante permite identificar \u00e1reas donde es necesario fortalecer o reasignar recursos.<\/p>\n\n\n\n<blockquote class=\"wp-block-quote is-layout-flow wp-block-quote-is-layout-flow\">\n<p>&nbsp;El Ministro&nbsp; Coccocioni puso como ejemplo el caso de Rosario, donde al inicio de la actual gesti\u00f3n, el tiempo promedio de respuesta del 911 era superior a los 20 minutos, mientras que hoy se sit\u00faa en 7 minutos y 15 segundos.<\/p>\n<\/blockquote>\n\n\n\n<h3 class=\"wp-block-heading\">Respuestas a las demandas ciudadanas<\/h3>\n\n\n\n<p>El Senador Verdecchia reconoci\u00f3 que actualmente existe una preocupaci\u00f3n en la comunidad respecto a la coordinaci\u00f3n policial y los tiempos de respuesta. En este sentido, ambos coincidieron en que la implementaci\u00f3n de este nuevo sistema tecnol\u00f3gico dar\u00e1 una respuesta m\u00e1s inmediata y eficiente a estas demandas.<\/p>\n\n\n\n<p>El Ministro enfatiz\u00f3 que este sistema marca un cambio en la forma en que se controla la actividad policial, bas\u00e1ndose en informaci\u00f3n fidedigna en lugar de opiniones subjetivas.&nbsp;<em>\u00abLa implementaci\u00f3n plena del sistema 911 te da informaci\u00f3n fidedigna, real, y que te permite que, digamos, la era de la cuesti\u00f3n opinable en indicadores de seguridad se termin\u00f3\u00bb,<\/em>&nbsp;sentenci\u00f3. Si bien la percepci\u00f3n individual de seguridad es importante, los datos objetivos proporcionados por el sistema permitir\u00e1n tener una visi\u00f3n m\u00e1s clara y precisa de la situaci\u00f3n.<\/p>\n\n\n\n<h3 class=\"wp-block-heading\">Atenci\u00f3n a la zona rural y coordinaci\u00f3n con sistemas locales<\/h3>\n\n\n\n<p>Ante la consulta sobre la seguridad en la extensa zona rural del Departamento Belgrano, el Ministro aclar\u00f3 que este sistema est\u00e1 m\u00e1s enfocado en \u00e1reas urbanas. Sin embargo, anunci\u00f3 la puesta en marcha de un programa de seguridad rural en conjunto con la fiscal\u00eda y las entidades del agro, que incluye un sistema online de denuncias de robo de ganado y maquinarias.<\/p>\n\n\n\n<p>En relaci\u00f3n al sistema de videovigilancia municipal ya existente en Las Parejas, el Ministro explic\u00f3 que estos sistemas locales son complementarios al trabajo del 911. Se buscar\u00e1 la coordinaci\u00f3n para que la informaci\u00f3n visual pueda ser utilizada por la polic\u00eda al momento de intervenir en una emergencia.&nbsp;<em>\u00abNormalmente esto desemboca en una coordinaci\u00f3n para que, a la par de la llamada del ciudadano, podamos tener un contacto que nos pase o detecte de oficio infracciones a la seguridad o a la convivencia\u00bb,<\/em>&nbsp;detall\u00f3.<\/p>\n\n\n\n<h3 class=\"wp-block-heading\">Transparencia y comunicaci\u00f3n con la ciudadan\u00eda<\/h3>\n\n\n\n<p>Finalmente, ante la pregunta sobre si los resultados de este nuevo sistema se dar\u00e1n a conocer a la ciudadan\u00eda, el Ministro de Seguridad afirm\u00f3 que s\u00ed.&nbsp;<em>\u00abLa gran ventaja de este sistema es que, de alguna manera, supera la \u00e9poca en la que todo es opini\u00f3n. La opini\u00f3n siempre es respetable y la percepci\u00f3n ciudadana es algo que nosotros tenemos en cuenta. Ahora, donde nosotros tenemos un dato objetivo e incontrastable, esa cuesti\u00f3n deja de estar sujeta a la opini\u00f3n y empieza a regir el conocimiento\u00bb<\/em>, explic\u00f3.<\/p>\n\n\n\n<p><strong>Fuente: 4TV Las Rosas &#8211; Periodista: Juan M. L\u00f3pez<\/strong><\/p>\n","protected":false},"excerpt":{"rendered":"<p>Departamento Belgrano: Seguridad reforzada con nueva tecnolog\u00eda y el sistema 911.<\/p>\n","protected":false},"author":1,"featured_media":45906,"comment_status":"open","ping_status":"open","sticky":false,"template":"","format":"image","meta":{"_jetpack_memberships_contains_paid_content":false,"footnotes":"","jetpack_publicize_message":"","jetpack_publicize_feature_enabled":true,"jetpack_social_post_already_shared":true,"jetpack_social_options":{"image_generator_settings":{"template":"highway","default_image_id":0,"enabled":false},"version":2}},"categories":[8,1,2,2852,7,3],"tags":[11611,5030,10721,8777,10798,275,11612,8991,11614,11613],"class_list":["post-45902","post","type-post","status-publish","format-image","has-post-thumbnail","hentry","category-deliberando","category-diario-armstrong","category-locales","category-policiales","category-politica","category-region","tag-depatamento-belgrano","tag-diario-armstrong","tag-diario-armstrong-region","tag-lic-graciela-de-la-casa","tag-lic-graciela-de-la-casa-4","tag-nueva","tag-reforada","tag-seguridad-2","tag-siestema-911","tag-tecnologia-3","post_format-post-format-image"],"jetpack_publicize_connections":[],"jetpack_featured_media_url":"https:\/\/armstrongyregion.com.ar\/diario\/wp-content\/uploads\/2025\/04\/SISTEMA-COMUNIC.DIGITAL-.jpg","jetpack_shortlink":"https:\/\/wp.me\/p62QDO-bWm","jetpack_sharing_enabled":true,"amp_enabled":true,"_links":{"self":[{"href":"https:\/\/armstrongyregion.com.ar\/diario\/wp-json\/wp\/v2\/posts\/45902","targetHints":{"allow":["GET"]}}],"collection":[{"href":"https:\/\/armstrongyregion.com.ar\/diario\/wp-json\/wp\/v2\/posts"}],"about":[{"href":"https:\/\/armstrongyregion.com.ar\/diario\/wp-json\/wp\/v2\/types\/post"}],"author":[{"embeddable":true,"href":"https:\/\/armstrongyregion.com.ar\/diario\/wp-json\/wp\/v2\/users\/1"}],"replies":[{"embeddable":true,"href":"https:\/\/armstrongyregion.com.ar\/diario\/wp-json\/wp\/v2\/comments?post=45902"}],"version-history":[{"count":2,"href":"https:\/\/armstrongyregion.com.ar\/diario\/wp-json\/wp\/v2\/posts\/45902\/revisions"}],"predecessor-version":[{"id":45907,"href":"https:\/\/armstrongyregion.com.ar\/diario\/wp-json\/wp\/v2\/posts\/45902\/revisions\/45907"}],"wp:featuredmedia":[{"embeddable":true,"href":"https:\/\/armstrongyregion.com.ar\/diario\/wp-json\/wp\/v2\/media\/45906"}],"wp:attachment":[{"href":"https:\/\/armstrongyregion.com.ar\/diario\/wp-json\/wp\/v2\/media?parent=45902"}],"wp:term":[{"taxonomy":"category","embeddable":true,"href":"https:\/\/armstrongyregion.com.ar\/diario\/wp-json\/wp\/v2\/categories?post=45902"},{"taxonomy":"post_tag","embeddable":true,"href":"https:\/\/armstrongyregion.com.ar\/diario\/wp-json\/wp\/v2\/tags?post=45902"}],"curies":[{"name":"wp","href":"https:\/\/api.w.org\/{rel}","templated":true}]}}