{"id":45899,"date":"2025-04-06T19:43:31","date_gmt":"2025-04-06T19:43:31","guid":{"rendered":"https:\/\/armstrongyregion.com.ar\/diario\/?p=45899"},"modified":"2025-04-06T19:43:33","modified_gmt":"2025-04-06T19:43:33","slug":"las-juventudes-exigen-protagonismo-en-la-nueva-constitucion","status":"publish","type":"post","link":"https:\/\/armstrongyregion.com.ar\/diario\/las-juventudes-exigen-protagonismo-en-la-nueva-constitucion\/","title":{"rendered":"Las juventudes exigen protagonismo en la nueva Constituci\u00f3n."},"content":{"rendered":"\n<figure class=\"wp-block-image size-large\"><img loading=\"lazy\" decoding=\"async\" width=\"640\" height=\"428\" src=\"http:\/\/armstrongyregion.com.ar\/diario\/wp-content\/uploads\/2025\/04\/Juventud-Socialista-123-640x428.jpg\" alt=\"\" class=\"wp-image-45900\" srcset=\"https:\/\/armstrongyregion.com.ar\/diario\/wp-content\/uploads\/2025\/04\/Juventud-Socialista-123-640x428.jpg 640w, https:\/\/armstrongyregion.com.ar\/diario\/wp-content\/uploads\/2025\/04\/Juventud-Socialista-123-300x200.jpg 300w, https:\/\/armstrongyregion.com.ar\/diario\/wp-content\/uploads\/2025\/04\/Juventud-Socialista-123-768x513.jpg 768w, https:\/\/armstrongyregion.com.ar\/diario\/wp-content\/uploads\/2025\/04\/Juventud-Socialista-123.jpg 808w\" sizes=\"auto, (max-width: 640px) 100vw, 640px\" \/><\/figure>\n\n\n\n<h2 class=\"wp-block-heading\"><em>En un encuentro denominado \u201cRelab. Laboratorio de la Reforma\u201d realizado en la ciudad de Santa Fe, j\u00f3venes socialistas llegados de distintos puntos de la provincia debatieron junto a referentes partidarios sobre las oportunidades, desaf\u00edos y el rol a jugar de cara al proceso que se pone en marcha a partir de las elecciones del 13 de abril pr\u00f3ximo.<\/em><\/h2>\n\n\n\n<p>En un encuentro denominado \u201cRelab. Laboratorio de la Reforma\u201d realizado en la ciudad de Santa Fe, j\u00f3venes socialistas llegados de distintos puntos de la provincia analizaron realidades, desaf\u00edos y el rol a jugar de cara a las elecciones del 13 de abril y al proceso que se pone en marcha a partir de entonces. Lo hicieron junto a los principales referentes provinciales, algunos de los cuales integran la lista de Unidos, que encabeza el gobernador Maximiliano Pullaro.<\/p>\n\n\n\n<p>Uno de ellos, Paco Garibaldi, actual senador y candidato a convencional constituyente por el Departamento La Capital, celebr\u00f3 el compromiso demostrado por los j\u00f3venes para \u201cintercambiar opiniones sobre el debate de los debates que es la reforma de la Constituci\u00f3n provincial, cuyo impacto se va a sentir durante las pr\u00f3ximas d\u00e9cadas. Por eso decimos \u2013remarc\u00f3 el legislador-, que no se trata de adaptar el pasado a la actualidad sino de aprovechar el presente para mirar hacia adelante, y qu\u00e9 mejor manera de hacerlo si no es con los j\u00f3venes. Hoy los escuchamos, fueron protagonistas y vimos las maneras de que lo sean siempre. No tiene que haber un art\u00edculo determinado que se refiera a los j\u00f3venes, sino que el esp\u00edritu de la Constituci\u00f3n debe ser joven. Esto significa incorporar miradas nuevas y distintas para los desaf\u00edos que tenemos hace mucho tiempo\u201d.<\/p>\n\n\n\n<p>En tanto, la diputada provincial y tambi\u00e9n candidata a convencional constituyente Lionella Cattalini valor\u00f3 la posibilidad de \u201cdebatir junto a los j\u00f3venes c\u00f3mo lograr una Constituci\u00f3n cercana a las juventudes. Es un plan a futuro donde ellos tienen que ser los protagonistas, no solo en lo que hace a derechos y oportunidades, sino en c\u00f3mo hacemos una Constituci\u00f3n para el futuro, que refleje los cambios tecnol\u00f3gicos que estamos viviendo, como inteligencia artificial y derechos digitales. En su momento \u2013record\u00f3- la experiencia del Gabinete Joven fue una clave para pensar herramientas que nos acerquen a la gente, con un Estado m\u00e1s moderno y transparente\u201d.<\/p>\n\n\n\n<p>Por su parte, la presidenta de la C\u00e1mara de Diputadas y Diputados, Clara Garc\u00eda, se\u00f1al\u00f3: \u201cA los socialistas nos gusta que los j\u00f3venes est\u00e9n presentes y sean protagonistas, que se encuentren y su voz se haga sentir. Por eso queremos conocer sus sue\u00f1os, sus valoraciones, los derechos que reclaman. La actual Constituci\u00f3n tiene m\u00e1s de 60 a\u00f1os, solo hubo entonces una convencional mujer y eso ya nos da la pauta de que no hab\u00eda derechos para la mujer, las juventudes, ni se hablaba del ambiente, la seguridad, la diversidad, el primer empleo, ni tantas otras cuestiones que son importantes para los j\u00f3venes. Este encuentro es para escuchar a las j\u00f3venes y los j\u00f3venes y que sus voces est\u00e9n presentes en la pr\u00f3xima Constituci\u00f3n de Santa Fe\u201d.<\/p>\n\n\n\n<p>La presidenta de la Juventud Socialista de Santa Fe, Bianca Scalenghe, llam\u00f3 a \u201cuna reforma innovadora, donde est\u00e9n representadas las juventudes de todo el territorio santafesino. No solo con candidatos a convencionales j\u00f3venes sino con el compromiso de los referentes m\u00e1ximos de los partidos de escuchar las voces, ideas y proyectos de los j\u00f3venes\u201d.<\/p>\n\n\n\n<p>Adem\u00e1s estuvieron presentes Joaqu\u00edn Blanco, Gisel Mahmud, Gino Svegliatti y Ezequiel Costamagna, candidatos a convencionales constituyentes. Tambi\u00e9n participaron de la actividad los diputados provinciales Rub\u00e9n Galassi, Varinia Drisun y Mariano Cuvertino, al igual que Eugenio Serafino, candidato a concejal de Santa Fe.<\/p>\n\n\n\n<p>Al cierre del encuentro se firm\u00f3 un compromiso para defender e impulsar las cuestiones discutidas en el encuentro en la futura Convenci\u00f3n Constituyente.<\/p>\n","protected":false},"excerpt":{"rendered":"<p>Las juventudes exigen protagonismo en la nueva Constituci\u00f3n.<\/p>\n","protected":false},"author":1,"featured_media":45900,"comment_status":"open","ping_status":"open","sticky":false,"template":"","format":"image","meta":{"_jetpack_memberships_contains_paid_content":false,"footnotes":"","jetpack_publicize_message":"","jetpack_publicize_feature_enabled":true,"jetpack_social_post_already_shared":true,"jetpack_social_options":{"image_generator_settings":{"template":"highway","default_image_id":0,"enabled":false},"version":2}},"categories":[8,1,2,7,3],"tags":[11239,5030,11609,4373,8777,275,11610],"class_list":["post-45899","post","type-post","status-publish","format-image","has-post-thumbnail","hentry","category-deliberando","category-diario-armstrong","category-locales","category-politica","category-region","tag-constitucion","tag-diario-armstrong","tag-exigen","tag-juventudes","tag-lic-graciela-de-la-casa","tag-nueva","tag-protagonismo","post_format-post-format-image"],"jetpack_publicize_connections":[],"jetpack_featured_media_url":"https:\/\/armstrongyregion.com.ar\/diario\/wp-content\/uploads\/2025\/04\/Juventud-Socialista-123.jpg","jetpack_shortlink":"https:\/\/wp.me\/p62QDO-bWj","jetpack_sharing_enabled":true,"amp_enabled":true,"_links":{"self":[{"href":"https:\/\/armstrongyregion.com.ar\/diario\/wp-json\/wp\/v2\/posts\/45899","targetHints":{"allow":["GET"]}}],"collection":[{"href":"https:\/\/armstrongyregion.com.ar\/diario\/wp-json\/wp\/v2\/posts"}],"about":[{"href":"https:\/\/armstrongyregion.com.ar\/diario\/wp-json\/wp\/v2\/types\/post"}],"author":[{"embeddable":true,"href":"https:\/\/armstrongyregion.com.ar\/diario\/wp-json\/wp\/v2\/users\/1"}],"replies":[{"embeddable":true,"href":"https:\/\/armstrongyregion.com.ar\/diario\/wp-json\/wp\/v2\/comments?post=45899"}],"version-history":[{"count":1,"href":"https:\/\/armstrongyregion.com.ar\/diario\/wp-json\/wp\/v2\/posts\/45899\/revisions"}],"predecessor-version":[{"id":45901,"href":"https:\/\/armstrongyregion.com.ar\/diario\/wp-json\/wp\/v2\/posts\/45899\/revisions\/45901"}],"wp:featuredmedia":[{"embeddable":true,"href":"https:\/\/armstrongyregion.com.ar\/diario\/wp-json\/wp\/v2\/media\/45900"}],"wp:attachment":[{"href":"https:\/\/armstrongyregion.com.ar\/diario\/wp-json\/wp\/v2\/media?parent=45899"}],"wp:term":[{"taxonomy":"category","embeddable":true,"href":"https:\/\/armstrongyregion.com.ar\/diario\/wp-json\/wp\/v2\/categories?post=45899"},{"taxonomy":"post_tag","embeddable":true,"href":"https:\/\/armstrongyregion.com.ar\/diario\/wp-json\/wp\/v2\/tags?post=45899"}],"curies":[{"name":"wp","href":"https:\/\/api.w.org\/{rel}","templated":true}]}}